{"id":30698,"date":"2021-07-07T17:56:58","date_gmt":"2021-07-07T20:56:58","guid":{"rendered":"https:\/\/www.rivera.gub.uy\/portal\/?p=30698"},"modified":"2021-07-07T17:56:58","modified_gmt":"2021-07-07T20:56:58","slug":"se-busca-el-fortalecimiento-de-los-proyectos-centros-barriales-y-viviendas-sociales","status":"publish","type":"post","link":"https:\/\/www.rivera.gub.uy\/portal\/se-busca-el-fortalecimiento-de-los-proyectos-centros-barriales-y-viviendas-sociales\/","title":{"rendered":"Se busca el fortalecimiento de los proyectos Centros Barriales y Viviendas Sociales"},"content":{"rendered":"<p>El intendente Departamental de Rivera, Cr. Richard Sander Dar\u00edn, acompa\u00f1ado de los directores generales de Obras y el de Promoci\u00f3n y Acci\u00f3n Social, la directora de la Unidad Coordinadora de Asuntos Sociales y Comunitarios, el director de los Centros Barriales, mantuvo una importante reuni\u00f3n de trabajo con el exMinistro de Desarrollo Social, Pablo Bartol.<!--more--><\/p>\n<p>El director general de P.A.S, Cr. Giovani Conti, destac\u00f3 la importancia de la reuni\u00f3n al contar con Bartol, quien tiene experiencia en pol\u00edticas sociales.\u00a0 La invitaci\u00f3n es para que conozca el trabajo que realiza la Intendencia, \u201cen particular dos proyectos, el programa de Centros Barriales y el de Viviendas Sociales\u201d. Conti inform\u00f3 que fue elevada la invitaci\u00f3n a Bartol, para que vuelque sus experiencias en ambos proyectos.<\/p>\n<p>&nbsp;<\/p>\n\r\n\t<div class=\"msacwl-slider-wrap msacwl-row-clearfix \" data-conf=\"{&quot;autoplay&quot;:&quot;true&quot;,&quot;autoplay_speed&quot;:3000,&quot;speed&quot;:300,&quot;arrows&quot;:&quot;true&quot;,&quot;dots&quot;:&quot;true&quot;,&quot;lazyload&quot;:&quot;&quot;}\">\r\n\t\t<div id=\"msacwl-slider-1\" class=\"msacwl-slider msacwl-common-slider msacwl-slider-popup\">\r\n\t\t\t\t\t\t<div class=\"msacwl-slide\" data-item-index=\"1\" >\r\n\t\t\t\t<a class=\"msacwl-img-link\" href=\"javascript:void(0);\" data-mfp-src=\"https:\/\/www.rivera.gub.uy\/portal\/wp-content\/uploads\/2021\/07\/213938190_1616947315174046_5916063111464228064_n.jpg\">\r\n\t\t\t\t\t<img decoding=\"async\" class=\"msacwl-img\" src=\"https:\/\/www.rivera.gub.uy\/portal\/wp-content\/uploads\/2021\/07\/213938190_1616947315174046_5916063111464228064_n.jpg\"  data-title=\"\" alt=\"\" \/>\r\n\t\t\t\t<\/a>\r\n\t\t\t\t\t\t\t\t\t<div class=\"msacwl-gallery-caption\">\r\n\t\t\t\t\t\t\t\t\t\t\t\t\t<span class=\"image_title\"><\/span>\r\n\t\t\t\t\t\t\t\t\t\t\t\t\t<span><\/span>\r\n\t\t\t\t\t\t \t\t\t\t\t<\/div>\r\n\t\t\t\t\t\t\t<\/div>\r\n\t\t\t\t\t\t<div class=\"msacwl-slide\" data-item-index=\"2\" >\r\n\t\t\t\t<a class=\"msacwl-img-link\" href=\"javascript:void(0);\" data-mfp-src=\"https:\/\/www.rivera.gub.uy\/portal\/wp-content\/uploads\/2021\/07\/214202847_1616947288507382_610821815848782675_n.jpg\">\r\n\t\t\t\t\t<img decoding=\"async\" class=\"msacwl-img\" src=\"https:\/\/www.rivera.gub.uy\/portal\/wp-content\/uploads\/2021\/07\/214202847_1616947288507382_610821815848782675_n.jpg\"  data-title=\"\" alt=\"\" \/>\r\n\t\t\t\t<\/a>\r\n\t\t\t\t\t\t\t\t\t<div class=\"msacwl-gallery-caption\">\r\n\t\t\t\t\t\t\t\t\t\t\t\t\t<span class=\"image_title\"><\/span>\r\n\t\t\t\t\t\t\t\t\t\t\t\t\t<span><\/span>\r\n\t\t\t\t\t\t \t\t\t\t\t<\/div>\r\n\t\t\t\t\t\t\t<\/div>\r\n\t\t\t\t\t\t<div class=\"msacwl-slide\" data-item-index=\"3\" >\r\n\t\t\t\t<a class=\"msacwl-img-link\" href=\"javascript:void(0);\" data-mfp-src=\"https:\/\/www.rivera.gub.uy\/portal\/wp-content\/uploads\/2021\/07\/214418819_1616947198507391_5019404128600466173_n.jpg\">\r\n\t\t\t\t\t<img decoding=\"async\" class=\"msacwl-img\" src=\"https:\/\/www.rivera.gub.uy\/portal\/wp-content\/uploads\/2021\/07\/214418819_1616947198507391_5019404128600466173_n.jpg\"  data-title=\"\" alt=\"\" \/>\r\n\t\t\t\t<\/a>\r\n\t\t\t\t\t\t\t\t\t<div class=\"msacwl-gallery-caption\">\r\n\t\t\t\t\t\t\t\t\t\t\t\t\t<span class=\"image_title\"><\/span>\r\n\t\t\t\t\t\t\t\t\t\t\t\t\t<span><\/span>\r\n\t\t\t\t\t\t \t\t\t\t\t<\/div>\r\n\t\t\t\t\t\t\t<\/div>\r\n\t\t\t\t\t\t<div class=\"msacwl-slide\" data-item-index=\"4\" >\r\n\t\t\t\t<a class=\"msacwl-img-link\" href=\"javascript:void(0);\" data-mfp-src=\"https:\/\/www.rivera.gub.uy\/portal\/wp-content\/uploads\/2021\/07\/214542261_1616947241840720_6769698999673377879_n.jpg\">\r\n\t\t\t\t\t<img decoding=\"async\" class=\"msacwl-img\" src=\"https:\/\/www.rivera.gub.uy\/portal\/wp-content\/uploads\/2021\/07\/214542261_1616947241840720_6769698999673377879_n.jpg\"  data-title=\"\" alt=\"\" \/>\r\n\t\t\t\t<\/a>\r\n\t\t\t\t\t\t\t\t\t<div class=\"msacwl-gallery-caption\">\r\n\t\t\t\t\t\t\t\t\t\t\t\t\t<span class=\"image_title\"><\/span>\r\n\t\t\t\t\t\t\t\t\t\t\t\t\t<span><\/span>\r\n\t\t\t\t\t\t \t\t\t\t\t<\/div>\r\n\t\t\t\t\t\t\t<\/div>\r\n\t\t\t\t\t\t<div class=\"msacwl-slide\" data-item-index=\"5\" >\r\n\t\t\t\t<a class=\"msacwl-img-link\" href=\"javascript:void(0);\" data-mfp-src=\"https:\/\/www.rivera.gub.uy\/portal\/wp-content\/uploads\/2021\/07\/214600822_1616947301840714_1797315939693956098_n.jpg\">\r\n\t\t\t\t\t<img decoding=\"async\" class=\"msacwl-img\" src=\"https:\/\/www.rivera.gub.uy\/portal\/wp-content\/uploads\/2021\/07\/214600822_1616947301840714_1797315939693956098_n.jpg\"  data-title=\"\" alt=\"\" \/>\r\n\t\t\t\t<\/a>\r\n\t\t\t\t\t\t\t\t\t<div class=\"msacwl-gallery-caption\">\r\n\t\t\t\t\t\t\t\t\t\t\t\t\t<span class=\"image_title\"><\/span>\r\n\t\t\t\t\t\t\t\t\t\t\t\t\t<span><\/span>\r\n\t\t\t\t\t\t \t\t\t\t\t<\/div>\r\n\t\t\t\t\t\t\t<\/div>\r\n\t\t\t\t\t<\/div>\r\n\t<\/div>\r\n\r\n\t\n<p>&nbsp;<\/p>\n<p>CENTROS BARRIALES<\/p>\n<p>Es un programa que acerca al vecino,\u00a0 \u201ctenemos planificado ejecutar pol\u00edticas sociales fuertes\u201d.<\/p>\n<p>VIVIENDAS SOCIALES<\/p>\n<p>El programa P\u00fablico-Privado,\u00a0 incluye a los ladrilleros, \u201cest\u00e1 siendo ejecutado para la construcci\u00f3n de 15 viviendas en el barrio La Estiva\u201d.<\/p>\n<p>Cabe recordar que el 30 de junio se recibieron donaciones de ladrillos por parte de la empresa BIOENER, los que ser\u00e1n destinados a la construcci\u00f3n de viviendas.<\/p>\n<p>ESCUELA DE LADRILLEROS<\/p>\n<p>Los proyectos para la construcci\u00f3n de viviendas, son llevados adelante por la direcci\u00f3n General de Obras, y la autoconstrucci\u00f3n de las mismas le da un valor agregado, ya que cuenta con la mano de obra de los beneficiados.<\/p>\n<p>&nbsp;<\/p>\n<p><iframe loading=\"lazy\" title=\"Se busca el fortalecimiento de los proyectos  Centros Barriales y Viviendas Sociales\" width=\"1160\" height=\"653\" src=\"https:\/\/www.youtube.com\/embed\/GsNzQY6vqFw?feature=oembed\" frameborder=\"0\" allow=\"accelerometer; autoplay; clipboard-write; encrypted-media; gyroscope; picture-in-picture\" allowfullscreen><\/iframe><\/p>\n","protected":false},"excerpt":{"rendered":"<p>El intendente Departamental de Rivera, Cr. Richard Sander Dar\u00edn, acompa\u00f1ado de los directores generales de Obras y el de Promoci\u00f3n y Acci\u00f3n Social, la directora de la Unidad Coordinadora de Asuntos Sociales y Comunitarios, el director de los Centros Barriales, mantuvo una importante reuni\u00f3n de trabajo con el exMinistro de Desarrollo Social, Pablo Bartol.<\/p>\n","protected":false},"author":7,"featured_media":30703,"comment_status":"open","ping_status":"open","sticky":false,"template":"","format":"standard","meta":{"footnotes":""},"categories":[3,1],"tags":[345,36,81,482],"class_list":["post-30698","post","type-post","status-publish","format-standard","has-post-thumbnail","hentry","category-multimedia","category-novedades","tag-dgpas","tag-intendencia","tag-obras","tag-social"],"_links":{"self":[{"href":"https:\/\/www.rivera.gub.uy\/portal\/wp-json\/wp\/v2\/posts\/30698","targetHints":{"allow":["GET"]}}],"collection":[{"href":"https:\/\/www.rivera.gub.uy\/portal\/wp-json\/wp\/v2\/posts"}],"about":[{"href":"https:\/\/www.rivera.gub.uy\/portal\/wp-json\/wp\/v2\/types\/post"}],"author":[{"embeddable":true,"href":"https:\/\/www.rivera.gub.uy\/portal\/wp-json\/wp\/v2\/users\/7"}],"replies":[{"embeddable":true,"href":"https:\/\/www.rivera.gub.uy\/portal\/wp-json\/wp\/v2\/comments?post=30698"}],"version-history":[{"count":1,"href":"https:\/\/www.rivera.gub.uy\/portal\/wp-json\/wp\/v2\/posts\/30698\/revisions"}],"predecessor-version":[{"id":30704,"href":"https:\/\/www.rivera.gub.uy\/portal\/wp-json\/wp\/v2\/posts\/30698\/revisions\/30704"}],"wp:featuredmedia":[{"embeddable":true,"href":"https:\/\/www.rivera.gub.uy\/portal\/wp-json\/wp\/v2\/media\/30703"}],"wp:attachment":[{"href":"https:\/\/www.rivera.gub.uy\/portal\/wp-json\/wp\/v2\/media?parent=30698"}],"wp:term":[{"taxonomy":"category","embeddable":true,"href":"https:\/\/www.rivera.gub.uy\/portal\/wp-json\/wp\/v2\/categories?post=30698"},{"taxonomy":"post_tag","embeddable":true,"href":"https:\/\/www.rivera.gub.uy\/portal\/wp-json\/wp\/v2\/tags?post=30698"}],"curies":[{"name":"wp","href":"https:\/\/api.w.org\/{rel}","templated":true}]}}