{"id":31055,"date":"2021-07-27T14:46:18","date_gmt":"2021-07-27T17:46:18","guid":{"rendered":"https:\/\/www.rivera.gub.uy\/portal\/?p=31055"},"modified":"2021-07-27T14:46:18","modified_gmt":"2021-07-27T17:46:18","slug":"el-intendente-cr-richard-sander-se-reunio-con-el-presidente-luis-lacalle-pou","status":"publish","type":"post","link":"https:\/\/www.rivera.gub.uy\/portal\/el-intendente-cr-richard-sander-se-reunio-con-el-presidente-luis-lacalle-pou\/","title":{"rendered":"El intendente Cr. Richard Sander se reuni\u00f3 con el presidente Luis Lacalle Pou"},"content":{"rendered":"<p>El intendente de Rivera, Cr. Richard Sander, acompa\u00f1ado por el senador Tabar\u00e9 Viera Duarte y el diputado Dr. Marne Osorio, mantuvo una importante reuni\u00f3n con el presidente de la Rep\u00fablica, Dr. Luis Alberto Lacalle Pou, en la que se abordaron asuntos de gran importancia para nuestro departamento.<!--more--><br \/>\nCabe destacar entre otros temas que estuvieron sobre la mesa, la instalaci\u00f3n de la Zona Franca Industrial y Log\u00edstica de Rivera, informando el mandatario que se dar\u00e1 continuidad a todos los procesos de habilitaci\u00f3n correspondiente, as\u00ed como el de concretar la gobernanza para el Parque Tecnol\u00f3gico del Norte, a lo cual el Presidente, tambi\u00e9n manifest\u00f3 su voluntad de apoyar y avanzar en su instalaci\u00f3n.<\/p>\n<p>Asimismo se trataron aspectos vinculados al Aeropuerto Internacional y sobre Pol\u00edticas de Frontera, dos asuntos que Rivera viene trabajando fuertemente para hacer realidad, ya que ello redundar\u00eda en mejoras sustanciales al departamento, apostando a un mayor desarrollo en temas de comercio, turismo y trabajo para los riverenses.<\/p>\n<p>&nbsp;<\/p>\n<p>&nbsp;<\/p>\n<p>&nbsp;<\/p>\n","protected":false},"excerpt":{"rendered":"<p>El intendente de Rivera, Cr. Richard Sander, acompa\u00f1ado por el senador Tabar\u00e9 Viera Duarte y el diputado Dr. Marne Osorio, mantuvo una importante reuni\u00f3n con el presidente de la Rep\u00fablica, Dr. Luis Alberto Lacalle Pou, en la que se abordaron asuntos de gran importancia para nuestro departamento.<\/p>\n","protected":false},"author":7,"featured_media":31056,"comment_status":"open","ping_status":"open","sticky":false,"template":"","format":"standard","meta":{"footnotes":""},"categories":[1],"tags":[45,1116,343],"class_list":["post-31055","post","type-post","status-publish","format-standard","has-post-thumbnail","hentry","category-novedades","tag-intendente","tag-luis-lacalle-pou","tag-richard-sander"],"_links":{"self":[{"href":"https:\/\/www.rivera.gub.uy\/portal\/wp-json\/wp\/v2\/posts\/31055","targetHints":{"allow":["GET"]}}],"collection":[{"href":"https:\/\/www.rivera.gub.uy\/portal\/wp-json\/wp\/v2\/posts"}],"about":[{"href":"https:\/\/www.rivera.gub.uy\/portal\/wp-json\/wp\/v2\/types\/post"}],"author":[{"embeddable":true,"href":"https:\/\/www.rivera.gub.uy\/portal\/wp-json\/wp\/v2\/users\/7"}],"replies":[{"embeddable":true,"href":"https:\/\/www.rivera.gub.uy\/portal\/wp-json\/wp\/v2\/comments?post=31055"}],"version-history":[{"count":3,"href":"https:\/\/www.rivera.gub.uy\/portal\/wp-json\/wp\/v2\/posts\/31055\/revisions"}],"predecessor-version":[{"id":31059,"href":"https:\/\/www.rivera.gub.uy\/portal\/wp-json\/wp\/v2\/posts\/31055\/revisions\/31059"}],"wp:featuredmedia":[{"embeddable":true,"href":"https:\/\/www.rivera.gub.uy\/portal\/wp-json\/wp\/v2\/media\/31056"}],"wp:attachment":[{"href":"https:\/\/www.rivera.gub.uy\/portal\/wp-json\/wp\/v2\/media?parent=31055"}],"wp:term":[{"taxonomy":"category","embeddable":true,"href":"https:\/\/www.rivera.gub.uy\/portal\/wp-json\/wp\/v2\/categories?post=31055"},{"taxonomy":"post_tag","embeddable":true,"href":"https:\/\/www.rivera.gub.uy\/portal\/wp-json\/wp\/v2\/tags?post=31055"}],"curies":[{"name":"wp","href":"https:\/\/api.w.org\/{rel}","templated":true}]}}