{"id":31171,"date":"2021-08-06T20:22:40","date_gmt":"2021-08-06T23:22:40","guid":{"rendered":"https:\/\/www.rivera.gub.uy\/portal\/?p=31171"},"modified":"2021-08-06T20:33:47","modified_gmt":"2021-08-06T23:33:47","slug":"charlas-sobre-violencia-domestica-y-de-genero-en-los-barrios","status":"publish","type":"post","link":"https:\/\/www.rivera.gub.uy\/portal\/charlas-sobre-violencia-domestica-y-de-genero-en-los-barrios\/","title":{"rendered":"Charlas sobre violencia dom\u00e9stica y de g\u00e9nero en los barrios"},"content":{"rendered":"<p>El martes 10 de agosto se dar\u00e1 inicio a un ciclo de charlas informativas sobre violencia dom\u00e9stica y de g\u00e9nero.<br \/>\nLa primera se realizar\u00e1 en las instalaciones del Club Lavalleja a partir de la hora 13:30.<!--more--><\/p>\n<p>La Dra. Paula Nieves, directora de la Unidad Asuntos Sociales y Comunitarios, y Karina Navarro, directora de la oficina de Equidad y G\u00e9nero de la IDR,\u00a0 trabajan junto a la comisi\u00f3n barrial y a la presidente del Club Lavalleja.<\/p>\n<p><strong>Campa\u00f1as de prevenci\u00f3n<\/strong><\/p>\n<p>Karina Navarro, inform\u00f3 que se trabaja articuladamente en forma interinstitucional, con Jefatura de Polic\u00eda de Rivera, quien proporciona los profesionales especializados para dictar las charlas.<br \/>\nEntre ellos, la Comisario Mayor, Patricia Cardozo y\u00a0 la Dra. Gabriela Correa, quienes se encargaran de hablar sobre violencia dom\u00e9stica y de g\u00e9nero.<\/p>\n<p>&nbsp;<\/p>\n<p><iframe loading=\"lazy\" title=\"Charlas sobre violencia dom\u00e9stica y de g\u00e9nero, en los barrios\" width=\"1160\" height=\"653\" src=\"https:\/\/www.youtube.com\/embed\/BFMfEU0QSkk?feature=oembed\" frameborder=\"0\" allow=\"accelerometer; autoplay; clipboard-write; encrypted-media; gyroscope; picture-in-picture\" allowfullscreen><\/iframe><\/p>\n","protected":false},"excerpt":{"rendered":"<p>El martes 10 de agosto se dar\u00e1 inicio a un ciclo de charlas informativas sobre violencia dom\u00e9stica y de g\u00e9nero. La primera se realizar\u00e1 en las instalaciones del Club Lavalleja a partir de la hora 13:30.<\/p>\n","protected":false},"author":7,"featured_media":31176,"comment_status":"open","ping_status":"open","sticky":false,"template":"","format":"standard","meta":{"footnotes":""},"categories":[3,1],"tags":[182,36,33,904],"class_list":["post-31171","post","type-post","status-publish","format-standard","has-post-thumbnail","hentry","category-multimedia","category-novedades","tag-genero","tag-intendencia","tag-rivera","tag-violencia"],"_links":{"self":[{"href":"https:\/\/www.rivera.gub.uy\/portal\/wp-json\/wp\/v2\/posts\/31171","targetHints":{"allow":["GET"]}}],"collection":[{"href":"https:\/\/www.rivera.gub.uy\/portal\/wp-json\/wp\/v2\/posts"}],"about":[{"href":"https:\/\/www.rivera.gub.uy\/portal\/wp-json\/wp\/v2\/types\/post"}],"author":[{"embeddable":true,"href":"https:\/\/www.rivera.gub.uy\/portal\/wp-json\/wp\/v2\/users\/7"}],"replies":[{"embeddable":true,"href":"https:\/\/www.rivera.gub.uy\/portal\/wp-json\/wp\/v2\/comments?post=31171"}],"version-history":[{"count":2,"href":"https:\/\/www.rivera.gub.uy\/portal\/wp-json\/wp\/v2\/posts\/31171\/revisions"}],"predecessor-version":[{"id":31175,"href":"https:\/\/www.rivera.gub.uy\/portal\/wp-json\/wp\/v2\/posts\/31171\/revisions\/31175"}],"wp:featuredmedia":[{"embeddable":true,"href":"https:\/\/www.rivera.gub.uy\/portal\/wp-json\/wp\/v2\/media\/31176"}],"wp:attachment":[{"href":"https:\/\/www.rivera.gub.uy\/portal\/wp-json\/wp\/v2\/media?parent=31171"}],"wp:term":[{"taxonomy":"category","embeddable":true,"href":"https:\/\/www.rivera.gub.uy\/portal\/wp-json\/wp\/v2\/categories?post=31171"},{"taxonomy":"post_tag","embeddable":true,"href":"https:\/\/www.rivera.gub.uy\/portal\/wp-json\/wp\/v2\/tags?post=31171"}],"curies":[{"name":"wp","href":"https:\/\/api.w.org\/{rel}","templated":true}]}}