{"id":31417,"date":"2021-08-24T20:23:31","date_gmt":"2021-08-24T23:23:31","guid":{"rendered":"https:\/\/www.rivera.gub.uy\/portal\/?p=31417"},"modified":"2021-08-24T20:23:31","modified_gmt":"2021-08-24T23:23:31","slug":"una-visita-dorada","status":"publish","type":"post","link":"https:\/\/www.rivera.gub.uy\/portal\/una-visita-dorada\/","title":{"rendered":"Una visita \u201cdorada\u201d"},"content":{"rendered":"<p>Ayer lunes a la tarde, el intendente Cr. Richard Sander Dar\u00edn, recibi\u00f3 en su despacho al acordeonista riverense Enzo Emanuel Castro Mello. Gran artista que con apenas 7 a\u00f1os de edad, es finalista de Got Talent Uruguay.<!--more--><\/p>\n<p>\u201cHoy recibimos a Enzo Castro y su familia, un momento diferente d\u00f3nde nos deleitamos con el gran talento de este joven artista riverense\u201d as\u00ed lo expres\u00f3 el Intendente.<\/p>\n<p>Enzo es concursante de la segunda edici\u00f3n de \u201cGOT TALENT Uruguay&#8221;, (certamen de talentos a nivel nacional producido por Canal 10) y en su primera participaci\u00f3n, recibi\u00f3 el tan anhelado bot\u00f3n dorado, que lo pas\u00f3 directamente a la semifinal.<\/p>\n<p>A la fecha ya hizo su segunda participaci\u00f3n y est\u00e1 en la gran final. Para ganar necesita el voto popular a trav\u00e9s de mensajes de texto enviando la palabra ENZO al 7020, una vez lo anuncien.<\/p>\n<p>La final se llevar\u00e1 a cabo a mediados de setiembre y todos debemos estar atentos para apoyar a m\u00e1s un querido artista riverense.<\/p>\n<p>&nbsp;<\/p>\n<p><iframe loading=\"lazy\" title=\"Una visita \u201cdorada\u201d\" width=\"1160\" height=\"653\" src=\"https:\/\/www.youtube.com\/embed\/tqr7WhHZkzA?feature=oembed\" frameborder=\"0\" allow=\"accelerometer; autoplay; clipboard-write; encrypted-media; gyroscope; picture-in-picture\" allowfullscreen><\/iframe><\/p>\n","protected":false},"excerpt":{"rendered":"<p>Ayer lunes a la tarde, el intendente Cr. Richard Sander Dar\u00edn, recibi\u00f3 en su despacho al acordeonista riverense Enzo Emanuel Castro Mello. Gran artista que con apenas 7 a\u00f1os de edad, es finalista de Got Talent Uruguay.<\/p>\n","protected":false},"author":7,"featured_media":31420,"comment_status":"open","ping_status":"open","sticky":false,"template":"","format":"standard","meta":{"footnotes":""},"categories":[3,1],"tags":[1031,33,104],"class_list":["post-31417","post","type-post","status-publish","format-standard","has-post-thumbnail","hentry","category-multimedia","category-novedades","tag-got-talent","tag-rivera","tag-uruguay"],"_links":{"self":[{"href":"https:\/\/www.rivera.gub.uy\/portal\/wp-json\/wp\/v2\/posts\/31417","targetHints":{"allow":["GET"]}}],"collection":[{"href":"https:\/\/www.rivera.gub.uy\/portal\/wp-json\/wp\/v2\/posts"}],"about":[{"href":"https:\/\/www.rivera.gub.uy\/portal\/wp-json\/wp\/v2\/types\/post"}],"author":[{"embeddable":true,"href":"https:\/\/www.rivera.gub.uy\/portal\/wp-json\/wp\/v2\/users\/7"}],"replies":[{"embeddable":true,"href":"https:\/\/www.rivera.gub.uy\/portal\/wp-json\/wp\/v2\/comments?post=31417"}],"version-history":[{"count":2,"href":"https:\/\/www.rivera.gub.uy\/portal\/wp-json\/wp\/v2\/posts\/31417\/revisions"}],"predecessor-version":[{"id":31419,"href":"https:\/\/www.rivera.gub.uy\/portal\/wp-json\/wp\/v2\/posts\/31417\/revisions\/31419"}],"wp:featuredmedia":[{"embeddable":true,"href":"https:\/\/www.rivera.gub.uy\/portal\/wp-json\/wp\/v2\/media\/31420"}],"wp:attachment":[{"href":"https:\/\/www.rivera.gub.uy\/portal\/wp-json\/wp\/v2\/media?parent=31417"}],"wp:term":[{"taxonomy":"category","embeddable":true,"href":"https:\/\/www.rivera.gub.uy\/portal\/wp-json\/wp\/v2\/categories?post=31417"},{"taxonomy":"post_tag","embeddable":true,"href":"https:\/\/www.rivera.gub.uy\/portal\/wp-json\/wp\/v2\/tags?post=31417"}],"curies":[{"name":"wp","href":"https:\/\/api.w.org\/{rel}","templated":true}]}}