{"id":31512,"date":"2021-08-30T22:37:03","date_gmt":"2021-08-31T01:37:03","guid":{"rendered":"https:\/\/www.rivera.gub.uy\/portal\/?p=31512"},"modified":"2021-08-30T22:43:44","modified_gmt":"2021-08-31T01:43:44","slug":"turismo-en-uruguay","status":"publish","type":"post","link":"https:\/\/www.rivera.gub.uy\/portal\/turismo-en-uruguay\/","title":{"rendered":"Turismo en Uruguay"},"content":{"rendered":"<p>Autoridades nacionales y departamentales del turismo uruguayo, se reunieron en Palmar, departamento de Soriano, en donde se present\u00f3 la producci\u00f3n publicitaria para la pr\u00f3xima temporada.<\/p>\n<p>El director de DGPAS, Cr. Giovani Conti, particip\u00f3 del encuentro junto a directores de turismo de las Intendencias de todo el pa\u00eds, al director nacional de Turismo, Roque Baudean, y al ministro de turismo, Tabar\u00e9 Viera Duarte.<!--more--><\/p>\n<p>En el evento, se dieron a conocer detalles de la campa\u00f1a de promoci\u00f3n tur\u00edstica de Uruguay, que\u00a0 estar\u00e1 dirigida tanto al exterior como al turismo interno.<br \/>\nTambi\u00e9n se anunci\u00f3 la presencia en la Expo Prado 2021 y en las diferentes ferias especializadas programadas hasta fin de a\u00f1o, seg\u00fan consign\u00f3 la <a href=\"https:\/\/www.gub.uy\/ministerio-turismo\/comunicacion\/noticias\/ministro-viera-participo-reunion-presencial-directores-turismo\" target=\"_blank\" rel=\"noopener noreferrer\">p\u00e1gina del Ministerio de Turismo<\/a>.<\/p>\n<p>Acerca de la pr\u00f3xima temporada estival, se mencion\u00f3 la articulaci\u00f3n entre el gobierno nacional y las administraciones departamentales, as\u00ed como tambi\u00e9n entre el sector p\u00fablico y el privado.<\/p>\n<p>Tambi\u00e9n se informo que el Ministro visitar\u00e1 las cinco regiones tur\u00edsticas de Uruguay (Metropolitana, Centro Sur, Este, Norte y Litoral) con el prop\u00f3sito de promover su crecimiento y desarrollar nuevos productos.<\/p>\n","protected":false},"excerpt":{"rendered":"<p>Autoridades nacionales y departamentales del turismo uruguayo, se reunieron en Palmar, departamento de Soriano, en donde se present\u00f3 la producci\u00f3n publicitaria para la pr\u00f3xima temporada. El director de DGPAS, Cr. Giovani Conti, particip\u00f3 del encuentro junto a directores de turismo de las Intendencias de todo el pa\u00eds, al director nacional de Turismo, Roque Baudean, y [&hellip;]<\/p>\n","protected":false},"author":7,"featured_media":31515,"comment_status":"open","ping_status":"open","sticky":false,"template":"","format":"standard","meta":{"footnotes":""},"categories":[3,1],"tags":[36,33,363],"class_list":["post-31512","post","type-post","status-publish","format-standard","has-post-thumbnail","hentry","category-multimedia","category-novedades","tag-intendencia","tag-rivera","tag-turismo"],"_links":{"self":[{"href":"https:\/\/www.rivera.gub.uy\/portal\/wp-json\/wp\/v2\/posts\/31512","targetHints":{"allow":["GET"]}}],"collection":[{"href":"https:\/\/www.rivera.gub.uy\/portal\/wp-json\/wp\/v2\/posts"}],"about":[{"href":"https:\/\/www.rivera.gub.uy\/portal\/wp-json\/wp\/v2\/types\/post"}],"author":[{"embeddable":true,"href":"https:\/\/www.rivera.gub.uy\/portal\/wp-json\/wp\/v2\/users\/7"}],"replies":[{"embeddable":true,"href":"https:\/\/www.rivera.gub.uy\/portal\/wp-json\/wp\/v2\/comments?post=31512"}],"version-history":[{"count":5,"href":"https:\/\/www.rivera.gub.uy\/portal\/wp-json\/wp\/v2\/posts\/31512\/revisions"}],"predecessor-version":[{"id":31518,"href":"https:\/\/www.rivera.gub.uy\/portal\/wp-json\/wp\/v2\/posts\/31512\/revisions\/31518"}],"wp:featuredmedia":[{"embeddable":true,"href":"https:\/\/www.rivera.gub.uy\/portal\/wp-json\/wp\/v2\/media\/31515"}],"wp:attachment":[{"href":"https:\/\/www.rivera.gub.uy\/portal\/wp-json\/wp\/v2\/media?parent=31512"}],"wp:term":[{"taxonomy":"category","embeddable":true,"href":"https:\/\/www.rivera.gub.uy\/portal\/wp-json\/wp\/v2\/categories?post=31512"},{"taxonomy":"post_tag","embeddable":true,"href":"https:\/\/www.rivera.gub.uy\/portal\/wp-json\/wp\/v2\/tags?post=31512"}],"curies":[{"name":"wp","href":"https:\/\/api.w.org\/{rel}","templated":true}]}}