{"id":31533,"date":"2021-08-31T20:14:56","date_gmt":"2021-08-31T23:14:56","guid":{"rendered":"https:\/\/www.rivera.gub.uy\/portal\/?p=31533"},"modified":"2021-08-31T20:14:56","modified_gmt":"2021-08-31T23:14:56","slug":"semana-destacada-por-turismo-proyectos-y-visitas-internacionales","status":"publish","type":"post","link":"https:\/\/www.rivera.gub.uy\/portal\/semana-destacada-por-turismo-proyectos-y-visitas-internacionales\/","title":{"rendered":"Semana destacada por Turismo, proyectos y visitas internacionales\u00a0"},"content":{"rendered":"<p>El director general de Promoci\u00f3n y Acci\u00f3n Social de la Intendencia Departamental de Rivera, Cr. Giovani Conti, inform\u00f3 que el lunes 30 de agosto, estuvo presente en la segunda reuni\u00f3n de trabajo presencial con los directores de Turismo de los 19 departamentos del Uruguay, que se realiz\u00f3 en el departamento de Soriano.<!--more--><\/p>\n<p>En dicha oportunidad, se present\u00f3 el actual Ministro de Turismo, Tabar\u00e9 Viera Duarte, quien viene trabajando en la integraci\u00f3n y coordinaci\u00f3n de las pol\u00edticas p\u00fablicas del sector tur\u00edstico.<\/p>\n<p>Conti resalt\u00f3 que hace un tiempo ya se trabaja en materia de turismo, con documentar oficialmente el ingreso de turistas que llegan a la ciudad y al departamento.<\/p>\n<p>Adem\u00e1s agreg\u00f3 que el Ministerio de Turismo firm\u00f3 un convenio con ANTEL, para usar su tecnolog\u00eda y oficializar los datos, para atraer a inversores, ya que Rivera es uno de los departamentos m\u00e1s visitados del pa\u00eds en el a\u00f1o.<\/p>\n<p>En horas de la tarde\u00a0 del mi\u00e9rcoles 1 de setiembre, junto al Intendente, el Secretario General y el director general de Desarrollo y Medio Ambiente, reciben a funcionarios de la Embajada de Jap\u00f3n, junto a un equipo de prensa de su pa\u00eds, para\u00a0 documentar\u00a0 los diferentes proyectos que han apoyado desde la Embajada. Paralelamente desde la hora 17, en la sala Cultural de Antel, se llevar\u00e1 adelante la Ceremonia japonesa\u00a0 del t\u00e9, y un taller dirigido a j\u00f3venes.<\/p>\n<p>El viernes 3 de setiembre, el Intendente de Rivera, se re\u00fane con el secretario general de la Junta Nacional de Drogas, Dr. Daniel Rad\u00edo, \u201cla primera reuni\u00f3n formal con el Intendente e integrantes de la Junta Departamental de Drogas\u201d, en dicha oportunidad se presentaran proyectos en conjunto,\u00a0 los cuales apuntan a la\u00a0 prevenci\u00f3n expres\u00f3 Conti.<\/p>\n<p>&nbsp;<\/p>\n<p><iframe loading=\"lazy\" title=\"Semana destacada por Turismo, proyectos y visitas internacionales\" width=\"1160\" height=\"653\" src=\"https:\/\/www.youtube.com\/embed\/XxBW1lFVvNg?feature=oembed\" frameborder=\"0\" allow=\"accelerometer; autoplay; clipboard-write; encrypted-media; gyroscope; picture-in-picture\" allowfullscreen><\/iframe><\/p>\n","protected":false},"excerpt":{"rendered":"<p>El director general de Promoci\u00f3n y Acci\u00f3n Social de la Intendencia Departamental de Rivera, Cr. Giovani Conti, inform\u00f3 que el lunes 30 de agosto, estuvo presente en la segunda reuni\u00f3n de trabajo presencial con los directores de Turismo de los 19 departamentos del Uruguay, que se realiz\u00f3 en el departamento de Soriano.<\/p>\n","protected":false},"author":7,"featured_media":31534,"comment_status":"open","ping_status":"open","sticky":false,"template":"","format":"standard","meta":{"footnotes":""},"categories":[3,1],"tags":[],"class_list":["post-31533","post","type-post","status-publish","format-standard","has-post-thumbnail","hentry","category-multimedia","category-novedades"],"_links":{"self":[{"href":"https:\/\/www.rivera.gub.uy\/portal\/wp-json\/wp\/v2\/posts\/31533","targetHints":{"allow":["GET"]}}],"collection":[{"href":"https:\/\/www.rivera.gub.uy\/portal\/wp-json\/wp\/v2\/posts"}],"about":[{"href":"https:\/\/www.rivera.gub.uy\/portal\/wp-json\/wp\/v2\/types\/post"}],"author":[{"embeddable":true,"href":"https:\/\/www.rivera.gub.uy\/portal\/wp-json\/wp\/v2\/users\/7"}],"replies":[{"embeddable":true,"href":"https:\/\/www.rivera.gub.uy\/portal\/wp-json\/wp\/v2\/comments?post=31533"}],"version-history":[{"count":1,"href":"https:\/\/www.rivera.gub.uy\/portal\/wp-json\/wp\/v2\/posts\/31533\/revisions"}],"predecessor-version":[{"id":31535,"href":"https:\/\/www.rivera.gub.uy\/portal\/wp-json\/wp\/v2\/posts\/31533\/revisions\/31535"}],"wp:featuredmedia":[{"embeddable":true,"href":"https:\/\/www.rivera.gub.uy\/portal\/wp-json\/wp\/v2\/media\/31534"}],"wp:attachment":[{"href":"https:\/\/www.rivera.gub.uy\/portal\/wp-json\/wp\/v2\/media?parent=31533"}],"wp:term":[{"taxonomy":"category","embeddable":true,"href":"https:\/\/www.rivera.gub.uy\/portal\/wp-json\/wp\/v2\/categories?post=31533"},{"taxonomy":"post_tag","embeddable":true,"href":"https:\/\/www.rivera.gub.uy\/portal\/wp-json\/wp\/v2\/tags?post=31533"}],"curies":[{"name":"wp","href":"https:\/\/api.w.org\/{rel}","templated":true}]}}