{"id":31542,"date":"2021-09-01T14:28:33","date_gmt":"2021-09-01T17:28:33","guid":{"rendered":"https:\/\/www.rivera.gub.uy\/portal\/?p=31542"},"modified":"2021-09-01T14:28:33","modified_gmt":"2021-09-01T17:28:33","slug":"santi-urrutia-correra-en-rivera-en-la-fecha-de-tcr-south-america","status":"publish","type":"post","link":"https:\/\/www.rivera.gub.uy\/portal\/santi-urrutia-correra-en-rivera-en-la-fecha-de-tcr-south-america\/","title":{"rendered":"Santi Urrutia correr\u00e1 en Rivera en la fecha de TCR South Am\u00e9rica"},"content":{"rendered":"<p>El fin de semana del 11 y 12 de septiembre el piloto uruguayo, Santi Urrutia, competir\u00e1 en el aut\u00f3dromo Eduardo P. Cabrera de Rivera en la categor\u00eda TCR South Am\u00e9rica.<\/p>\n<p><!--more--><\/p>\n<p>El piloto coloniense confirm\u00f3 que estar\u00e1 presente en Rivera con un Lynk &amp; Co 03 TCR, auto similar al que est\u00e1 utilizando en la Copa Mundial de Turismos (FIA WTCR), veh\u00edculo que en este caso cuenta con la preparaci\u00f3n del equipo argentino PMO Motorsport. Es de destacar que en Rivera ser\u00e1 el estreno de los dos autos Lynk &amp; Co 03 TCR, los cuales llegaron en el mes de julio a Argentina y a\u00fan no han competido. El piloto del segundo auto ser\u00e1 Pablo Otero, director de PMO Motorsport.<\/p>\n<p>Ser\u00e1 una oportunidad muy especial de poder ver al piloto uruguayo compitiendo en la categor\u00eda que est\u00e1 desarrollando su primera temporada en nuestro continente, porque adem\u00e1s de la l\u00f3gica expectativa que generar\u00e1 la presencia de Santi en Rivera, va a ser la primera vez que estar\u00e1 compitiendo en automovilismo, ya que en nuestro pa\u00eds, el piloto coloniense realiz\u00f3 toda su trayectoria en el karting, aunque su debut en los deportes motorizados fue cuando solamente ten\u00eda tres a\u00f1os en competencias de motociclismo.<\/p>\n<p>Fotos: Prensa Urrutia.<\/p>\n<p>Fuente: <a href=\"https:\/\/motorsports.com.uy\/2021\/09\/santi-urrutia-correra-en-rivera-en-la-fecha-de-tcr-south-america.html\" target=\"_blank\" rel=\"noopener noreferrer\">motorsports.com.uy<\/a><\/p>\n<p>&nbsp;<\/p>\n","protected":false},"excerpt":{"rendered":"<p>El fin de semana del 11 y 12 de septiembre el piloto uruguayo, Santi Urrutia, competir\u00e1 en el aut\u00f3dromo Eduardo P. Cabrera de Rivera en la categor\u00eda TCR South Am\u00e9rica.<\/p>\n","protected":false},"author":7,"featured_media":31543,"comment_status":"open","ping_status":"open","sticky":false,"template":"","format":"standard","meta":{"footnotes":""},"categories":[1],"tags":[146,36,33,1291,1290],"class_list":["post-31542","post","type-post","status-publish","format-standard","has-post-thumbnail","hentry","category-novedades","tag-autodromo","tag-intendencia","tag-rivera","tag-santi-urrutia","tag-tcr-south-america"],"_links":{"self":[{"href":"https:\/\/www.rivera.gub.uy\/portal\/wp-json\/wp\/v2\/posts\/31542","targetHints":{"allow":["GET"]}}],"collection":[{"href":"https:\/\/www.rivera.gub.uy\/portal\/wp-json\/wp\/v2\/posts"}],"about":[{"href":"https:\/\/www.rivera.gub.uy\/portal\/wp-json\/wp\/v2\/types\/post"}],"author":[{"embeddable":true,"href":"https:\/\/www.rivera.gub.uy\/portal\/wp-json\/wp\/v2\/users\/7"}],"replies":[{"embeddable":true,"href":"https:\/\/www.rivera.gub.uy\/portal\/wp-json\/wp\/v2\/comments?post=31542"}],"version-history":[{"count":2,"href":"https:\/\/www.rivera.gub.uy\/portal\/wp-json\/wp\/v2\/posts\/31542\/revisions"}],"predecessor-version":[{"id":31545,"href":"https:\/\/www.rivera.gub.uy\/portal\/wp-json\/wp\/v2\/posts\/31542\/revisions\/31545"}],"wp:featuredmedia":[{"embeddable":true,"href":"https:\/\/www.rivera.gub.uy\/portal\/wp-json\/wp\/v2\/media\/31543"}],"wp:attachment":[{"href":"https:\/\/www.rivera.gub.uy\/portal\/wp-json\/wp\/v2\/media?parent=31542"}],"wp:term":[{"taxonomy":"category","embeddable":true,"href":"https:\/\/www.rivera.gub.uy\/portal\/wp-json\/wp\/v2\/categories?post=31542"},{"taxonomy":"post_tag","embeddable":true,"href":"https:\/\/www.rivera.gub.uy\/portal\/wp-json\/wp\/v2\/tags?post=31542"}],"curies":[{"name":"wp","href":"https:\/\/api.w.org\/{rel}","templated":true}]}}