{"id":31608,"date":"2021-09-03T16:30:06","date_gmt":"2021-09-03T19:30:06","guid":{"rendered":"https:\/\/www.rivera.gub.uy\/portal\/?p=31608"},"modified":"2021-09-06T09:52:52","modified_gmt":"2021-09-06T12:52:52","slug":"la-sala-cultural-de-antel-reinicia-actividades-culturales","status":"publish","type":"post","link":"https:\/\/www.rivera.gub.uy\/portal\/la-sala-cultural-de-antel-reinicia-actividades-culturales\/","title":{"rendered":"La Sala Cultural de Antel reinicia actividades culturales"},"content":{"rendered":"<p>En la jornada de ayer se reiniciaron las actividades en este emblem\u00e1tico espacio cultural de la ciudad. As\u00ed lo manifest\u00f3, en la bienvenida realizada al equipo del \u00e1rea cultural de la Embajada de Jap\u00f3n, el director de Cultura, Arq. Le\u00f3nidas Bayo.<!--more--><\/p>\n<p>El equipo cultural de la Embajada de Jap\u00f3n estuvo integrado por:<\/p>\n<ul>\n<li>Sra. Tomoko Kubota, Consejera de la Embajada de Jap\u00f3n en Uruguay,<\/li>\n<li>Sra. Akemi Ito, Sensei de origami, Sra. Sayuri Suzuki y<\/li>\n<li>Sra. Mar\u00eda Goncalvez, ambas ayudantes de la ceremonia del t\u00e9.<\/li>\n<\/ul>\n<p><a href=\"https:\/\/www.rivera.gub.uy\/portal\/wp-content\/uploads\/2021\/09\/5-2.jpg\"><img loading=\"lazy\" decoding=\"async\" class=\"aligncenter wp-image-31613 size-large\" src=\"https:\/\/www.rivera.gub.uy\/portal\/wp-content\/uploads\/2021\/09\/5-2-939x626.jpg\" alt=\"\" width=\"939\" height=\"626\" srcset=\"https:\/\/www.rivera.gub.uy\/portal\/wp-content\/uploads\/2021\/09\/5-2-939x626.jpg 939w, https:\/\/www.rivera.gub.uy\/portal\/wp-content\/uploads\/2021\/09\/5-2-141x94.jpg 141w, https:\/\/www.rivera.gub.uy\/portal\/wp-content\/uploads\/2021\/09\/5-2-282x188.jpg 282w, https:\/\/www.rivera.gub.uy\/portal\/wp-content\/uploads\/2021\/09\/5-2-768x512.jpg 768w, https:\/\/www.rivera.gub.uy\/portal\/wp-content\/uploads\/2021\/09\/5-2-600x400.jpg 600w, https:\/\/www.rivera.gub.uy\/portal\/wp-content\/uploads\/2021\/09\/5-2-820x547.jpg 820w, https:\/\/www.rivera.gub.uy\/portal\/wp-content\/uploads\/2021\/09\/5-2-272x182.jpg 272w, https:\/\/www.rivera.gub.uy\/portal\/wp-content\/uploads\/2021\/09\/5-2.jpg 1440w\" sizes=\"auto, (max-width: 939px) 100vw, 939px\" \/><\/a><\/p>\n<p><strong>Taller de Origami<\/strong><\/p>\n<p>El \u00e1rea cultural de la Embajada de Jap\u00f3n realiz\u00f3 actividades de promoci\u00f3n e intercambio con los presentes en el auditorio de la Sala Cultural de Antel, como una oportunidad para seguir estrechando lazos entre ambas naciones y celebrar el centenario de las relaciones diplom\u00e1ticas con nuestro pa\u00eds, iniciadas en 1921. Esta t\u00e9cnica que significa papel doblado, fue presentada por la sensei de origami Akemi Ito, donde ense\u00f1\u00f3 las t\u00e9cnicas b\u00e1sicas para principiantes.<\/p>\n<p>El origami es una t\u00e9cnica que potencia la memoria, ayuda a combatir el estr\u00e9s, estimula la salud f\u00edsica y mental.<br \/>\nDurante la emergencia sanitaria muchos escuelas uruguayas se conectaron v\u00eda zoom con escuelas japonesas para aprender origami.<\/p>\n<p><a href=\"https:\/\/www.rivera.gub.uy\/portal\/wp-content\/uploads\/2021\/09\/2-2.jpg\"><img loading=\"lazy\" decoding=\"async\" class=\"aligncenter wp-image-31610 size-large\" src=\"https:\/\/www.rivera.gub.uy\/portal\/wp-content\/uploads\/2021\/09\/2-2-939x626.jpg\" alt=\"\" width=\"939\" height=\"626\" srcset=\"https:\/\/www.rivera.gub.uy\/portal\/wp-content\/uploads\/2021\/09\/2-2-939x626.jpg 939w, https:\/\/www.rivera.gub.uy\/portal\/wp-content\/uploads\/2021\/09\/2-2-141x94.jpg 141w, https:\/\/www.rivera.gub.uy\/portal\/wp-content\/uploads\/2021\/09\/2-2-282x188.jpg 282w, https:\/\/www.rivera.gub.uy\/portal\/wp-content\/uploads\/2021\/09\/2-2-768x512.jpg 768w, https:\/\/www.rivera.gub.uy\/portal\/wp-content\/uploads\/2021\/09\/2-2-600x400.jpg 600w, https:\/\/www.rivera.gub.uy\/portal\/wp-content\/uploads\/2021\/09\/2-2-820x547.jpg 820w, https:\/\/www.rivera.gub.uy\/portal\/wp-content\/uploads\/2021\/09\/2-2-272x182.jpg 272w, https:\/\/www.rivera.gub.uy\/portal\/wp-content\/uploads\/2021\/09\/2-2.jpg 1440w\" sizes=\"auto, (max-width: 939px) 100vw, 939px\" \/><\/a><\/p>\n<p><strong>Chado: Ceremonia \/ Camino del T\u00e9<\/strong><\/p>\n<p>La ceremonia del t\u00e9, dirigida por la sensei Tomoko Kubota, se explica como el \u201ccamino del t\u00e9\u201d -que se prepara con el t\u00e9 verde en polvo (matcha)- es una ceremonia donde \u201cse busca internamente el camino que lleva hacia adelante, en la construcci\u00f3n de un mundo m\u00e1s memorable y pac\u00edfico\u201d, explic\u00f3 la sensei.<\/p>\n<p>El Chado se basa en cuatro principios: la armon\u00eda, el respeto, la tranquilidad y la pureza, aunque \u201cla ceremonia del t\u00e9 pone mucha importancia en la pureza\u201d, explic\u00f3 Kumoto.<br \/>\nCabe destacar que los lentos movimientos, delicados, se realizan para transmitir paz a los invitados, que est\u00e1n integrados con toda una raz\u00f3n de ser que incluyen los utensilios y mobiliarios.<\/p>\n\r\n\t<div class=\"msacwl-slider-wrap msacwl-row-clearfix \" data-conf=\"{&quot;autoplay&quot;:&quot;true&quot;,&quot;autoplay_speed&quot;:3000,&quot;speed&quot;:300,&quot;arrows&quot;:&quot;true&quot;,&quot;dots&quot;:&quot;true&quot;,&quot;lazyload&quot;:&quot;&quot;}\">\r\n\t\t<div id=\"msacwl-slider-1\" class=\"msacwl-slider msacwl-common-slider msacwl-slider-popup\">\r\n\t\t\t\t\t\t<div class=\"msacwl-slide\" data-item-index=\"1\" >\r\n\t\t\t\t<a class=\"msacwl-img-link\" href=\"javascript:void(0);\" data-mfp-src=\"https:\/\/www.rivera.gub.uy\/portal\/wp-content\/uploads\/2021\/09\/9.jpg\">\r\n\t\t\t\t\t<img decoding=\"async\" class=\"msacwl-img\" src=\"https:\/\/www.rivera.gub.uy\/portal\/wp-content\/uploads\/2021\/09\/9.jpg\"  data-title=\"\" alt=\"\" \/>\r\n\t\t\t\t<\/a>\r\n\t\t\t\t\t\t\t\t\t<div class=\"msacwl-gallery-caption\">\r\n\t\t\t\t\t\t\t\t\t\t\t\t\t<span class=\"image_title\"><\/span>\r\n\t\t\t\t\t\t\t\t\t\t\t\t\t<span><\/span>\r\n\t\t\t\t\t\t \t\t\t\t\t<\/div>\r\n\t\t\t\t\t\t\t<\/div>\r\n\t\t\t\t\t\t<div class=\"msacwl-slide\" data-item-index=\"2\" >\r\n\t\t\t\t<a class=\"msacwl-img-link\" href=\"javascript:void(0);\" data-mfp-src=\"https:\/\/www.rivera.gub.uy\/portal\/wp-content\/uploads\/2021\/09\/8-2.jpg\">\r\n\t\t\t\t\t<img decoding=\"async\" class=\"msacwl-img\" src=\"https:\/\/www.rivera.gub.uy\/portal\/wp-content\/uploads\/2021\/09\/8-2.jpg\"  data-title=\"\" alt=\"\" \/>\r\n\t\t\t\t<\/a>\r\n\t\t\t\t\t\t\t\t\t<div class=\"msacwl-gallery-caption\">\r\n\t\t\t\t\t\t\t\t\t\t\t\t\t<span class=\"image_title\"><\/span>\r\n\t\t\t\t\t\t\t\t\t\t\t\t\t<span><\/span>\r\n\t\t\t\t\t\t \t\t\t\t\t<\/div>\r\n\t\t\t\t\t\t\t<\/div>\r\n\t\t\t\t\t\t<div class=\"msacwl-slide\" data-item-index=\"3\" >\r\n\t\t\t\t<a class=\"msacwl-img-link\" href=\"javascript:void(0);\" data-mfp-src=\"https:\/\/www.rivera.gub.uy\/portal\/wp-content\/uploads\/2021\/09\/7-2.jpg\">\r\n\t\t\t\t\t<img decoding=\"async\" class=\"msacwl-img\" src=\"https:\/\/www.rivera.gub.uy\/portal\/wp-content\/uploads\/2021\/09\/7-2.jpg\"  data-title=\"\" alt=\"\" \/>\r\n\t\t\t\t<\/a>\r\n\t\t\t\t\t\t\t\t\t<div class=\"msacwl-gallery-caption\">\r\n\t\t\t\t\t\t\t\t\t\t\t\t\t<span class=\"image_title\"><\/span>\r\n\t\t\t\t\t\t\t\t\t\t\t\t\t<span><\/span>\r\n\t\t\t\t\t\t \t\t\t\t\t<\/div>\r\n\t\t\t\t\t\t\t<\/div>\r\n\t\t\t\t\t\t<div class=\"msacwl-slide\" data-item-index=\"4\" >\r\n\t\t\t\t<a class=\"msacwl-img-link\" href=\"javascript:void(0);\" data-mfp-src=\"https:\/\/www.rivera.gub.uy\/portal\/wp-content\/uploads\/2021\/09\/6-2.jpg\">\r\n\t\t\t\t\t<img decoding=\"async\" class=\"msacwl-img\" src=\"https:\/\/www.rivera.gub.uy\/portal\/wp-content\/uploads\/2021\/09\/6-2.jpg\"  data-title=\"\" alt=\"\" \/>\r\n\t\t\t\t<\/a>\r\n\t\t\t\t\t\t\t\t\t<div class=\"msacwl-gallery-caption\">\r\n\t\t\t\t\t\t\t\t\t\t\t\t\t<span class=\"image_title\"><\/span>\r\n\t\t\t\t\t\t\t\t\t\t\t\t\t<span><\/span>\r\n\t\t\t\t\t\t \t\t\t\t\t<\/div>\r\n\t\t\t\t\t\t\t<\/div>\r\n\t\t\t\t\t\t<div class=\"msacwl-slide\" data-item-index=\"5\" >\r\n\t\t\t\t<a class=\"msacwl-img-link\" href=\"javascript:void(0);\" data-mfp-src=\"https:\/\/www.rivera.gub.uy\/portal\/wp-content\/uploads\/2021\/09\/4-2.jpg\">\r\n\t\t\t\t\t<img decoding=\"async\" class=\"msacwl-img\" src=\"https:\/\/www.rivera.gub.uy\/portal\/wp-content\/uploads\/2021\/09\/4-2.jpg\"  data-title=\"\" alt=\"\" \/>\r\n\t\t\t\t<\/a>\r\n\t\t\t\t\t\t\t\t\t<div class=\"msacwl-gallery-caption\">\r\n\t\t\t\t\t\t\t\t\t\t\t\t\t<span class=\"image_title\"><\/span>\r\n\t\t\t\t\t\t\t\t\t\t\t\t\t<span><\/span>\r\n\t\t\t\t\t\t \t\t\t\t\t<\/div>\r\n\t\t\t\t\t\t\t<\/div>\r\n\t\t\t\t\t\t<div class=\"msacwl-slide\" data-item-index=\"6\" >\r\n\t\t\t\t<a class=\"msacwl-img-link\" href=\"javascript:void(0);\" data-mfp-src=\"https:\/\/www.rivera.gub.uy\/portal\/wp-content\/uploads\/2021\/09\/3-2.jpg\">\r\n\t\t\t\t\t<img decoding=\"async\" class=\"msacwl-img\" src=\"https:\/\/www.rivera.gub.uy\/portal\/wp-content\/uploads\/2021\/09\/3-2.jpg\"  data-title=\"\" alt=\"\" \/>\r\n\t\t\t\t<\/a>\r\n\t\t\t\t\t\t\t\t\t<div class=\"msacwl-gallery-caption\">\r\n\t\t\t\t\t\t\t\t\t\t\t\t\t<span class=\"image_title\"><\/span>\r\n\t\t\t\t\t\t\t\t\t\t\t\t\t<span><\/span>\r\n\t\t\t\t\t\t \t\t\t\t\t<\/div>\r\n\t\t\t\t\t\t\t<\/div>\r\n\t\t\t\t\t\t<div class=\"msacwl-slide\" data-item-index=\"7\" >\r\n\t\t\t\t<a class=\"msacwl-img-link\" href=\"javascript:void(0);\" data-mfp-src=\"https:\/\/www.rivera.gub.uy\/portal\/wp-content\/uploads\/2021\/09\/1-2.jpg\">\r\n\t\t\t\t\t<img decoding=\"async\" class=\"msacwl-img\" src=\"https:\/\/www.rivera.gub.uy\/portal\/wp-content\/uploads\/2021\/09\/1-2.jpg\"  data-title=\"\" alt=\"\" \/>\r\n\t\t\t\t<\/a>\r\n\t\t\t\t\t\t\t\t\t<div class=\"msacwl-gallery-caption\">\r\n\t\t\t\t\t\t\t\t\t\t\t\t\t<span class=\"image_title\"><\/span>\r\n\t\t\t\t\t\t\t\t\t\t\t\t\t<span><\/span>\r\n\t\t\t\t\t\t \t\t\t\t\t<\/div>\r\n\t\t\t\t\t\t\t<\/div>\r\n\t\t\t\t\t<\/div>\r\n\t<\/div>\r\n\r\n\t\n<p>&nbsp;<\/p>\n<p><iframe loading=\"lazy\" title=\"La Sala Cultural de Antel reinicia actividades culturales\" width=\"1160\" height=\"653\" src=\"https:\/\/www.youtube.com\/embed\/S1Yn0xikYsM?feature=oembed\" frameborder=\"0\" allow=\"accelerometer; autoplay; clipboard-write; encrypted-media; gyroscope; picture-in-picture\" allowfullscreen><\/iframe><\/p>\n","protected":false},"excerpt":{"rendered":"<p>En la jornada de ayer se reiniciaron las actividades en este emblem\u00e1tico espacio cultural de la ciudad. As\u00ed lo manifest\u00f3, en la bienvenida realizada al equipo del \u00e1rea cultural de la Embajada de Jap\u00f3n, el director de Cultura, Arq. Le\u00f3nidas Bayo.<\/p>\n","protected":false},"author":7,"featured_media":31614,"comment_status":"open","ping_status":"open","sticky":false,"template":"","format":"standard","meta":{"footnotes":""},"categories":[1],"tags":[738,65,36,323,33,1292],"class_list":["post-31608","post","type-post","status-publish","format-standard","has-post-thumbnail","hentry","category-novedades","tag-ceremonia","tag-cultura","tag-intendencia","tag-japon","tag-rivera","tag-te"],"_links":{"self":[{"href":"https:\/\/www.rivera.gub.uy\/portal\/wp-json\/wp\/v2\/posts\/31608","targetHints":{"allow":["GET"]}}],"collection":[{"href":"https:\/\/www.rivera.gub.uy\/portal\/wp-json\/wp\/v2\/posts"}],"about":[{"href":"https:\/\/www.rivera.gub.uy\/portal\/wp-json\/wp\/v2\/types\/post"}],"author":[{"embeddable":true,"href":"https:\/\/www.rivera.gub.uy\/portal\/wp-json\/wp\/v2\/users\/7"}],"replies":[{"embeddable":true,"href":"https:\/\/www.rivera.gub.uy\/portal\/wp-json\/wp\/v2\/comments?post=31608"}],"version-history":[{"count":4,"href":"https:\/\/www.rivera.gub.uy\/portal\/wp-json\/wp\/v2\/posts\/31608\/revisions"}],"predecessor-version":[{"id":31651,"href":"https:\/\/www.rivera.gub.uy\/portal\/wp-json\/wp\/v2\/posts\/31608\/revisions\/31651"}],"wp:featuredmedia":[{"embeddable":true,"href":"https:\/\/www.rivera.gub.uy\/portal\/wp-json\/wp\/v2\/media\/31614"}],"wp:attachment":[{"href":"https:\/\/www.rivera.gub.uy\/portal\/wp-json\/wp\/v2\/media?parent=31608"}],"wp:term":[{"taxonomy":"category","embeddable":true,"href":"https:\/\/www.rivera.gub.uy\/portal\/wp-json\/wp\/v2\/categories?post=31608"},{"taxonomy":"post_tag","embeddable":true,"href":"https:\/\/www.rivera.gub.uy\/portal\/wp-json\/wp\/v2\/tags?post=31608"}],"curies":[{"name":"wp","href":"https:\/\/api.w.org\/{rel}","templated":true}]}}