{"id":31675,"date":"2021-09-06T20:58:27","date_gmt":"2021-09-06T23:58:27","guid":{"rendered":"https:\/\/www.rivera.gub.uy\/portal\/?p=31675"},"modified":"2021-09-07T11:25:01","modified_gmt":"2021-09-07T14:25:01","slug":"plan-de-viviendas-accesibles","status":"publish","type":"post","link":"https:\/\/www.rivera.gub.uy\/portal\/plan-de-viviendas-accesibles\/","title":{"rendered":"Plan de viviendas accesibles\u00a0"},"content":{"rendered":"<p>Soluciones habitacionales IDR-ANV<\/p>\n<p>El viernes 3 de setiembre, a primera hora de la ma\u00f1ana, el Intendente de Rivera, Cr. Richard Sander Dar\u00edn, junto al secretario general de la IDR, Arq. Jos\u00e9 Mazzoni Gollard\u00eda y el director general de Obras , Arq. Mart\u00edn Garc\u00eda, mantuvieron una importante reuni\u00f3n con el presidente de la Agencia Nacional de Vivienda (ANV), Arq. Klaus Mill von Metzen, en la que se planificaron estrategias para trabajar en forma interinstitucional.<!--more--><\/p>\n<p>Se estudiaron los terrenos de AFE, que cuentan con un potencial enorme para desarrollar viviendas en Avda. Brasil y Fructuoso Rivera, \u201ces algo que ya ven\u00edamos trabajando con AFE, y nos asociamos a la Agencia Nacional, para poder trabajar y desarrollar estos temas\u201d, inform\u00f3 el director general de Obras.<\/p>\n<p>&nbsp;<\/p>\n\r\n\t<div class=\"msacwl-slider-wrap msacwl-row-clearfix \" data-conf=\"{&quot;autoplay&quot;:&quot;true&quot;,&quot;autoplay_speed&quot;:3000,&quot;speed&quot;:300,&quot;arrows&quot;:&quot;true&quot;,&quot;dots&quot;:&quot;true&quot;,&quot;lazyload&quot;:&quot;&quot;}\">\r\n\t\t<div id=\"msacwl-slider-1\" class=\"msacwl-slider msacwl-common-slider msacwl-slider-popup\">\r\n\t\t\t\t\t\t<div class=\"msacwl-slide\" data-item-index=\"1\" >\r\n\t\t\t\t<a class=\"msacwl-img-link\" href=\"javascript:void(0);\" data-mfp-src=\"https:\/\/www.rivera.gub.uy\/portal\/wp-content\/uploads\/2021\/09\/3obras.jpg\">\r\n\t\t\t\t\t<img decoding=\"async\" class=\"msacwl-img\" src=\"https:\/\/www.rivera.gub.uy\/portal\/wp-content\/uploads\/2021\/09\/3obras.jpg\"  data-title=\"\" alt=\"\" \/>\r\n\t\t\t\t<\/a>\r\n\t\t\t\t\t\t\t\t\t<div class=\"msacwl-gallery-caption\">\r\n\t\t\t\t\t\t\t\t\t\t\t\t\t<span class=\"image_title\"><\/span>\r\n\t\t\t\t\t\t\t\t\t\t\t\t\t<span><\/span>\r\n\t\t\t\t\t\t \t\t\t\t\t<\/div>\r\n\t\t\t\t\t\t\t<\/div>\r\n\t\t\t\t\t\t<div class=\"msacwl-slide\" data-item-index=\"2\" >\r\n\t\t\t\t<a class=\"msacwl-img-link\" href=\"javascript:void(0);\" data-mfp-src=\"https:\/\/www.rivera.gub.uy\/portal\/wp-content\/uploads\/2021\/09\/2obras.jpg\">\r\n\t\t\t\t\t<img decoding=\"async\" class=\"msacwl-img\" src=\"https:\/\/www.rivera.gub.uy\/portal\/wp-content\/uploads\/2021\/09\/2obras.jpg\"  data-title=\"\" alt=\"\" \/>\r\n\t\t\t\t<\/a>\r\n\t\t\t\t\t\t\t\t\t<div class=\"msacwl-gallery-caption\">\r\n\t\t\t\t\t\t\t\t\t\t\t\t\t<span class=\"image_title\"><\/span>\r\n\t\t\t\t\t\t\t\t\t\t\t\t\t<span><\/span>\r\n\t\t\t\t\t\t \t\t\t\t\t<\/div>\r\n\t\t\t\t\t\t\t<\/div>\r\n\t\t\t\t\t\t<div class=\"msacwl-slide\" data-item-index=\"3\" >\r\n\t\t\t\t<a class=\"msacwl-img-link\" href=\"javascript:void(0);\" data-mfp-src=\"https:\/\/www.rivera.gub.uy\/portal\/wp-content\/uploads\/2021\/09\/1obras.jpg\">\r\n\t\t\t\t\t<img decoding=\"async\" class=\"msacwl-img\" src=\"https:\/\/www.rivera.gub.uy\/portal\/wp-content\/uploads\/2021\/09\/1obras.jpg\"  data-title=\"\" alt=\"\" \/>\r\n\t\t\t\t<\/a>\r\n\t\t\t\t\t\t\t\t\t<div class=\"msacwl-gallery-caption\">\r\n\t\t\t\t\t\t\t\t\t\t\t\t\t<span class=\"image_title\"><\/span>\r\n\t\t\t\t\t\t\t\t\t\t\t\t\t<span><\/span>\r\n\t\t\t\t\t\t \t\t\t\t\t<\/div>\r\n\t\t\t\t\t\t\t<\/div>\r\n\t\t\t\t\t<\/div>\r\n\t<\/div>\r\n\r\n\t\n<p>&nbsp;<\/p>\n<p>Otros terrenos que pertenecen al Banco Hipotecario, tambi\u00e9n cuentan con una estructura que permiten el desarrollo de la vivienda, \u201dpensando b\u00e1sicamente en familias que tienen su trabajo, ingresos, pero a veces no les alcanza para comprar un terreno y construir una vivienda, entonces a trav\u00e9s de un plan de viviendas accesibles puedan acceder\u00a0 a soluciones habitacionales, ociosas y con todos los servicios a su alrededor\u201d, culmin\u00f3 Garc\u00eda<\/p>\n<p>&nbsp;<\/p>\n<p><iframe loading=\"lazy\" title=\"Plan de viviendas accesibles\" width=\"1160\" height=\"653\" src=\"https:\/\/www.youtube.com\/embed\/2weTm5HobOs?feature=oembed\" frameborder=\"0\" allow=\"accelerometer; autoplay; clipboard-write; encrypted-media; gyroscope; picture-in-picture\" allowfullscreen><\/iframe><\/p>\n","protected":false},"excerpt":{"rendered":"<p>Soluciones habitacionales IDR-ANV El viernes 3 de setiembre, a primera hora de la ma\u00f1ana, el Intendente de Rivera, Cr. Richard Sander Dar\u00edn, junto al secretario general de la IDR, Arq. Jos\u00e9 Mazzoni Gollard\u00eda y el director general de Obras , Arq. Mart\u00edn Garc\u00eda, mantuvieron una importante reuni\u00f3n con el presidente de la Agencia Nacional de [&hellip;]<\/p>\n","protected":false},"author":7,"featured_media":31678,"comment_status":"open","ping_status":"open","sticky":false,"template":"","format":"standard","meta":{"footnotes":""},"categories":[3,1],"tags":[522,36,33,251],"class_list":["post-31675","post","type-post","status-publish","format-standard","has-post-thumbnail","hentry","category-multimedia","category-novedades","tag-anv","tag-intendencia","tag-rivera","tag-viviendas"],"_links":{"self":[{"href":"https:\/\/www.rivera.gub.uy\/portal\/wp-json\/wp\/v2\/posts\/31675","targetHints":{"allow":["GET"]}}],"collection":[{"href":"https:\/\/www.rivera.gub.uy\/portal\/wp-json\/wp\/v2\/posts"}],"about":[{"href":"https:\/\/www.rivera.gub.uy\/portal\/wp-json\/wp\/v2\/types\/post"}],"author":[{"embeddable":true,"href":"https:\/\/www.rivera.gub.uy\/portal\/wp-json\/wp\/v2\/users\/7"}],"replies":[{"embeddable":true,"href":"https:\/\/www.rivera.gub.uy\/portal\/wp-json\/wp\/v2\/comments?post=31675"}],"version-history":[{"count":2,"href":"https:\/\/www.rivera.gub.uy\/portal\/wp-json\/wp\/v2\/posts\/31675\/revisions"}],"predecessor-version":[{"id":31691,"href":"https:\/\/www.rivera.gub.uy\/portal\/wp-json\/wp\/v2\/posts\/31675\/revisions\/31691"}],"wp:featuredmedia":[{"embeddable":true,"href":"https:\/\/www.rivera.gub.uy\/portal\/wp-json\/wp\/v2\/media\/31678"}],"wp:attachment":[{"href":"https:\/\/www.rivera.gub.uy\/portal\/wp-json\/wp\/v2\/media?parent=31675"}],"wp:term":[{"taxonomy":"category","embeddable":true,"href":"https:\/\/www.rivera.gub.uy\/portal\/wp-json\/wp\/v2\/categories?post=31675"},{"taxonomy":"post_tag","embeddable":true,"href":"https:\/\/www.rivera.gub.uy\/portal\/wp-json\/wp\/v2\/tags?post=31675"}],"curies":[{"name":"wp","href":"https:\/\/api.w.org\/{rel}","templated":true}]}}