{"id":31756,"date":"2021-09-09T19:02:59","date_gmt":"2021-09-09T22:02:59","guid":{"rendered":"https:\/\/www.rivera.gub.uy\/portal\/?p=31756"},"modified":"2021-09-09T20:07:59","modified_gmt":"2021-09-09T23:07:59","slug":"tema-de-interes-a-emprendedores","status":"publish","type":"post","link":"https:\/\/www.rivera.gub.uy\/portal\/tema-de-interes-a-emprendedores\/","title":{"rendered":"Tema de inter\u00e9s a emprendedores"},"content":{"rendered":"<p>El llamado a emprendedores vence el pr\u00f3ximo mi\u00e9rcoles 15 de setiembre, interesados presentarse hasta ese d\u00eda en:<!--more--><\/p>\n<p>\u2022 Intendencia departamental de Rivera<br \/>\nOficina de Estrategias (Piso 1)<br \/>\nTel: 4623 1900 int.129<\/p>\n<p>\u2022 Oficinas MIDES Rivera<br \/>\nTel: 4622 7472<br \/>\nFaustino Car\u00e1mbula 1113.<\/p>\n<p><strong>PEQUE\u00d1O EMPRENDEDOR<\/strong><\/p>\n<p>El llamado apunta a peque\u00f1os emprendedores que est\u00e9n en situaci\u00f3n de vulnerabilidad socioecon\u00f3mica, con antig\u00fcedad m\u00ednima de 6 meses en el emprendimiento y deben estar comercializando sus productos o servicios en el mercado.<\/p>\n<p>La Oficina de Estrategias y Articulaciones Regionales comunica que contin\u00faa con los trabajos llevados adelante por Intendencia Departamental de Rivera y el Ministerio de Desarrollo Social, vinculado al apoyo a peque\u00f1os emprendedores de nuestro departamento.<\/p>\n<p>\u201cEmprendimientos Productivos 2021\u201d\u00a0 brindar\u00e1 apoyo a 40 emprendedores, consistente en asistencia t\u00e9cnica financiera, con un pr\u00e9stamo de hasta $ 35.000.<\/p>\n<p>&nbsp;<\/p>\n<p><iframe loading=\"lazy\" title=\"Tema de inter\u00e9s a emprendedores\" width=\"1160\" height=\"653\" src=\"https:\/\/www.youtube.com\/embed\/Mci6aUaXOMY?feature=oembed\" frameborder=\"0\" allow=\"accelerometer; autoplay; clipboard-write; encrypted-media; gyroscope; picture-in-picture\" allowfullscreen><\/iframe><\/p>\n","protected":false},"excerpt":{"rendered":"<p>El llamado a emprendedores vence el pr\u00f3ximo mi\u00e9rcoles 15 de setiembre, interesados presentarse hasta ese d\u00eda en:<\/p>\n","protected":false},"author":7,"featured_media":31589,"comment_status":"open","ping_status":"open","sticky":false,"template":"","format":"standard","meta":{"footnotes":""},"categories":[3,1],"tags":[],"class_list":["post-31756","post","type-post","status-publish","format-standard","has-post-thumbnail","hentry","category-multimedia","category-novedades"],"_links":{"self":[{"href":"https:\/\/www.rivera.gub.uy\/portal\/wp-json\/wp\/v2\/posts\/31756","targetHints":{"allow":["GET"]}}],"collection":[{"href":"https:\/\/www.rivera.gub.uy\/portal\/wp-json\/wp\/v2\/posts"}],"about":[{"href":"https:\/\/www.rivera.gub.uy\/portal\/wp-json\/wp\/v2\/types\/post"}],"author":[{"embeddable":true,"href":"https:\/\/www.rivera.gub.uy\/portal\/wp-json\/wp\/v2\/users\/7"}],"replies":[{"embeddable":true,"href":"https:\/\/www.rivera.gub.uy\/portal\/wp-json\/wp\/v2\/comments?post=31756"}],"version-history":[{"count":1,"href":"https:\/\/www.rivera.gub.uy\/portal\/wp-json\/wp\/v2\/posts\/31756\/revisions"}],"predecessor-version":[{"id":31757,"href":"https:\/\/www.rivera.gub.uy\/portal\/wp-json\/wp\/v2\/posts\/31756\/revisions\/31757"}],"wp:featuredmedia":[{"embeddable":true,"href":"https:\/\/www.rivera.gub.uy\/portal\/wp-json\/wp\/v2\/media\/31589"}],"wp:attachment":[{"href":"https:\/\/www.rivera.gub.uy\/portal\/wp-json\/wp\/v2\/media?parent=31756"}],"wp:term":[{"taxonomy":"category","embeddable":true,"href":"https:\/\/www.rivera.gub.uy\/portal\/wp-json\/wp\/v2\/categories?post=31756"},{"taxonomy":"post_tag","embeddable":true,"href":"https:\/\/www.rivera.gub.uy\/portal\/wp-json\/wp\/v2\/tags?post=31756"}],"curies":[{"name":"wp","href":"https:\/\/api.w.org\/{rel}","templated":true}]}}