{"id":32308,"date":"2021-10-08T11:06:57","date_gmt":"2021-10-08T14:06:57","guid":{"rendered":"https:\/\/www.rivera.gub.uy\/portal\/?p=32308"},"modified":"2021-10-08T11:07:11","modified_gmt":"2021-10-08T14:07:11","slug":"rivera-con-eficiencia-e-inteligencia-energetica","status":"publish","type":"post","link":"https:\/\/www.rivera.gub.uy\/portal\/rivera-con-eficiencia-e-inteligencia-energetica\/","title":{"rendered":"Rivera con eficiencia e inteligencia energ\u00e9tica"},"content":{"rendered":"<p>Se instalar\u00e1n 14.000 l\u00e1mparas LED<\/p>\n<p>El intendente de Rivera, Cr. Richard Sander Dar\u00edn, junto a parte de su equipo de gobierno, recibi\u00f3 al coordinador General de la Oficina de Planeamiento y Presupuesto (OPP), Cr. Guzm\u00e1n Ifr\u00e1n, para hacer una \u201cpuesta a punto\u201d sobre Tecnolog\u00edas Eficientes en el alumbrado p\u00fablico del departamento.<!--more--><\/p>\n<p>Participaron tambi\u00e9n en dicha instancia el Ing. Pablo Sommer de OPP, por la Intendencia, el secretario general, Arq. Jos\u00e9 Mazzoni, los directores generales de Obras, Arq. Mart\u00edn Garc\u00eda, y de Desarrollo y Medio Ambiente, Q.F Alejandro Bert\u00f3n, el director de divisi\u00f3n Alumbrado, Mart\u00ed Molins, entre otros.<\/p>\n<p>El Arq. Garc\u00eda, inform\u00f3 que ya comenzaron con los trabajos de recambio de luminarias LED; \u201ctodo el sistema de alumbrado p\u00fablico que se est\u00e1 instalando, se le incorporan sensores que actuar\u00e1n conjuntamente con divisi\u00f3n Higiene, haciendo que sus servicios sean m\u00e1s eficaces\u201d.<\/p>\n<p>Por su parte el Intendente, resalt\u00f3 la importancia de trabajar \u201cen la misma l\u00ednea\u201d con OPP y el Congreso de Intendentes, generando espacios para recuperar la eficiencia en materia el\u00e9ctrica y ahorrar entre 40 y 50 millones de pesos por a\u00f1o, los cuales ser\u00e1n volcados en diferentes obras en el departamento.<\/p>\n<p>&nbsp;<\/p>\n\r\n\t<div class=\"msacwl-slider-wrap msacwl-row-clearfix \" data-conf=\"{&quot;autoplay&quot;:&quot;true&quot;,&quot;autoplay_speed&quot;:3000,&quot;speed&quot;:300,&quot;arrows&quot;:&quot;true&quot;,&quot;dots&quot;:&quot;true&quot;,&quot;lazyload&quot;:&quot;&quot;}\">\r\n\t\t<div id=\"msacwl-slider-1\" class=\"msacwl-slider msacwl-common-slider msacwl-slider-popup\">\r\n\t\t\t\t\t\t<div class=\"msacwl-slide\" data-item-index=\"1\" >\r\n\t\t\t\t<a class=\"msacwl-img-link\" href=\"javascript:void(0);\" data-mfp-src=\"https:\/\/www.rivera.gub.uy\/portal\/wp-content\/uploads\/2021\/10\/1-4.jpg\">\r\n\t\t\t\t\t<img decoding=\"async\" class=\"msacwl-img\" src=\"https:\/\/www.rivera.gub.uy\/portal\/wp-content\/uploads\/2021\/10\/1-4.jpg\"  data-title=\"\" alt=\"\" \/>\r\n\t\t\t\t<\/a>\r\n\t\t\t\t\t\t\t\t\t<div class=\"msacwl-gallery-caption\">\r\n\t\t\t\t\t\t\t\t\t\t\t\t\t<span class=\"image_title\"><\/span>\r\n\t\t\t\t\t\t\t\t\t\t\t\t\t<span><\/span>\r\n\t\t\t\t\t\t \t\t\t\t\t<\/div>\r\n\t\t\t\t\t\t\t<\/div>\r\n\t\t\t\t\t\t<div class=\"msacwl-slide\" data-item-index=\"2\" >\r\n\t\t\t\t<a class=\"msacwl-img-link\" href=\"javascript:void(0);\" data-mfp-src=\"https:\/\/www.rivera.gub.uy\/portal\/wp-content\/uploads\/2021\/10\/2-3.jpg\">\r\n\t\t\t\t\t<img decoding=\"async\" class=\"msacwl-img\" src=\"https:\/\/www.rivera.gub.uy\/portal\/wp-content\/uploads\/2021\/10\/2-3.jpg\"  data-title=\"\" alt=\"\" \/>\r\n\t\t\t\t<\/a>\r\n\t\t\t\t\t\t\t\t\t<div class=\"msacwl-gallery-caption\">\r\n\t\t\t\t\t\t\t\t\t\t\t\t\t<span class=\"image_title\"><\/span>\r\n\t\t\t\t\t\t\t\t\t\t\t\t\t<span><\/span>\r\n\t\t\t\t\t\t \t\t\t\t\t<\/div>\r\n\t\t\t\t\t\t\t<\/div>\r\n\t\t\t\t\t\t<div class=\"msacwl-slide\" data-item-index=\"3\" >\r\n\t\t\t\t<a class=\"msacwl-img-link\" href=\"javascript:void(0);\" data-mfp-src=\"https:\/\/www.rivera.gub.uy\/portal\/wp-content\/uploads\/2021\/10\/3-4.jpg\">\r\n\t\t\t\t\t<img decoding=\"async\" class=\"msacwl-img\" src=\"https:\/\/www.rivera.gub.uy\/portal\/wp-content\/uploads\/2021\/10\/3-4.jpg\"  data-title=\"\" alt=\"\" \/>\r\n\t\t\t\t<\/a>\r\n\t\t\t\t\t\t\t\t\t<div class=\"msacwl-gallery-caption\">\r\n\t\t\t\t\t\t\t\t\t\t\t\t\t<span class=\"image_title\"><\/span>\r\n\t\t\t\t\t\t\t\t\t\t\t\t\t<span><\/span>\r\n\t\t\t\t\t\t \t\t\t\t\t<\/div>\r\n\t\t\t\t\t\t\t<\/div>\r\n\t\t\t\t\t\t<div class=\"msacwl-slide\" data-item-index=\"4\" >\r\n\t\t\t\t<a class=\"msacwl-img-link\" href=\"javascript:void(0);\" data-mfp-src=\"https:\/\/www.rivera.gub.uy\/portal\/wp-content\/uploads\/2021\/10\/4-3.jpg\">\r\n\t\t\t\t\t<img decoding=\"async\" class=\"msacwl-img\" src=\"https:\/\/www.rivera.gub.uy\/portal\/wp-content\/uploads\/2021\/10\/4-3.jpg\"  data-title=\"\" alt=\"\" \/>\r\n\t\t\t\t<\/a>\r\n\t\t\t\t\t\t\t\t\t<div class=\"msacwl-gallery-caption\">\r\n\t\t\t\t\t\t\t\t\t\t\t\t\t<span class=\"image_title\"><\/span>\r\n\t\t\t\t\t\t\t\t\t\t\t\t\t<span><\/span>\r\n\t\t\t\t\t\t \t\t\t\t\t<\/div>\r\n\t\t\t\t\t\t\t<\/div>\r\n\t\t\t\t\t\t<div class=\"msacwl-slide\" data-item-index=\"5\" >\r\n\t\t\t\t<a class=\"msacwl-img-link\" href=\"javascript:void(0);\" data-mfp-src=\"https:\/\/www.rivera.gub.uy\/portal\/wp-content\/uploads\/2021\/10\/5-3.jpg\">\r\n\t\t\t\t\t<img decoding=\"async\" class=\"msacwl-img\" src=\"https:\/\/www.rivera.gub.uy\/portal\/wp-content\/uploads\/2021\/10\/5-3.jpg\"  data-title=\"\" alt=\"\" \/>\r\n\t\t\t\t<\/a>\r\n\t\t\t\t\t\t\t\t\t<div class=\"msacwl-gallery-caption\">\r\n\t\t\t\t\t\t\t\t\t\t\t\t\t<span class=\"image_title\"><\/span>\r\n\t\t\t\t\t\t\t\t\t\t\t\t\t<span><\/span>\r\n\t\t\t\t\t\t \t\t\t\t\t<\/div>\r\n\t\t\t\t\t\t\t<\/div>\r\n\t\t\t\t\t<\/div>\r\n\t<\/div>\r\n\r\n\t\n<p>&nbsp;<\/p>\n<p>Sander agreg\u00f3 que se reunir\u00e1 con autoridades de UTE, para homologar una nueva forma de medici\u00f3n tecnol\u00f3gica, \u201cque nos va a permitir reducir el consumo\u201d.<\/p>\n<p><strong>Direcci\u00f3n General de Obras<\/strong><\/p>\n<p>Se cre\u00f3 la Unidad de Innovaci\u00f3n Desarrollo e Investigaci\u00f3n, desde donde se va a trabajar con proyectos de \u201cCiudades Inteligentes\u201d para ir incorporando tecnolog\u00eda en forma paulatina al cotidiano de los riverenses, lo que redundar\u00e1 en lograr servicios m\u00e1s eficientes e integrados, con la posibilidad de brindar mejores soluciones a los inconvenientes, as\u00ed como ahorrar m\u00e1s y efectuar mejores controles.<\/p>\n<p><strong>LED<\/strong><\/p>\n<p>En la ciudad de Rivera, se llevan colocadas 1.700 l\u00e1mparas LED, de las 4.500 que se licitaron.<\/p>\n<p>&nbsp;<\/p>\n<p><iframe loading=\"lazy\" title=\"Rivera con eficiencia e inteligencia energ\u00e9tica\" width=\"1160\" height=\"653\" src=\"https:\/\/www.youtube.com\/embed\/kxOUgl7mYDU?feature=oembed\" frameborder=\"0\" allow=\"accelerometer; autoplay; clipboard-write; encrypted-media; gyroscope; picture-in-picture\" allowfullscreen><\/iframe><\/p>\n","protected":false},"excerpt":{"rendered":"<p>Se instalar\u00e1n 14.000 l\u00e1mparas LED El intendente de Rivera, Cr. Richard Sander Dar\u00edn, junto a parte de su equipo de gobierno, recibi\u00f3 al coordinador General de la Oficina de Planeamiento y Presupuesto (OPP), Cr. Guzm\u00e1n Ifr\u00e1n, para hacer una \u201cpuesta a punto\u201d sobre Tecnolog\u00edas Eficientes en el alumbrado p\u00fablico del departamento.<\/p>\n","protected":false},"author":7,"featured_media":32309,"comment_status":"open","ping_status":"open","sticky":false,"template":"","format":"standard","meta":{"footnotes":""},"categories":[3,1],"tags":[],"class_list":["post-32308","post","type-post","status-publish","format-standard","has-post-thumbnail","hentry","category-multimedia","category-novedades"],"_links":{"self":[{"href":"https:\/\/www.rivera.gub.uy\/portal\/wp-json\/wp\/v2\/posts\/32308","targetHints":{"allow":["GET"]}}],"collection":[{"href":"https:\/\/www.rivera.gub.uy\/portal\/wp-json\/wp\/v2\/posts"}],"about":[{"href":"https:\/\/www.rivera.gub.uy\/portal\/wp-json\/wp\/v2\/types\/post"}],"author":[{"embeddable":true,"href":"https:\/\/www.rivera.gub.uy\/portal\/wp-json\/wp\/v2\/users\/7"}],"replies":[{"embeddable":true,"href":"https:\/\/www.rivera.gub.uy\/portal\/wp-json\/wp\/v2\/comments?post=32308"}],"version-history":[{"count":1,"href":"https:\/\/www.rivera.gub.uy\/portal\/wp-json\/wp\/v2\/posts\/32308\/revisions"}],"predecessor-version":[{"id":32314,"href":"https:\/\/www.rivera.gub.uy\/portal\/wp-json\/wp\/v2\/posts\/32308\/revisions\/32314"}],"wp:featuredmedia":[{"embeddable":true,"href":"https:\/\/www.rivera.gub.uy\/portal\/wp-json\/wp\/v2\/media\/32309"}],"wp:attachment":[{"href":"https:\/\/www.rivera.gub.uy\/portal\/wp-json\/wp\/v2\/media?parent=32308"}],"wp:term":[{"taxonomy":"category","embeddable":true,"href":"https:\/\/www.rivera.gub.uy\/portal\/wp-json\/wp\/v2\/categories?post=32308"},{"taxonomy":"post_tag","embeddable":true,"href":"https:\/\/www.rivera.gub.uy\/portal\/wp-json\/wp\/v2\/tags?post=32308"}],"curies":[{"name":"wp","href":"https:\/\/api.w.org\/{rel}","templated":true}]}}