{"id":32422,"date":"2021-10-14T15:10:27","date_gmt":"2021-10-14T18:10:27","guid":{"rendered":"https:\/\/www.rivera.gub.uy\/portal\/?p=32422"},"modified":"2021-10-14T15:10:27","modified_gmt":"2021-10-14T18:10:27","slug":"octubre-rosa-la-informacion-es-el-camino","status":"publish","type":"post","link":"https:\/\/www.rivera.gub.uy\/portal\/octubre-rosa-la-informacion-es-el-camino\/","title":{"rendered":"Octubre rosa &#8211; &#8220;La informaci\u00f3n es el camino&#8221;"},"content":{"rendered":"<p>La Intendencia Departamental de Rivera, se suma a las actividades enmarcadas en la campa\u00f1a \u201cOctubre Rosa\u201d, mes de concientizaci\u00f3n sobre el c\u00e1ncer de mama.<!--more--><\/p>\n<p>En el segundo subsuelo del edificio comunal, se instal\u00f3 una Feria Interactiva, que se extiende hasta el viernes, en horario de la ma\u00f1ana, con representantes de la Intendencia, de la Comisi\u00f3n Honoraria de Lucha Contra El C\u00e1ncer y de la ONG Mujeres Celebran la vida.<\/p>\n<p>A trav\u00e9s de la Unidad Coordinadora de Asuntos Sociales y Comunitarios, su directora, Dra. Paula Nieves, resalta la importancia de la informaci\u00f3n, por lo que se realizar\u00e1n una serie de charlas a nivel departamento, incluyendo Tranqueras, Minas de Corrales y Vichadero.<\/p>\n<p>La presidente de la ONG Mujeres Celebran la Vida, Arch. Sonia D\u00edaz, remarc\u00f3 que dicha organizaci\u00f3n se enfoca en octubre, en la \u201csensibilizaci\u00f3n y concientizaci\u00f3n\u201d del tema c\u00e1ncer de mama, aunque ya hace seis a\u00f1os que trabaja diariamente atendiendo solicitudes de pacientes de la frontera y de otros departamentos, que requieren pr\u00f3tesis, pr\u00e9stamo de pelucas, informaci\u00f3n y contenci\u00f3n.<\/p>\n<p>Por su parte, Mariana Perera, de la Comisi\u00f3n Honoraria de Lucha Contra el C\u00e1ncer, inform\u00f3 que la Campa\u00f1a 2021 es \u201cOctubre, es tiempo de reiniciar\u201d. Destac\u00f3 que los pilares de la prevenci\u00f3n del c\u00e1ncer de mama son: educaci\u00f3n en salud y sensibilizaci\u00f3n,\u00a0 \u201cpromocionando h\u00e1bitos saludables de vida\u201d, culmin\u00f3.<\/p>\n<p>&nbsp;<\/p>\n\r\n\t<div class=\"msacwl-slider-wrap msacwl-row-clearfix \" data-conf=\"{&quot;autoplay&quot;:&quot;true&quot;,&quot;autoplay_speed&quot;:3000,&quot;speed&quot;:300,&quot;arrows&quot;:&quot;true&quot;,&quot;dots&quot;:&quot;true&quot;,&quot;lazyload&quot;:&quot;&quot;}\">\r\n\t\t<div id=\"msacwl-slider-1\" class=\"msacwl-slider msacwl-common-slider msacwl-slider-popup\">\r\n\t\t\t\t\t\t<div class=\"msacwl-slide\" data-item-index=\"1\" >\r\n\t\t\t\t<a class=\"msacwl-img-link\" href=\"javascript:void(0);\" data-mfp-src=\"https:\/\/www.rivera.gub.uy\/portal\/wp-content\/uploads\/2021\/10\/1-7.jpg\">\r\n\t\t\t\t\t<img decoding=\"async\" class=\"msacwl-img\" src=\"https:\/\/www.rivera.gub.uy\/portal\/wp-content\/uploads\/2021\/10\/1-7.jpg\"  data-title=\"\" alt=\"\" \/>\r\n\t\t\t\t<\/a>\r\n\t\t\t\t\t\t\t\t\t<div class=\"msacwl-gallery-caption\">\r\n\t\t\t\t\t\t\t\t\t\t\t\t\t<span class=\"image_title\"><\/span>\r\n\t\t\t\t\t\t\t\t\t\t\t\t\t<span><\/span>\r\n\t\t\t\t\t\t \t\t\t\t\t<\/div>\r\n\t\t\t\t\t\t\t<\/div>\r\n\t\t\t\t\t\t<div class=\"msacwl-slide\" data-item-index=\"2\" >\r\n\t\t\t\t<a class=\"msacwl-img-link\" href=\"javascript:void(0);\" data-mfp-src=\"https:\/\/www.rivera.gub.uy\/portal\/wp-content\/uploads\/2021\/10\/2-6.jpg\">\r\n\t\t\t\t\t<img decoding=\"async\" class=\"msacwl-img\" src=\"https:\/\/www.rivera.gub.uy\/portal\/wp-content\/uploads\/2021\/10\/2-6.jpg\"  data-title=\"\" alt=\"\" \/>\r\n\t\t\t\t<\/a>\r\n\t\t\t\t\t\t\t\t\t<div class=\"msacwl-gallery-caption\">\r\n\t\t\t\t\t\t\t\t\t\t\t\t\t<span class=\"image_title\"><\/span>\r\n\t\t\t\t\t\t\t\t\t\t\t\t\t<span><\/span>\r\n\t\t\t\t\t\t \t\t\t\t\t<\/div>\r\n\t\t\t\t\t\t\t<\/div>\r\n\t\t\t\t\t<\/div>\r\n\t<\/div>\r\n\r\n\t\n","protected":false},"excerpt":{"rendered":"<p>La Intendencia Departamental de Rivera, se suma a las actividades enmarcadas en la campa\u00f1a \u201cOctubre Rosa\u201d, mes de concientizaci\u00f3n sobre el c\u00e1ncer de mama.<\/p>\n","protected":false},"author":7,"featured_media":32424,"comment_status":"open","ping_status":"open","sticky":false,"template":"","format":"standard","meta":{"footnotes":""},"categories":[1],"tags":[],"class_list":["post-32422","post","type-post","status-publish","format-standard","has-post-thumbnail","hentry","category-novedades"],"_links":{"self":[{"href":"https:\/\/www.rivera.gub.uy\/portal\/wp-json\/wp\/v2\/posts\/32422","targetHints":{"allow":["GET"]}}],"collection":[{"href":"https:\/\/www.rivera.gub.uy\/portal\/wp-json\/wp\/v2\/posts"}],"about":[{"href":"https:\/\/www.rivera.gub.uy\/portal\/wp-json\/wp\/v2\/types\/post"}],"author":[{"embeddable":true,"href":"https:\/\/www.rivera.gub.uy\/portal\/wp-json\/wp\/v2\/users\/7"}],"replies":[{"embeddable":true,"href":"https:\/\/www.rivera.gub.uy\/portal\/wp-json\/wp\/v2\/comments?post=32422"}],"version-history":[{"count":1,"href":"https:\/\/www.rivera.gub.uy\/portal\/wp-json\/wp\/v2\/posts\/32422\/revisions"}],"predecessor-version":[{"id":32425,"href":"https:\/\/www.rivera.gub.uy\/portal\/wp-json\/wp\/v2\/posts\/32422\/revisions\/32425"}],"wp:featuredmedia":[{"embeddable":true,"href":"https:\/\/www.rivera.gub.uy\/portal\/wp-json\/wp\/v2\/media\/32424"}],"wp:attachment":[{"href":"https:\/\/www.rivera.gub.uy\/portal\/wp-json\/wp\/v2\/media?parent=32422"}],"wp:term":[{"taxonomy":"category","embeddable":true,"href":"https:\/\/www.rivera.gub.uy\/portal\/wp-json\/wp\/v2\/categories?post=32422"},{"taxonomy":"post_tag","embeddable":true,"href":"https:\/\/www.rivera.gub.uy\/portal\/wp-json\/wp\/v2\/tags?post=32422"}],"curies":[{"name":"wp","href":"https:\/\/api.w.org\/{rel}","templated":true}]}}