{"id":3243,"date":"2017-10-30T14:44:27","date_gmt":"2017-10-30T16:44:27","guid":{"rendered":"http:\/\/www.rivera.gub.uy\/portal\/?p=3243"},"modified":"2017-10-30T18:06:22","modified_gmt":"2017-10-30T20:06:22","slug":"rivera-celebra-100-anos-de-la-cumparsita","status":"publish","type":"post","link":"https:\/\/www.rivera.gub.uy\/portal\/rivera-celebra-100-anos-de-la-cumparsita\/","title":{"rendered":"Rivera celebra: \u201c100 A\u00f1os de la Cumparsita\u201d"},"content":{"rendered":"<p class=\"western\"><span style=\"font-size: large\">En virtud de celebrarse los 100 A\u00f1os de la famosa melod\u00eda de \u201cLa Cumparsita\u201d, el Teatro Municipal de Rivera, se visti\u00f3 de fiesta para homenajear la \u201cobra maestra\u201d del compositor uruguayo, Gerardo Mattos Rodr\u00edguez.<\/span><\/p>\n<p class=\"western\">\u201c<span style=\"font-size: large\">La Cumparsita\u201d es sin dudas \u201cel tango de los tangos\u201d. El m\u00e1s famoso en todo el mundo y la composici\u00f3n de su melod\u00eda data entre finales de 1915 y principios de 1916; y es por esa raz\u00f3n que durante todo el a\u00f1o 2017, se ha rendido homenaje a este famoso tango, que lleva el sello de Uruguay donde quiera que se escuche.<\/span><!--more--><\/p>\n<p class=\"western\"><span style=\"font-size: large\">Por tal motivo, en el a\u00f1o de centenario del tango, los Elencos Departamentales de la Intendencia Departamental de Rivera, fueron part\u00edcipes de un gran espect\u00e1culo brindado el d\u00eda s\u00e1bado 28 de octubre en el Teatro Municipal.<\/span><\/p>\n<p class=\"western\"><span style=\"font-size: large\">El evento fue organizado por la Direcci\u00f3n General de Promoci\u00f3n y Acci\u00f3n Social a trav\u00e9s de la Divisi\u00f3n Cultura y cont\u00f3 con la presencia de todos los elencos de esa Divisi\u00f3n, Canto, Danzas, Teatro y la Orquesta Departamental.<\/span><\/p>\n<p class=\"western\"><span style=\"font-size: large\">En expresiones del Director de Cultura de la IDR, Alex Alvez, resalt\u00f3 \u201ca sala llena estamos culminando los festejos de los 100 a\u00f1os de la Cumparsita, mostrando los valores de nuestros Elencos Departamentales. Cobramos un precio m\u00f3dico de entrada, para cubrir costos y creemos que todos los espect\u00e1culos merecen que se valoren por lo m\u00ednimo que sea. Este festejo se realiza a nivel nacional y por nuestra parte lo hemos hecho durante todo el a\u00f1o. Nos sorprendi\u00f3 gratamente la participaci\u00f3n del p\u00fablico y es muy importante que la comunidad le de valor a los elencos riverenses\u201d.<\/span><\/p>\n<div id='gallery-1' class='gallery galleryid-3243 gallery-columns-5 gallery-size-thumbnail'><figure class='gallery-item'>\n\t\t\t<div class='gallery-icon landscape'>\n\t\t\t\t<a href='https:\/\/www.rivera.gub.uy\/portal\/wp-content\/uploads\/2017\/10\/DSC_2554-Copiar.jpg'><img loading=\"lazy\" decoding=\"async\" width=\"132\" height=\"94\" src=\"https:\/\/www.rivera.gub.uy\/portal\/wp-content\/uploads\/2017\/10\/DSC_2554-Copiar-132x94.jpg\" class=\"attachment-thumbnail size-thumbnail\" alt=\"\" srcset=\"https:\/\/www.rivera.gub.uy\/portal\/wp-content\/uploads\/2017\/10\/DSC_2554-Copiar-132x94.jpg 132w, https:\/\/www.rivera.gub.uy\/portal\/wp-content\/uploads\/2017\/10\/DSC_2554-Copiar-263x188.jpg 263w, https:\/\/www.rivera.gub.uy\/portal\/wp-content\/uploads\/2017\/10\/DSC_2554-Copiar-768x549.jpg 768w, https:\/\/www.rivera.gub.uy\/portal\/wp-content\/uploads\/2017\/10\/DSC_2554-Copiar-876x626.jpg 876w, https:\/\/www.rivera.gub.uy\/portal\/wp-content\/uploads\/2017\/10\/DSC_2554-Copiar-820x586.jpg 820w, https:\/\/www.rivera.gub.uy\/portal\/wp-content\/uploads\/2017\/10\/DSC_2554-Copiar.jpg 1575w\" sizes=\"auto, (max-width: 132px) 100vw, 132px\" \/><\/a>\n\t\t\t<\/div><\/figure><figure class='gallery-item'>\n\t\t\t<div class='gallery-icon landscape'>\n\t\t\t\t<a href='https:\/\/www.rivera.gub.uy\/portal\/wp-content\/uploads\/2017\/10\/DSC_2595-Copiar.jpg'><img loading=\"lazy\" decoding=\"async\" width=\"132\" height=\"94\" src=\"https:\/\/www.rivera.gub.uy\/portal\/wp-content\/uploads\/2017\/10\/DSC_2595-Copiar-132x94.jpg\" class=\"attachment-thumbnail size-thumbnail\" alt=\"\" srcset=\"https:\/\/www.rivera.gub.uy\/portal\/wp-content\/uploads\/2017\/10\/DSC_2595-Copiar-132x94.jpg 132w, https:\/\/www.rivera.gub.uy\/portal\/wp-content\/uploads\/2017\/10\/DSC_2595-Copiar-263x188.jpg 263w, https:\/\/www.rivera.gub.uy\/portal\/wp-content\/uploads\/2017\/10\/DSC_2595-Copiar-768x549.jpg 768w, https:\/\/www.rivera.gub.uy\/portal\/wp-content\/uploads\/2017\/10\/DSC_2595-Copiar-876x626.jpg 876w, https:\/\/www.rivera.gub.uy\/portal\/wp-content\/uploads\/2017\/10\/DSC_2595-Copiar-820x586.jpg 820w, https:\/\/www.rivera.gub.uy\/portal\/wp-content\/uploads\/2017\/10\/DSC_2595-Copiar.jpg 1575w\" sizes=\"auto, (max-width: 132px) 100vw, 132px\" \/><\/a>\n\t\t\t<\/div><\/figure><figure class='gallery-item'>\n\t\t\t<div class='gallery-icon portrait'>\n\t\t\t\t<a href='https:\/\/www.rivera.gub.uy\/portal\/wp-content\/uploads\/2017\/10\/DSC_2671-Copiar.jpg'><img loading=\"lazy\" decoding=\"async\" width=\"67\" height=\"94\" src=\"https:\/\/www.rivera.gub.uy\/portal\/wp-content\/uploads\/2017\/10\/DSC_2671-Copiar-67x94.jpg\" class=\"attachment-thumbnail size-thumbnail\" alt=\"\" srcset=\"https:\/\/www.rivera.gub.uy\/portal\/wp-content\/uploads\/2017\/10\/DSC_2671-Copiar-67x94.jpg 67w, https:\/\/www.rivera.gub.uy\/portal\/wp-content\/uploads\/2017\/10\/DSC_2671-Copiar-134x188.jpg 134w, https:\/\/www.rivera.gub.uy\/portal\/wp-content\/uploads\/2017\/10\/DSC_2671-Copiar-768x1075.jpg 768w, https:\/\/www.rivera.gub.uy\/portal\/wp-content\/uploads\/2017\/10\/DSC_2671-Copiar-447x626.jpg 447w, https:\/\/www.rivera.gub.uy\/portal\/wp-content\/uploads\/2017\/10\/DSC_2671-Copiar-820x1148.jpg 820w, https:\/\/www.rivera.gub.uy\/portal\/wp-content\/uploads\/2017\/10\/DSC_2671-Copiar.jpg 1125w\" sizes=\"auto, (max-width: 67px) 100vw, 67px\" \/><\/a>\n\t\t\t<\/div><\/figure><figure class='gallery-item'>\n\t\t\t<div class='gallery-icon landscape'>\n\t\t\t\t<a href='https:\/\/www.rivera.gub.uy\/portal\/wp-content\/uploads\/2017\/10\/DSC_2725-Copiar.jpg'><img loading=\"lazy\" decoding=\"async\" width=\"132\" height=\"94\" src=\"https:\/\/www.rivera.gub.uy\/portal\/wp-content\/uploads\/2017\/10\/DSC_2725-Copiar-132x94.jpg\" class=\"attachment-thumbnail size-thumbnail\" alt=\"\" srcset=\"https:\/\/www.rivera.gub.uy\/portal\/wp-content\/uploads\/2017\/10\/DSC_2725-Copiar-132x94.jpg 132w, https:\/\/www.rivera.gub.uy\/portal\/wp-content\/uploads\/2017\/10\/DSC_2725-Copiar-263x188.jpg 263w, https:\/\/www.rivera.gub.uy\/portal\/wp-content\/uploads\/2017\/10\/DSC_2725-Copiar-768x549.jpg 768w, https:\/\/www.rivera.gub.uy\/portal\/wp-content\/uploads\/2017\/10\/DSC_2725-Copiar-876x626.jpg 876w, https:\/\/www.rivera.gub.uy\/portal\/wp-content\/uploads\/2017\/10\/DSC_2725-Copiar-820x586.jpg 820w, https:\/\/www.rivera.gub.uy\/portal\/wp-content\/uploads\/2017\/10\/DSC_2725-Copiar.jpg 1575w\" sizes=\"auto, (max-width: 132px) 100vw, 132px\" \/><\/a>\n\t\t\t<\/div><\/figure><figure class='gallery-item'>\n\t\t\t<div class='gallery-icon landscape'>\n\t\t\t\t<a href='https:\/\/www.rivera.gub.uy\/portal\/wp-content\/uploads\/2017\/10\/DSC_2769-Copiar.jpg'><img loading=\"lazy\" decoding=\"async\" width=\"132\" height=\"94\" src=\"https:\/\/www.rivera.gub.uy\/portal\/wp-content\/uploads\/2017\/10\/DSC_2769-Copiar-132x94.jpg\" class=\"attachment-thumbnail size-thumbnail\" alt=\"\" srcset=\"https:\/\/www.rivera.gub.uy\/portal\/wp-content\/uploads\/2017\/10\/DSC_2769-Copiar-132x94.jpg 132w, https:\/\/www.rivera.gub.uy\/portal\/wp-content\/uploads\/2017\/10\/DSC_2769-Copiar-263x188.jpg 263w, https:\/\/www.rivera.gub.uy\/portal\/wp-content\/uploads\/2017\/10\/DSC_2769-Copiar-768x549.jpg 768w, https:\/\/www.rivera.gub.uy\/portal\/wp-content\/uploads\/2017\/10\/DSC_2769-Copiar-876x626.jpg 876w, https:\/\/www.rivera.gub.uy\/portal\/wp-content\/uploads\/2017\/10\/DSC_2769-Copiar-820x586.jpg 820w, https:\/\/www.rivera.gub.uy\/portal\/wp-content\/uploads\/2017\/10\/DSC_2769-Copiar.jpg 1575w\" sizes=\"auto, (max-width: 132px) 100vw, 132px\" \/><\/a>\n\t\t\t<\/div><\/figure>\n\t\t<\/div>\n\n<p><iframe loading=\"lazy\" width=\"1160\" height=\"653\" src=\"https:\/\/www.youtube.com\/embed\/QgQWc9jy1qQ?feature=oembed\" frameborder=\"0\" gesture=\"media\" allowfullscreen><\/iframe><\/p>\n","protected":false},"excerpt":{"rendered":"<p>En virtud de celebrarse los 100 A\u00f1os de la famosa melod\u00eda de \u201cLa Cumparsita\u201d, el Teatro Municipal de Rivera, se visti\u00f3 de fiesta para homenajear la \u201cobra maestra\u201d del compositor uruguayo, Gerardo Mattos Rodr\u00edguez. \u201cLa Cumparsita\u201d es sin dudas \u201cel tango de los tangos\u201d. El m\u00e1s famoso en todo el mundo y la composici\u00f3n de [&hellip;]<\/p>\n","protected":false},"author":7,"featured_media":3248,"comment_status":"open","ping_status":"open","sticky":false,"template":"","format":"standard","meta":{"footnotes":""},"categories":[6,1],"tags":[65,221,36,33,247],"class_list":["post-3243","post","type-post","status-publish","format-standard","has-post-thumbnail","hentry","category-cultura","category-novedades","tag-cultura","tag-cumparsita","tag-intendencia","tag-rivera","tag-teatro"],"_links":{"self":[{"href":"https:\/\/www.rivera.gub.uy\/portal\/wp-json\/wp\/v2\/posts\/3243","targetHints":{"allow":["GET"]}}],"collection":[{"href":"https:\/\/www.rivera.gub.uy\/portal\/wp-json\/wp\/v2\/posts"}],"about":[{"href":"https:\/\/www.rivera.gub.uy\/portal\/wp-json\/wp\/v2\/types\/post"}],"author":[{"embeddable":true,"href":"https:\/\/www.rivera.gub.uy\/portal\/wp-json\/wp\/v2\/users\/7"}],"replies":[{"embeddable":true,"href":"https:\/\/www.rivera.gub.uy\/portal\/wp-json\/wp\/v2\/comments?post=3243"}],"version-history":[{"count":2,"href":"https:\/\/www.rivera.gub.uy\/portal\/wp-json\/wp\/v2\/posts\/3243\/revisions"}],"predecessor-version":[{"id":3250,"href":"https:\/\/www.rivera.gub.uy\/portal\/wp-json\/wp\/v2\/posts\/3243\/revisions\/3250"}],"wp:featuredmedia":[{"embeddable":true,"href":"https:\/\/www.rivera.gub.uy\/portal\/wp-json\/wp\/v2\/media\/3248"}],"wp:attachment":[{"href":"https:\/\/www.rivera.gub.uy\/portal\/wp-json\/wp\/v2\/media?parent=3243"}],"wp:term":[{"taxonomy":"category","embeddable":true,"href":"https:\/\/www.rivera.gub.uy\/portal\/wp-json\/wp\/v2\/categories?post=3243"},{"taxonomy":"post_tag","embeddable":true,"href":"https:\/\/www.rivera.gub.uy\/portal\/wp-json\/wp\/v2\/tags?post=3243"}],"curies":[{"name":"wp","href":"https:\/\/api.w.org\/{rel}","templated":true}]}}