{"id":32474,"date":"2021-10-16T19:13:42","date_gmt":"2021-10-16T22:13:42","guid":{"rendered":"https:\/\/www.rivera.gub.uy\/portal\/?p=32474"},"modified":"2021-10-16T19:13:42","modified_gmt":"2021-10-16T22:13:42","slug":"el-intendente-cr-richard-sander-formo-parte-del-gran-dia","status":"publish","type":"post","link":"https:\/\/www.rivera.gub.uy\/portal\/el-intendente-cr-richard-sander-formo-parte-del-gran-dia\/","title":{"rendered":"El intendente Cr. Richard Sander form\u00f3 parte del &#8220;Gran D\u00eda&#8221;"},"content":{"rendered":"<p>El intendente Cr. Richard Sander particip\u00f3 de la jornada solidaria de McDonald\u2019s, este 15 de octubre, en la cual se busca generar fondos para colaborar con la Asociaci\u00f3n Casa Ronald McDonald y el Liceo Impulso a trav\u00e9s de la compra de la hamburguesa Big Mac.<!--more--><\/p>\n<p>&nbsp;<\/p>\n<p><iframe loading=\"lazy\" title=\"El intendente Cr. Richard Sander particip\u00f3 de la jornada solidaria de McDonald\u2019s\" width=\"1160\" height=\"653\" src=\"https:\/\/www.youtube.com\/embed\/q2HZsloB5Wo?feature=oembed\" frameborder=\"0\" allow=\"accelerometer; autoplay; clipboard-write; encrypted-media; gyroscope; picture-in-picture\" allowfullscreen><\/iframe><\/p>\n","protected":false},"excerpt":{"rendered":"<p>El intendente Cr. Richard Sander particip\u00f3 de la jornada solidaria de McDonald\u2019s, este 15 de octubre, en la cual se busca generar fondos para colaborar con la Asociaci\u00f3n Casa Ronald McDonald y el Liceo Impulso a trav\u00e9s de la compra de la hamburguesa Big Mac.<\/p>\n","protected":false},"author":7,"featured_media":32475,"comment_status":"open","ping_status":"open","sticky":false,"template":"","format":"standard","meta":{"footnotes":""},"categories":[3,1],"tags":[],"class_list":["post-32474","post","type-post","status-publish","format-standard","has-post-thumbnail","hentry","category-multimedia","category-novedades"],"_links":{"self":[{"href":"https:\/\/www.rivera.gub.uy\/portal\/wp-json\/wp\/v2\/posts\/32474","targetHints":{"allow":["GET"]}}],"collection":[{"href":"https:\/\/www.rivera.gub.uy\/portal\/wp-json\/wp\/v2\/posts"}],"about":[{"href":"https:\/\/www.rivera.gub.uy\/portal\/wp-json\/wp\/v2\/types\/post"}],"author":[{"embeddable":true,"href":"https:\/\/www.rivera.gub.uy\/portal\/wp-json\/wp\/v2\/users\/7"}],"replies":[{"embeddable":true,"href":"https:\/\/www.rivera.gub.uy\/portal\/wp-json\/wp\/v2\/comments?post=32474"}],"version-history":[{"count":1,"href":"https:\/\/www.rivera.gub.uy\/portal\/wp-json\/wp\/v2\/posts\/32474\/revisions"}],"predecessor-version":[{"id":32476,"href":"https:\/\/www.rivera.gub.uy\/portal\/wp-json\/wp\/v2\/posts\/32474\/revisions\/32476"}],"wp:featuredmedia":[{"embeddable":true,"href":"https:\/\/www.rivera.gub.uy\/portal\/wp-json\/wp\/v2\/media\/32475"}],"wp:attachment":[{"href":"https:\/\/www.rivera.gub.uy\/portal\/wp-json\/wp\/v2\/media?parent=32474"}],"wp:term":[{"taxonomy":"category","embeddable":true,"href":"https:\/\/www.rivera.gub.uy\/portal\/wp-json\/wp\/v2\/categories?post=32474"},{"taxonomy":"post_tag","embeddable":true,"href":"https:\/\/www.rivera.gub.uy\/portal\/wp-json\/wp\/v2\/tags?post=32474"}],"curies":[{"name":"wp","href":"https:\/\/api.w.org\/{rel}","templated":true}]}}