{"id":326,"date":"2013-11-19T10:30:56","date_gmt":"2013-11-19T12:30:56","guid":{"rendered":"http:\/\/c0010014.ferozo.com\/?p=326"},"modified":"2018-07-20T12:27:35","modified_gmt":"2018-07-20T15:27:35","slug":"melancia-mall-shopping","status":"publish","type":"post","link":"https:\/\/www.rivera.gub.uy\/portal\/melancia-mall-shopping\/","title":{"rendered":"Melancia Mall &#8211; Shopping"},"content":{"rendered":"<p>Demandar\u00e1 una inversi\u00f3n de US$ 80 millones y se estima abrir\u00e1 sus puertas en 2014.\u00a0Es un proyecto transformador que jerarquiza la zona, con una fuerte inversi\u00f3n p\u00fablica en la apertura de calles, en instalaci\u00f3n de servicios p\u00fablicos y un puente que integrar\u00e1 al Cu\u00f1apir\u00fa a lo que es el funcionamiento de la ciudad.<\/p>\n<p><a href=\"http:\/\/www.melanciamall.com\/\" target=\"_blank\" rel=\"noopener noreferrer\">Portal Web<\/a><\/p>\n","protected":false},"excerpt":{"rendered":"<p>Demandar\u00e1 una inversi\u00f3n de US$ 80 millones y se estima abrir\u00e1 sus puertas en 2014.\u00a0Es un proyecto transformador que jerarquiza la zona, con una fuerte inversi\u00f3n p\u00fablica en la apertura de calles, en instalaci\u00f3n de servicios p\u00fablicos y un puente que integrar\u00e1 al Cu\u00f1apir\u00fa a lo que es el funcionamiento de la ciudad. Portal Web<\/p>\n","protected":false},"author":1,"featured_media":720,"comment_status":"open","ping_status":"open","sticky":false,"template":"","format":"standard","meta":{"footnotes":""},"categories":[9,10,1],"tags":[36,761,33,319],"class_list":["post-326","post","type-post","status-publish","format-standard","has-post-thumbnail","hentry","category-desarrollo-empresarial","category-inversion-privada","category-novedades","tag-intendencia","tag-melancia","tag-rivera","tag-shopping"],"_links":{"self":[{"href":"https:\/\/www.rivera.gub.uy\/portal\/wp-json\/wp\/v2\/posts\/326","targetHints":{"allow":["GET"]}}],"collection":[{"href":"https:\/\/www.rivera.gub.uy\/portal\/wp-json\/wp\/v2\/posts"}],"about":[{"href":"https:\/\/www.rivera.gub.uy\/portal\/wp-json\/wp\/v2\/types\/post"}],"author":[{"embeddable":true,"href":"https:\/\/www.rivera.gub.uy\/portal\/wp-json\/wp\/v2\/users\/1"}],"replies":[{"embeddable":true,"href":"https:\/\/www.rivera.gub.uy\/portal\/wp-json\/wp\/v2\/comments?post=326"}],"version-history":[{"count":2,"href":"https:\/\/www.rivera.gub.uy\/portal\/wp-json\/wp\/v2\/posts\/326\/revisions"}],"predecessor-version":[{"id":1975,"href":"https:\/\/www.rivera.gub.uy\/portal\/wp-json\/wp\/v2\/posts\/326\/revisions\/1975"}],"wp:featuredmedia":[{"embeddable":true,"href":"https:\/\/www.rivera.gub.uy\/portal\/wp-json\/wp\/v2\/media\/720"}],"wp:attachment":[{"href":"https:\/\/www.rivera.gub.uy\/portal\/wp-json\/wp\/v2\/media?parent=326"}],"wp:term":[{"taxonomy":"category","embeddable":true,"href":"https:\/\/www.rivera.gub.uy\/portal\/wp-json\/wp\/v2\/categories?post=326"},{"taxonomy":"post_tag","embeddable":true,"href":"https:\/\/www.rivera.gub.uy\/portal\/wp-json\/wp\/v2\/tags?post=326"}],"curies":[{"name":"wp","href":"https:\/\/api.w.org\/{rel}","templated":true}]}}