{"id":33500,"date":"2021-11-24T20:47:14","date_gmt":"2021-11-24T23:47:14","guid":{"rendered":"https:\/\/www.rivera.gub.uy\/portal\/?p=33500"},"modified":"2021-11-24T20:47:14","modified_gmt":"2021-11-24T23:47:14","slug":"inversion-de-11-millones-de-pesos-para-el-autodromo-eduardo-p-cabrera","status":"publish","type":"post","link":"https:\/\/www.rivera.gub.uy\/portal\/inversion-de-11-millones-de-pesos-para-el-autodromo-eduardo-p-cabrera\/","title":{"rendered":"Inversi\u00f3n de 11 millones de pesos para el Aut\u00f3dromo Eduardo P. Cabrera"},"content":{"rendered":"<p>Fue una jornada muy productiva, donde se sigue avanzando y trabajando en proyectos que se piensan concretar durante esta gesti\u00f3n.<br \/>\nArq. Jos\u00e9 Mazzoni<\/p>\n<p>El martes 22 de noviembre es una fecha importante para el desarrollo del departamento de Rivera, el intendente departamental, Cr. Richard Sander Dar\u00edn, mantuvo una importante agenda en la capital del pa\u00eds, reuni\u00e9ndose con el ministro de Turismo, Tabar\u00e9 Viera Duarte, con el ministro de Ambiente, Adri\u00e1n Pe\u00f1a, con la ministra de Vivienda y Ordenamiento Territorial, Irene Moreira, y su subsecretario, Tabar\u00e9 Hackenbruch.<!--more--><\/p>\n<p>Estuvo acompa\u00f1ado por el secretario general, Arq. Jos\u00e9 Mazzoni Gollard\u00eda, los directores generales de Obras, Arq. Mart\u00edn Garc\u00eda, y de Desarrollo y Medio Ambiente, Q.F Alejandro Bert\u00f3n.<\/p>\n<p>Junto al Ministro de Turismo, firmaron un acuerdo para comenzar las obras de remodelaci\u00f3n y ampliaci\u00f3n en el Aut\u00f3dromo Eduardo P. Cabrera, en el cual se incluye la construcci\u00f3n de un centro m\u00e9dico, 21 boxes y una pasarela met\u00e1lica, alcanzando una inversi\u00f3n total de casi 11.000.000 de pesos.<\/p>\n<p>&nbsp;<\/p>\n\r\n\t<div class=\"msacwl-slider-wrap msacwl-row-clearfix \" data-conf=\"{&quot;autoplay&quot;:&quot;true&quot;,&quot;autoplay_speed&quot;:3000,&quot;speed&quot;:300,&quot;arrows&quot;:&quot;true&quot;,&quot;dots&quot;:&quot;true&quot;,&quot;lazyload&quot;:&quot;&quot;}\">\r\n\t\t<div id=\"msacwl-slider-1\" class=\"msacwl-slider msacwl-common-slider msacwl-slider-popup\">\r\n\t\t\t\t\t\t<div class=\"msacwl-slide\" data-item-index=\"1\" >\r\n\t\t\t\t<a class=\"msacwl-img-link\" href=\"javascript:void(0);\" data-mfp-src=\"https:\/\/www.rivera.gub.uy\/portal\/wp-content\/uploads\/2021\/11\/turismo.jpg\">\r\n\t\t\t\t\t<img decoding=\"async\" class=\"msacwl-img\" src=\"https:\/\/www.rivera.gub.uy\/portal\/wp-content\/uploads\/2021\/11\/turismo.jpg\"  data-title=\"\" alt=\"\" \/>\r\n\t\t\t\t<\/a>\r\n\t\t\t\t\t\t\t\t\t<div class=\"msacwl-gallery-caption\">\r\n\t\t\t\t\t\t\t\t\t\t\t\t\t<span class=\"image_title\"><\/span>\r\n\t\t\t\t\t\t\t\t\t\t\t\t\t<span>Foto: @Uruguay_Natural<\/span>\r\n\t\t\t\t\t\t \t\t\t\t\t<\/div>\r\n\t\t\t\t\t\t\t<\/div>\r\n\t\t\t\t\t\t<div class=\"msacwl-slide\" data-item-index=\"2\" >\r\n\t\t\t\t<a class=\"msacwl-img-link\" href=\"javascript:void(0);\" data-mfp-src=\"https:\/\/www.rivera.gub.uy\/portal\/wp-content\/uploads\/2021\/11\/mvot.jpg\">\r\n\t\t\t\t\t<img decoding=\"async\" class=\"msacwl-img\" src=\"https:\/\/www.rivera.gub.uy\/portal\/wp-content\/uploads\/2021\/11\/mvot.jpg\"  data-title=\"\" alt=\"\" \/>\r\n\t\t\t\t<\/a>\r\n\t\t\t\t\t\t\t\t\t<div class=\"msacwl-gallery-caption\">\r\n\t\t\t\t\t\t\t\t\t\t\t\t\t<span class=\"image_title\"><\/span>\r\n\t\t\t\t\t\t\t\t\t\t\t\t\t<span>Foto: @Mvot_Uruguay<\/span>\r\n\t\t\t\t\t\t \t\t\t\t\t<\/div>\r\n\t\t\t\t\t\t\t<\/div>\r\n\t\t\t\t\t\t<div class=\"msacwl-slide\" data-item-index=\"3\" >\r\n\t\t\t\t<a class=\"msacwl-img-link\" href=\"javascript:void(0);\" data-mfp-src=\"https:\/\/www.rivera.gub.uy\/portal\/wp-content\/uploads\/2021\/11\/ambiente2.jpg\">\r\n\t\t\t\t\t<img decoding=\"async\" class=\"msacwl-img\" src=\"https:\/\/www.rivera.gub.uy\/portal\/wp-content\/uploads\/2021\/11\/ambiente2.jpg\"  data-title=\"\" alt=\"\" \/>\r\n\t\t\t\t<\/a>\r\n\t\t\t\t\t\t\t\t\t<div class=\"msacwl-gallery-caption\">\r\n\t\t\t\t\t\t\t\t\t\t\t\t\t<span class=\"image_title\"><\/span>\r\n\t\t\t\t\t\t\t\t\t\t\t\t\t<span>Foto: @MAmbienteuy\n<\/span>\r\n\t\t\t\t\t\t \t\t\t\t\t<\/div>\r\n\t\t\t\t\t\t\t<\/div>\r\n\t\t\t\t\t<\/div>\r\n\t<\/div>\r\n\r\n\t\n<p>&nbsp;<\/p>\n<p>Con el Ministro de Ambiente, el tema central de la reuni\u00f3n fue sobre mejorar la disposici\u00f3n final de los residuos \u201ccon un proyecto regional que se est\u00e1 trabajando con Tacuaremb\u00f3\u201d, los primeros d\u00edas de diciembre visita Rivera el ministro Pe\u00f1a, para continuar trabajando.<\/p>\n<p>El secretario general, Arq. Mazzoni, inform\u00f3 que la jornada culmin\u00f3 con la reuni\u00f3n de trabajo junto a la Ministra y al subsecretario MVOT, \u201cplanteamos algunos temas para Rivera, de inter\u00e9s como el tema del asentamiento del Cerro del Estado (l\u00ednea divisoria)\u201d, adem\u00e1s de otros programas de viviendas que se llevan adelante desde la Intendencia de Rivera, \u201cque necesitamos avanzar para el desarrollo departamental\u201d.<\/p>\n<p>&nbsp;<\/p>\n<p><iframe loading=\"lazy\" title=\"Inversi\u00f3n de 11 millones de pesos para el Aut\u00f3dromo Eduardo P. Cabrera\" width=\"1160\" height=\"653\" src=\"https:\/\/www.youtube.com\/embed\/CZyiJcPf2LQ?feature=oembed\" frameborder=\"0\" allow=\"accelerometer; autoplay; clipboard-write; encrypted-media; gyroscope; picture-in-picture\" allowfullscreen><\/iframe><\/p>\n","protected":false},"excerpt":{"rendered":"<p>Fue una jornada muy productiva, donde se sigue avanzando y trabajando en proyectos que se piensan concretar durante esta gesti\u00f3n. Arq. Jos\u00e9 Mazzoni El martes 22 de noviembre es una fecha importante para el desarrollo del departamento de Rivera, el intendente departamental, Cr. Richard Sander Dar\u00edn, mantuvo una importante agenda en la capital del pa\u00eds, [&hellip;]<\/p>\n","protected":false},"author":7,"featured_media":33502,"comment_status":"open","ping_status":"open","sticky":false,"template":"","format":"standard","meta":{"footnotes":""},"categories":[3,1],"tags":[79,363,826],"class_list":["post-33500","post","type-post","status-publish","format-standard","has-post-thumbnail","hentry","category-multimedia","category-novedades","tag-medio-ambiente","tag-turismo","tag-vivienda"],"_links":{"self":[{"href":"https:\/\/www.rivera.gub.uy\/portal\/wp-json\/wp\/v2\/posts\/33500","targetHints":{"allow":["GET"]}}],"collection":[{"href":"https:\/\/www.rivera.gub.uy\/portal\/wp-json\/wp\/v2\/posts"}],"about":[{"href":"https:\/\/www.rivera.gub.uy\/portal\/wp-json\/wp\/v2\/types\/post"}],"author":[{"embeddable":true,"href":"https:\/\/www.rivera.gub.uy\/portal\/wp-json\/wp\/v2\/users\/7"}],"replies":[{"embeddable":true,"href":"https:\/\/www.rivera.gub.uy\/portal\/wp-json\/wp\/v2\/comments?post=33500"}],"version-history":[{"count":1,"href":"https:\/\/www.rivera.gub.uy\/portal\/wp-json\/wp\/v2\/posts\/33500\/revisions"}],"predecessor-version":[{"id":33505,"href":"https:\/\/www.rivera.gub.uy\/portal\/wp-json\/wp\/v2\/posts\/33500\/revisions\/33505"}],"wp:featuredmedia":[{"embeddable":true,"href":"https:\/\/www.rivera.gub.uy\/portal\/wp-json\/wp\/v2\/media\/33502"}],"wp:attachment":[{"href":"https:\/\/www.rivera.gub.uy\/portal\/wp-json\/wp\/v2\/media?parent=33500"}],"wp:term":[{"taxonomy":"category","embeddable":true,"href":"https:\/\/www.rivera.gub.uy\/portal\/wp-json\/wp\/v2\/categories?post=33500"},{"taxonomy":"post_tag","embeddable":true,"href":"https:\/\/www.rivera.gub.uy\/portal\/wp-json\/wp\/v2\/tags?post=33500"}],"curies":[{"name":"wp","href":"https:\/\/api.w.org\/{rel}","templated":true}]}}