{"id":33590,"date":"2021-11-30T14:14:26","date_gmt":"2021-11-30T17:14:26","guid":{"rendered":"https:\/\/www.rivera.gub.uy\/portal\/?p=33590"},"modified":"2022-01-14T15:14:30","modified_gmt":"2022-01-14T18:14:30","slug":"proyecto-desarrollo-inclusivo-y-sustentable-de-la-frontera-de-la-paz-eixo-atlantico-do-noroeste-peninsular","status":"publish","type":"post","link":"https:\/\/www.rivera.gub.uy\/portal\/proyecto-desarrollo-inclusivo-y-sustentable-de-la-frontera-de-la-paz-eixo-atlantico-do-noroeste-peninsular\/","title":{"rendered":"Proyecto \u201cDesarrollo inclusivo y sustentable de la Frontera de la Paz\u201d Eixo Atl\u00e2ntico Do Noroeste Peninsular"},"content":{"rendered":"<p>El director general de Desarrollo y Medio Ambiente de la Intendencia Departamental de Rivera, Q.F. Alejandro Bert\u00f3n, informa sobre el proyecto en ejecuci\u00f3n, en una jornada donde se presentaron los equipos que trabajaran en la creaci\u00f3n de la agenda urbana.<!--more--><\/p>\n<p>El proyecto apunta a promover el desarrollo inclusivo y sustentable de las ciudades de la frontera.<br \/>\nLa ciudad elegida por la Comisi\u00f3n Europea es Santana Do Livramento (Brasil) integrada con la ciudad de Rivera (Uruguay), las cuales desarrollan una din\u00e1mica urbana transfronteriza, sin l\u00edmites naturales ni f\u00edsicos, solo una Plaza binacional, las une y \u201cdivide\u201d a la vez: Plaza-Parque Internacional.<\/p>\n<p>El 13 de diciembre, se har\u00e1 el lanzamiento oficial del proyecto, con la representaci\u00f3n de los jerarcas m\u00e1ximos de ciudad, el Intendente Departamental de Rivera (Uruguay), Cr. Richard Sander Dar\u00edn, y la Prefeita de Santana do Livramento(Brasil), Ana Tarouco.<\/p>\n<p>La fortaleza del proyecto \u201cDesarrollo inclusivo y sustentable de la Frontera de la Paz\u201d, es en el \u00e1rea de la sustentabilidad ambiental y de la econom\u00eda social, mejorando la calidad de vida de los habitantes. Est\u00e1 enfocado a reducir las desigualdades que existen en materia de recolecci\u00f3n de residuos urbanos y su tratamiento final, para reducir el impacto ambiental, promoviendo la integraci\u00f3n de grupos m\u00e1s vulnerables de la sociedad.<\/p>\n<p>Agenda Urbana Transfronteriza del Eixo Atl\u00e1ntico, identifica 5 principales l\u00edneas de acci\u00f3n:<\/p>\n<ul>\n<li>Sistema urbano organizado<\/li>\n<li>Ciudad competitiva: crecimiento y empleo<\/li>\n<li>Ciudad ecol\u00f3gica: desaf\u00edo de la sustentabilidad<\/li>\n<li>Ciudad integradora y participativa<\/li>\n<li>Municipios eficientes<\/li>\n<\/ul>\n<p>&nbsp;<\/p>\n\r\n\t<div class=\"msacwl-slider-wrap msacwl-row-clearfix \" data-conf=\"{&quot;autoplay&quot;:&quot;true&quot;,&quot;autoplay_speed&quot;:3000,&quot;speed&quot;:300,&quot;arrows&quot;:&quot;true&quot;,&quot;dots&quot;:&quot;true&quot;,&quot;lazyload&quot;:&quot;&quot;}\">\r\n\t\t<div id=\"msacwl-slider-1\" class=\"msacwl-slider msacwl-common-slider msacwl-slider-popup\">\r\n\t\t\t\t\t\t<div class=\"msacwl-slide\" data-item-index=\"1\" >\r\n\t\t\t\t<a class=\"msacwl-img-link\" href=\"javascript:void(0);\" data-mfp-src=\"https:\/\/www.rivera.gub.uy\/portal\/wp-content\/uploads\/2021\/11\/6-8.jpg\">\r\n\t\t\t\t\t<img decoding=\"async\" class=\"msacwl-img\" src=\"https:\/\/www.rivera.gub.uy\/portal\/wp-content\/uploads\/2021\/11\/6-8.jpg\"  data-title=\"\" alt=\"\" \/>\r\n\t\t\t\t<\/a>\r\n\t\t\t\t\t\t\t\t\t<div class=\"msacwl-gallery-caption\">\r\n\t\t\t\t\t\t\t\t\t\t\t\t\t<span class=\"image_title\"><\/span>\r\n\t\t\t\t\t\t\t\t\t\t\t\t\t<span><\/span>\r\n\t\t\t\t\t\t \t\t\t\t\t<\/div>\r\n\t\t\t\t\t\t\t<\/div>\r\n\t\t\t\t\t\t<div class=\"msacwl-slide\" data-item-index=\"2\" >\r\n\t\t\t\t<a class=\"msacwl-img-link\" href=\"javascript:void(0);\" data-mfp-src=\"https:\/\/www.rivera.gub.uy\/portal\/wp-content\/uploads\/2021\/11\/5-9.jpg\">\r\n\t\t\t\t\t<img decoding=\"async\" class=\"msacwl-img\" src=\"https:\/\/www.rivera.gub.uy\/portal\/wp-content\/uploads\/2021\/11\/5-9.jpg\"  data-title=\"\" alt=\"\" \/>\r\n\t\t\t\t<\/a>\r\n\t\t\t\t\t\t\t\t\t<div class=\"msacwl-gallery-caption\">\r\n\t\t\t\t\t\t\t\t\t\t\t\t\t<span class=\"image_title\"><\/span>\r\n\t\t\t\t\t\t\t\t\t\t\t\t\t<span><\/span>\r\n\t\t\t\t\t\t \t\t\t\t\t<\/div>\r\n\t\t\t\t\t\t\t<\/div>\r\n\t\t\t\t\t\t<div class=\"msacwl-slide\" data-item-index=\"3\" >\r\n\t\t\t\t<a class=\"msacwl-img-link\" href=\"javascript:void(0);\" data-mfp-src=\"https:\/\/www.rivera.gub.uy\/portal\/wp-content\/uploads\/2021\/11\/4-11.jpg\">\r\n\t\t\t\t\t<img decoding=\"async\" class=\"msacwl-img\" src=\"https:\/\/www.rivera.gub.uy\/portal\/wp-content\/uploads\/2021\/11\/4-11.jpg\"  data-title=\"\" alt=\"\" \/>\r\n\t\t\t\t<\/a>\r\n\t\t\t\t\t\t\t\t\t<div class=\"msacwl-gallery-caption\">\r\n\t\t\t\t\t\t\t\t\t\t\t\t\t<span class=\"image_title\"><\/span>\r\n\t\t\t\t\t\t\t\t\t\t\t\t\t<span><\/span>\r\n\t\t\t\t\t\t \t\t\t\t\t<\/div>\r\n\t\t\t\t\t\t\t<\/div>\r\n\t\t\t\t\t\t<div class=\"msacwl-slide\" data-item-index=\"4\" >\r\n\t\t\t\t<a class=\"msacwl-img-link\" href=\"javascript:void(0);\" data-mfp-src=\"https:\/\/www.rivera.gub.uy\/portal\/wp-content\/uploads\/2021\/11\/3-13.jpg\">\r\n\t\t\t\t\t<img decoding=\"async\" class=\"msacwl-img\" src=\"https:\/\/www.rivera.gub.uy\/portal\/wp-content\/uploads\/2021\/11\/3-13.jpg\"  data-title=\"\" alt=\"\" \/>\r\n\t\t\t\t<\/a>\r\n\t\t\t\t\t\t\t\t\t<div class=\"msacwl-gallery-caption\">\r\n\t\t\t\t\t\t\t\t\t\t\t\t\t<span class=\"image_title\"><\/span>\r\n\t\t\t\t\t\t\t\t\t\t\t\t\t<span><\/span>\r\n\t\t\t\t\t\t \t\t\t\t\t<\/div>\r\n\t\t\t\t\t\t\t<\/div>\r\n\t\t\t\t\t\t<div class=\"msacwl-slide\" data-item-index=\"5\" >\r\n\t\t\t\t<a class=\"msacwl-img-link\" href=\"javascript:void(0);\" data-mfp-src=\"https:\/\/www.rivera.gub.uy\/portal\/wp-content\/uploads\/2021\/11\/2-13.jpg\">\r\n\t\t\t\t\t<img decoding=\"async\" class=\"msacwl-img\" src=\"https:\/\/www.rivera.gub.uy\/portal\/wp-content\/uploads\/2021\/11\/2-13.jpg\"  data-title=\"\" alt=\"\" \/>\r\n\t\t\t\t<\/a>\r\n\t\t\t\t\t\t\t\t\t<div class=\"msacwl-gallery-caption\">\r\n\t\t\t\t\t\t\t\t\t\t\t\t\t<span class=\"image_title\"><\/span>\r\n\t\t\t\t\t\t\t\t\t\t\t\t\t<span><\/span>\r\n\t\t\t\t\t\t \t\t\t\t\t<\/div>\r\n\t\t\t\t\t\t\t<\/div>\r\n\t\t\t\t\t\t<div class=\"msacwl-slide\" data-item-index=\"6\" >\r\n\t\t\t\t<a class=\"msacwl-img-link\" href=\"javascript:void(0);\" data-mfp-src=\"https:\/\/www.rivera.gub.uy\/portal\/wp-content\/uploads\/2021\/11\/1-13.jpg\">\r\n\t\t\t\t\t<img decoding=\"async\" class=\"msacwl-img\" src=\"https:\/\/www.rivera.gub.uy\/portal\/wp-content\/uploads\/2021\/11\/1-13.jpg\"  data-title=\"\" alt=\"\" \/>\r\n\t\t\t\t<\/a>\r\n\t\t\t\t\t\t\t\t\t<div class=\"msacwl-gallery-caption\">\r\n\t\t\t\t\t\t\t\t\t\t\t\t\t<span class=\"image_title\"><\/span>\r\n\t\t\t\t\t\t\t\t\t\t\t\t\t<span><\/span>\r\n\t\t\t\t\t\t \t\t\t\t\t<\/div>\r\n\t\t\t\t\t\t\t<\/div>\r\n\t\t\t\t\t<\/div>\r\n\t<\/div>\r\n\r\n\t\n","protected":false},"excerpt":{"rendered":"<p>El director general de Desarrollo y Medio Ambiente de la Intendencia Departamental de Rivera, Q.F. Alejandro Bert\u00f3n, informa sobre el proyecto en ejecuci\u00f3n, en una jornada donde se presentaron los equipos que trabajaran en la creaci\u00f3n de la agenda urbana.<\/p>\n","protected":false},"author":7,"featured_media":33596,"comment_status":"open","ping_status":"open","sticky":false,"template":"","format":"standard","meta":{"footnotes":""},"categories":[1302,1],"tags":[103],"class_list":["post-33590","post","type-post","status-publish","format-standard","has-post-thumbnail","hentry","category-agenda-binacional","category-novedades","tag-binacional"],"_links":{"self":[{"href":"https:\/\/www.rivera.gub.uy\/portal\/wp-json\/wp\/v2\/posts\/33590","targetHints":{"allow":["GET"]}}],"collection":[{"href":"https:\/\/www.rivera.gub.uy\/portal\/wp-json\/wp\/v2\/posts"}],"about":[{"href":"https:\/\/www.rivera.gub.uy\/portal\/wp-json\/wp\/v2\/types\/post"}],"author":[{"embeddable":true,"href":"https:\/\/www.rivera.gub.uy\/portal\/wp-json\/wp\/v2\/users\/7"}],"replies":[{"embeddable":true,"href":"https:\/\/www.rivera.gub.uy\/portal\/wp-json\/wp\/v2\/comments?post=33590"}],"version-history":[{"count":1,"href":"https:\/\/www.rivera.gub.uy\/portal\/wp-json\/wp\/v2\/posts\/33590\/revisions"}],"predecessor-version":[{"id":33597,"href":"https:\/\/www.rivera.gub.uy\/portal\/wp-json\/wp\/v2\/posts\/33590\/revisions\/33597"}],"wp:featuredmedia":[{"embeddable":true,"href":"https:\/\/www.rivera.gub.uy\/portal\/wp-json\/wp\/v2\/media\/33596"}],"wp:attachment":[{"href":"https:\/\/www.rivera.gub.uy\/portal\/wp-json\/wp\/v2\/media?parent=33590"}],"wp:term":[{"taxonomy":"category","embeddable":true,"href":"https:\/\/www.rivera.gub.uy\/portal\/wp-json\/wp\/v2\/categories?post=33590"},{"taxonomy":"post_tag","embeddable":true,"href":"https:\/\/www.rivera.gub.uy\/portal\/wp-json\/wp\/v2\/tags?post=33590"}],"curies":[{"name":"wp","href":"https:\/\/api.w.org\/{rel}","templated":true}]}}