{"id":33618,"date":"2021-12-01T22:01:46","date_gmt":"2021-12-02T01:01:46","guid":{"rendered":"https:\/\/www.rivera.gub.uy\/portal\/?p=33618"},"modified":"2021-12-01T22:01:46","modified_gmt":"2021-12-02T01:01:46","slug":"se-firmo-un-convenio-amigable-con-el-medio-ambiente-idr-utec-alcaldia-de-minas-de-corrales","status":"publish","type":"post","link":"https:\/\/www.rivera.gub.uy\/portal\/se-firmo-un-convenio-amigable-con-el-medio-ambiente-idr-utec-alcaldia-de-minas-de-corrales\/","title":{"rendered":"Se firm\u00f3 un convenio amigable con el medio ambiente IDR-UTEC-Alcald\u00eda de Minas de Corrales"},"content":{"rendered":"<p>\u201cPrecious Plastic\u201d<\/p>\n<p>Destacando la llegada de un proyecto tan relevante en nuestro departamento, el intendente de Rivera, Cr. Richard Sander, inform\u00f3 que es una apuesta m\u00e1s al reciclado y cuidado del medio ambiente, y por ende, a generar fuentes de trabajo. Se comienza en el municipio de Minas de Corrales y dando por descontado el \u00e9xito que tendr\u00e1, se espera replicarlo en todo el departamento.<!--more--><\/p>\n<p>La alcaldesa (I) de Minas de Corrales, Virna Rivero, expres\u00f3 \u201ctenemos una poblaci\u00f3n que espera por este proyecto\u201d, que consiste en la creaci\u00f3n desde cero, de una planta procesadora de residuos pl\u00e1sticos en un predio del municipio, incluyendo la capacitaci\u00f3n a la poblaci\u00f3n interesada.<\/p>\n<p>La Universidad Tecnol\u00f3gica, a trav\u00e9s de su Laboratorio Abierto de Fabricaci\u00f3n Digital (Lab-A), ser\u00e1 el referente t\u00e9cnico y educativo del proyecto.<\/p>\n<p>&nbsp;<\/p>\n\r\n\t<div class=\"msacwl-slider-wrap msacwl-row-clearfix \" data-conf=\"{&quot;autoplay&quot;:&quot;true&quot;,&quot;autoplay_speed&quot;:3000,&quot;speed&quot;:300,&quot;arrows&quot;:&quot;true&quot;,&quot;dots&quot;:&quot;true&quot;,&quot;lazyload&quot;:&quot;&quot;}\">\r\n\t\t<div id=\"msacwl-slider-1\" class=\"msacwl-slider msacwl-common-slider msacwl-slider-popup\">\r\n\t\t\t\t\t\t<div class=\"msacwl-slide\" data-item-index=\"1\" >\r\n\t\t\t\t<a class=\"msacwl-img-link\" href=\"javascript:void(0);\" data-mfp-src=\"https:\/\/www.rivera.gub.uy\/portal\/wp-content\/uploads\/2021\/12\/1.jpg\">\r\n\t\t\t\t\t<img decoding=\"async\" class=\"msacwl-img\" src=\"https:\/\/www.rivera.gub.uy\/portal\/wp-content\/uploads\/2021\/12\/1.jpg\"  data-title=\"\" alt=\"\" \/>\r\n\t\t\t\t<\/a>\r\n\t\t\t\t\t\t\t\t\t<div class=\"msacwl-gallery-caption\">\r\n\t\t\t\t\t\t\t\t\t\t\t\t\t<span class=\"image_title\"><\/span>\r\n\t\t\t\t\t\t\t\t\t\t\t\t\t<span><\/span>\r\n\t\t\t\t\t\t \t\t\t\t\t<\/div>\r\n\t\t\t\t\t\t\t<\/div>\r\n\t\t\t\t\t\t<div class=\"msacwl-slide\" data-item-index=\"2\" >\r\n\t\t\t\t<a class=\"msacwl-img-link\" href=\"javascript:void(0);\" data-mfp-src=\"https:\/\/www.rivera.gub.uy\/portal\/wp-content\/uploads\/2021\/12\/2.jpg\">\r\n\t\t\t\t\t<img decoding=\"async\" class=\"msacwl-img\" src=\"https:\/\/www.rivera.gub.uy\/portal\/wp-content\/uploads\/2021\/12\/2.jpg\"  data-title=\"\" alt=\"\" \/>\r\n\t\t\t\t<\/a>\r\n\t\t\t\t\t\t\t\t\t<div class=\"msacwl-gallery-caption\">\r\n\t\t\t\t\t\t\t\t\t\t\t\t\t<span class=\"image_title\"><\/span>\r\n\t\t\t\t\t\t\t\t\t\t\t\t\t<span><\/span>\r\n\t\t\t\t\t\t \t\t\t\t\t<\/div>\r\n\t\t\t\t\t\t\t<\/div>\r\n\t\t\t\t\t\t<div class=\"msacwl-slide\" data-item-index=\"3\" >\r\n\t\t\t\t<a class=\"msacwl-img-link\" href=\"javascript:void(0);\" data-mfp-src=\"https:\/\/www.rivera.gub.uy\/portal\/wp-content\/uploads\/2021\/12\/3.jpg\">\r\n\t\t\t\t\t<img decoding=\"async\" class=\"msacwl-img\" src=\"https:\/\/www.rivera.gub.uy\/portal\/wp-content\/uploads\/2021\/12\/3.jpg\"  data-title=\"\" alt=\"\" \/>\r\n\t\t\t\t<\/a>\r\n\t\t\t\t\t\t\t\t\t<div class=\"msacwl-gallery-caption\">\r\n\t\t\t\t\t\t\t\t\t\t\t\t\t<span class=\"image_title\"><\/span>\r\n\t\t\t\t\t\t\t\t\t\t\t\t\t<span><\/span>\r\n\t\t\t\t\t\t \t\t\t\t\t<\/div>\r\n\t\t\t\t\t\t\t<\/div>\r\n\t\t\t\t\t<\/div>\r\n\t<\/div>\r\n\r\n\t\n<p>&nbsp;<\/p>\n<p>La inversi\u00f3n ser\u00e1 de 1.200.000 pesos, se desarrollar\u00e1 en un plazo aproximado de un a\u00f1o y es financiado a trav\u00e9s de los Fondos de Incentivo a la Gesti\u00f3n Municipal de la Oficina de Planeamiento y Presupuesto.<\/p>\n<p>Precious Plastic: es una comunidad global que trabaja para encontrar una soluci\u00f3n a la contaminaci\u00f3n pl\u00e1stica y lo hace compartiendo el conocimiento, t\u00e9cnica y herramientas de forma abierta y gratuita. El proyecto consiste en crear espacios de trabajo y m\u00e1quinas como picadoras, inyectoras u hornos, que puedan transformar el pl\u00e1stico para su reutilizaci\u00f3n y venta.<\/p>\n<p>&nbsp;<\/p>\n<p><iframe loading=\"lazy\" title=\"Se firm\u00f3 un convenio amigable con el medio ambienteIDR-UTEC-Alcald\u00eda de Minas de Corrales\" width=\"1160\" height=\"653\" src=\"https:\/\/www.youtube.com\/embed\/msQDW4DX6UI?feature=oembed\" frameborder=\"0\" allow=\"accelerometer; autoplay; clipboard-write; encrypted-media; gyroscope; picture-in-picture\" allowfullscreen><\/iframe><\/p>\n","protected":false},"excerpt":{"rendered":"<p>\u201cPrecious Plastic\u201d Destacando la llegada de un proyecto tan relevante en nuestro departamento, el intendente de Rivera, Cr. Richard Sander, inform\u00f3 que es una apuesta m\u00e1s al reciclado y cuidado del medio ambiente, y por ende, a generar fuentes de trabajo. Se comienza en el municipio de Minas de Corrales y dando por descontado el [&hellip;]<\/p>\n","protected":false},"author":7,"featured_media":33619,"comment_status":"open","ping_status":"open","sticky":false,"template":"","format":"standard","meta":{"footnotes":""},"categories":[3,1],"tags":[],"class_list":["post-33618","post","type-post","status-publish","format-standard","has-post-thumbnail","hentry","category-multimedia","category-novedades"],"_links":{"self":[{"href":"https:\/\/www.rivera.gub.uy\/portal\/wp-json\/wp\/v2\/posts\/33618","targetHints":{"allow":["GET"]}}],"collection":[{"href":"https:\/\/www.rivera.gub.uy\/portal\/wp-json\/wp\/v2\/posts"}],"about":[{"href":"https:\/\/www.rivera.gub.uy\/portal\/wp-json\/wp\/v2\/types\/post"}],"author":[{"embeddable":true,"href":"https:\/\/www.rivera.gub.uy\/portal\/wp-json\/wp\/v2\/users\/7"}],"replies":[{"embeddable":true,"href":"https:\/\/www.rivera.gub.uy\/portal\/wp-json\/wp\/v2\/comments?post=33618"}],"version-history":[{"count":1,"href":"https:\/\/www.rivera.gub.uy\/portal\/wp-json\/wp\/v2\/posts\/33618\/revisions"}],"predecessor-version":[{"id":33622,"href":"https:\/\/www.rivera.gub.uy\/portal\/wp-json\/wp\/v2\/posts\/33618\/revisions\/33622"}],"wp:featuredmedia":[{"embeddable":true,"href":"https:\/\/www.rivera.gub.uy\/portal\/wp-json\/wp\/v2\/media\/33619"}],"wp:attachment":[{"href":"https:\/\/www.rivera.gub.uy\/portal\/wp-json\/wp\/v2\/media?parent=33618"}],"wp:term":[{"taxonomy":"category","embeddable":true,"href":"https:\/\/www.rivera.gub.uy\/portal\/wp-json\/wp\/v2\/categories?post=33618"},{"taxonomy":"post_tag","embeddable":true,"href":"https:\/\/www.rivera.gub.uy\/portal\/wp-json\/wp\/v2\/tags?post=33618"}],"curies":[{"name":"wp","href":"https:\/\/api.w.org\/{rel}","templated":true}]}}