{"id":3366,"date":"2017-11-10T14:00:43","date_gmt":"2017-11-10T16:00:43","guid":{"rendered":"http:\/\/www.rivera.gub.uy\/portal\/?p=3366"},"modified":"2017-11-10T15:56:56","modified_gmt":"2017-11-10T17:56:56","slug":"premio-nacional-de-urbanismo","status":"publish","type":"post","link":"https:\/\/www.rivera.gub.uy\/portal\/premio-nacional-de-urbanismo\/","title":{"rendered":"Premio Nacional de Urbanismo"},"content":{"rendered":"<p class=\"western\"><span style=\"font-size: large\">Rivera recibi\u00f3 dos menciones honor\u00edficas por Urbanizaci\u00f3n del Barrio 33 Orientales y el Plan Director de la ciudad de Tranqueras.<\/span><\/p>\n<p class=\"western\"><span style=\"font-size: large\">El Ministerio de Vivienda, Ordenamiento Territorial y Medio Ambiente entreg\u00f3 este mi\u00e9rcoles 8 de octubre, 15 reconocimientos en el marco del <\/span><span style=\"font-size: large\"><b>Premio Nacional de Urbanismo<\/b><\/span><span style=\"font-size: large\">.<\/span><!--more--><\/p>\n<p class=\"western\"><span style=\"font-size: large\">Se presentaron 75 proyectos de todo el pa\u00eds, de los cuales 15 fueron los seleccionados para ser reconocidos.<\/span><\/p>\n<p class=\"western\"><span style=\"font-size: large\">Los trabajos premiados abordaron planes vinculados a la transformaci\u00f3n del paisaje rural en Uruguay, la ocupaci\u00f3n y uso del territorio, los asentamientos, el latifundio, los agronegocios y la precariedad habitacional dispersa.<\/span><\/p>\n<p class=\"western\"><span style=\"font-size: large\">Rivera se present\u00f3 con tres proyectos:<\/span><\/p>\n<p class=\"western\"><span style=\"font-size: large\">En la categor\u00eda de <\/span><span style=\"font-size: large\">Proyectos Urbanos<\/span><span style=\"font-size: large\"><b>:<\/b><\/span> <span style=\"font-size: large\"><b>Acondicionamiento Urban\u00edstico del barrio 33 Orientales.<\/b><\/span><\/p>\n<p class=\"western\"><span style=\"font-size: large\">En la <\/span><span style=\"font-size: large\">Categor\u00eda de Instrumentos de Ordenamiento Territorial:<\/span> <span style=\"font-size: large\"><b>Plan Director de Ordenamiento de Tranqueras.<\/b><\/span><\/p>\n<p class=\"western\"><span style=\"font-size: large\">Es los proyectos antes mencionados Rivera, fue galardonado con menciones honorificas.<\/span><\/p>\n<p class=\"western\"><span style=\"font-size: large\">En di\u00e1logo con el director General de Obras de la Intendencia de Rivera, Arq. Jos\u00e9 Mazzoni, expres\u00f3: \u201cEstamos muy contentos, orgullosos y satisfechos por el trabajo de todos y adem\u00e1s porque para haber presentado los proyectos, indudablemente se ten\u00edan que haber ejecutado antes las obras o en el caso del proyecto de Tranqueras, todo el trabajo del plan de ordenamiento de la ciudad de Tranqueras.<\/span><\/p>\n<p class=\"western\"><span style=\"font-size: large\">Esto marca una secuencia en el trabajo que venimos haciendo, una confirmaci\u00f3n de lo que se viene trabajando y haciendo en Rivera, todo eso que logramos imponer desde el a\u00f1o 2000, da sus frutos. El premio trata de reconocer todo lo que es lo acad\u00e9mico y la labor de los profesionales del pa\u00eds que se dedican al tema de urbanismo, al ordenamiento territorial y el crecimiento sostenible del territorio, \u2026.nosotros estamos en sinton\u00eda con esas pol\u00edticas y desde Rivera estamos marcando un hito y una presencia importante a nivel nacional\u201d.<\/span><\/p>\n<p class=\"western\"><span style=\"font-size: large\">Dentro de los 15 premiados, 4 intendencias obtuvieron diferentes premios, pero fue la Intendencia de Rivera la \u00fanica que obtuvo dos distinciones&#8230;\u201deso nos reconforta, nos afirma y nos da m\u00e1s confianza de seguir trabajando en esta linea. Es un trabajo muy en equipo y de mucho tiempo, as\u00ed que es muy satisfactorio seguir trabajando con este equipo que tenemos\u201d.<\/span><\/p>\n<p class=\"western\"><span style=\"font-size: large\">Mazzoni, manifest\u00f3 que ya se est\u00e1 pensando en el Premio Nacional Urbanismo 2018: \u201cseguiremos apoyando estos premios y as\u00ed lo dejamos en manifiesto ante el MVOTMA\u201d.<\/span><\/p>\n<p class=\"western\"><span style=\"font-size: large\">El premio tiene como prop\u00f3sito reconocer y poner en valor la producci\u00f3n nacional en materia de urbanismo, planificaci\u00f3n y ordenamiento del territorio, con el objetivo de promover una mirada integral y multidisciplinaria que priorice y profundice la obtenci\u00f3n de ciudades y territorios m\u00e1s planificados, inclusivos, integrados y sostenibles y que estos impacten positivamente en la calidad de vida de las personas, las familias y las comunidades.<\/span><\/p>\n<p><a href=\"http:\/\/www.rivera.gub.uy\/portal\/wp-content\/uploads\/2017\/11\/URBANISMO_EXT_MINI.jpg\"><img loading=\"lazy\" decoding=\"async\" class=\"aligncenter size-medium wp-image-3368\" src=\"http:\/\/www.rivera.gub.uy\/portal\/wp-content\/uploads\/2017\/11\/URBANISMO_EXT_MINI-250x188.jpg\" alt=\"\" width=\"250\" height=\"188\" srcset=\"https:\/\/www.rivera.gub.uy\/portal\/wp-content\/uploads\/2017\/11\/URBANISMO_EXT_MINI-250x188.jpg 250w, https:\/\/www.rivera.gub.uy\/portal\/wp-content\/uploads\/2017\/11\/URBANISMO_EXT_MINI-125x94.jpg 125w, https:\/\/www.rivera.gub.uy\/portal\/wp-content\/uploads\/2017\/11\/URBANISMO_EXT_MINI.jpg 330w\" sizes=\"auto, (max-width: 250px) 100vw, 250px\" \/><\/a><\/p>\n<p><iframe loading=\"lazy\" width=\"1160\" height=\"653\" src=\"https:\/\/www.youtube.com\/embed\/3SmdxooVs3o?feature=oembed\" frameborder=\"0\" gesture=\"media\" allowfullscreen><\/iframe><\/p>\n","protected":false},"excerpt":{"rendered":"<p>Rivera recibi\u00f3 dos menciones honor\u00edficas por Urbanizaci\u00f3n del Barrio 33 Orientales y el Plan Director de la ciudad de Tranqueras. El Ministerio de Vivienda, Ordenamiento Territorial y Medio Ambiente entreg\u00f3 este mi\u00e9rcoles 8 de octubre, 15 reconocimientos en el marco del Premio Nacional de Urbanismo.<\/p>\n","protected":false},"author":7,"featured_media":3371,"comment_status":"open","ping_status":"open","sticky":false,"template":"","format":"standard","meta":{"footnotes":""},"categories":[3],"tags":[36,268,267,33,202],"class_list":["post-3366","post","type-post","status-publish","format-standard","has-post-thumbnail","hentry","category-multimedia","tag-intendencia","tag-mvotma","tag-premio","tag-rivera","tag-rivera-activa"],"_links":{"self":[{"href":"https:\/\/www.rivera.gub.uy\/portal\/wp-json\/wp\/v2\/posts\/3366","targetHints":{"allow":["GET"]}}],"collection":[{"href":"https:\/\/www.rivera.gub.uy\/portal\/wp-json\/wp\/v2\/posts"}],"about":[{"href":"https:\/\/www.rivera.gub.uy\/portal\/wp-json\/wp\/v2\/types\/post"}],"author":[{"embeddable":true,"href":"https:\/\/www.rivera.gub.uy\/portal\/wp-json\/wp\/v2\/users\/7"}],"replies":[{"embeddable":true,"href":"https:\/\/www.rivera.gub.uy\/portal\/wp-json\/wp\/v2\/comments?post=3366"}],"version-history":[{"count":3,"href":"https:\/\/www.rivera.gub.uy\/portal\/wp-json\/wp\/v2\/posts\/3366\/revisions"}],"predecessor-version":[{"id":3372,"href":"https:\/\/www.rivera.gub.uy\/portal\/wp-json\/wp\/v2\/posts\/3366\/revisions\/3372"}],"wp:featuredmedia":[{"embeddable":true,"href":"https:\/\/www.rivera.gub.uy\/portal\/wp-json\/wp\/v2\/media\/3371"}],"wp:attachment":[{"href":"https:\/\/www.rivera.gub.uy\/portal\/wp-json\/wp\/v2\/media?parent=3366"}],"wp:term":[{"taxonomy":"category","embeddable":true,"href":"https:\/\/www.rivera.gub.uy\/portal\/wp-json\/wp\/v2\/categories?post=3366"},{"taxonomy":"post_tag","embeddable":true,"href":"https:\/\/www.rivera.gub.uy\/portal\/wp-json\/wp\/v2\/tags?post=3366"}],"curies":[{"name":"wp","href":"https:\/\/api.w.org\/{rel}","templated":true}]}}