{"id":33667,"date":"2021-12-05T09:34:19","date_gmt":"2021-12-05T12:34:19","guid":{"rendered":"https:\/\/www.rivera.gub.uy\/portal\/?p=33667"},"modified":"2021-12-05T09:34:19","modified_gmt":"2021-12-05T12:34:19","slug":"intendente-por-un-dia","status":"publish","type":"post","link":"https:\/\/www.rivera.gub.uy\/portal\/intendente-por-un-dia\/","title":{"rendered":"Intendente por un d\u00eda"},"content":{"rendered":"<p>En el marco del D\u00eda Internacional de las Personas con Discapacidad (3 diciembre) y bajo el lema 2021 \u201cLiderazgo y participaci\u00f3n de las personas con discapacidad en la construcci\u00f3n de un mundo postcovid inclusivo, accesible y sostenible&#8221;, Rivera lanz\u00f3 su agenda con el programa de trabajo a nivel departamento con un corte interinstitucional, junto al Comit\u00e9 Departamental de la Discapacidad y el Ministerio de Desarrollo Social.<!--more--><\/p>\n<p>En dicha oportunidad, estuvieron presentes el director general de Promoci\u00f3n y Acci\u00f3n Social, Cr. Giovani Conti, el asesor de la oficina de la Discapacidad, Mtro. Jorge Rodr\u00edguez, los representantes del MIDES, Dr. Pablo Saravia y Sra. Karen Tamara; la Sra. Valeria Costa, integrante de la Comisi\u00f3n Honoraria de Discapacidad, y autoridades locales.<\/p>\n<p>Ma\u00f1ana 6 se llevar\u00e1 a cabo la actividad \u201cIntendente por un d\u00eda\u201d, en la que una persona con discapacidad, a partir de la hora 9:00 y junto al mandatario departamental, Cr. Richard Sander, asistir\u00e1 a la reuni\u00f3n de directores, visitar\u00e1 obras y cumplir\u00e1 otras diligencias inherentes al cargo.<\/p>\n<p>Es algo in\u00e9dito, expres\u00f3 el Mtro. Jorge Rodr\u00edguez, \u201clo que nos interesa es poner el tema arriba de la mesa, el tema de discapacidad y sensibilidad, nos parece que es un momento importante\u201d.<\/p>\n<p>En Tranqueras hoy, se desarrolla la Gincana Inclusiva; el martes 7, se realizan Talleres sobre Discapacidad entre la hora 9:00 y 12:00, Derechos y Evoluci\u00f3n hist\u00f3rica, Inclusi\u00f3n Laboral y Accesibilidad. Se suman actividades art\u00edsticas y recreativas en el horario de 16:00 a 20:00.<\/p>\n<p>El jueves 9 en Plaza Flores en la ciudad de Rivera, desde la ma\u00f1ana, tendremos distintas actividades de sensibilizaci\u00f3n y recreaci\u00f3n, y para el s\u00e1bado 11, se est\u00e1 coordinando el estreno de la pel\u00edcula Mirador (a confirma).<br \/>\nUna sociedad equitativa y justa, es aquella que es gobernada con una visi\u00f3n integral y en la que se aplican pol\u00edticas que velan por todos los derechos humanos, con especial atenci\u00f3n hacia la discapacidad y su inclusi\u00f3n, como uno de sus pilares fundamentales.<\/p>\n<p>&nbsp;<\/p>\n<p><iframe loading=\"lazy\" title=\"Intendente por un d\u00eda\" width=\"1160\" height=\"653\" src=\"https:\/\/www.youtube.com\/embed\/44NBt4VJ9nE?feature=oembed\" frameborder=\"0\" allow=\"accelerometer; autoplay; clipboard-write; encrypted-media; gyroscope; picture-in-picture\" allowfullscreen><\/iframe><\/p>\n","protected":false},"excerpt":{"rendered":"<p>En el marco del D\u00eda Internacional de las Personas con Discapacidad (3 diciembre) y bajo el lema 2021 \u201cLiderazgo y participaci\u00f3n de las personas con discapacidad en la construcci\u00f3n de un mundo postcovid inclusivo, accesible y sostenible&#8221;, Rivera lanz\u00f3 su agenda con el programa de trabajo a nivel departamento con un corte interinstitucional, junto al [&hellip;]<\/p>\n","protected":false},"author":7,"featured_media":33668,"comment_status":"open","ping_status":"open","sticky":false,"template":"","format":"standard","meta":{"footnotes":""},"categories":[3,1],"tags":[],"class_list":["post-33667","post","type-post","status-publish","format-standard","has-post-thumbnail","hentry","category-multimedia","category-novedades"],"_links":{"self":[{"href":"https:\/\/www.rivera.gub.uy\/portal\/wp-json\/wp\/v2\/posts\/33667","targetHints":{"allow":["GET"]}}],"collection":[{"href":"https:\/\/www.rivera.gub.uy\/portal\/wp-json\/wp\/v2\/posts"}],"about":[{"href":"https:\/\/www.rivera.gub.uy\/portal\/wp-json\/wp\/v2\/types\/post"}],"author":[{"embeddable":true,"href":"https:\/\/www.rivera.gub.uy\/portal\/wp-json\/wp\/v2\/users\/7"}],"replies":[{"embeddable":true,"href":"https:\/\/www.rivera.gub.uy\/portal\/wp-json\/wp\/v2\/comments?post=33667"}],"version-history":[{"count":1,"href":"https:\/\/www.rivera.gub.uy\/portal\/wp-json\/wp\/v2\/posts\/33667\/revisions"}],"predecessor-version":[{"id":33669,"href":"https:\/\/www.rivera.gub.uy\/portal\/wp-json\/wp\/v2\/posts\/33667\/revisions\/33669"}],"wp:featuredmedia":[{"embeddable":true,"href":"https:\/\/www.rivera.gub.uy\/portal\/wp-json\/wp\/v2\/media\/33668"}],"wp:attachment":[{"href":"https:\/\/www.rivera.gub.uy\/portal\/wp-json\/wp\/v2\/media?parent=33667"}],"wp:term":[{"taxonomy":"category","embeddable":true,"href":"https:\/\/www.rivera.gub.uy\/portal\/wp-json\/wp\/v2\/categories?post=33667"},{"taxonomy":"post_tag","embeddable":true,"href":"https:\/\/www.rivera.gub.uy\/portal\/wp-json\/wp\/v2\/tags?post=33667"}],"curies":[{"name":"wp","href":"https:\/\/api.w.org\/{rel}","templated":true}]}}