{"id":3379,"date":"2017-11-14T09:23:07","date_gmt":"2017-11-14T11:23:07","guid":{"rendered":"http:\/\/www.rivera.gub.uy\/portal\/?p=3379"},"modified":"2017-11-14T09:23:11","modified_gmt":"2017-11-14T11:23:11","slug":"museo-de-historia-de-minas-de-corrales-celebro-su-primer-ano-de-vida","status":"publish","type":"post","link":"https:\/\/www.rivera.gub.uy\/portal\/museo-de-historia-de-minas-de-corrales-celebro-su-primer-ano-de-vida\/","title":{"rendered":"Museo de Historia de Minas de Corrales celebr\u00f3 su primer a\u00f1o de vida"},"content":{"rendered":"<p class=\"western\"><span style=\"font-size: large\">El jueves 9 de noviembre, el Museo de Historia, de Minas de Corrales, cumpli\u00f3 su primer a\u00f1o de vida, por tal motivo se descubri\u00f3 una placa recordatoria.<\/span><\/p>\n<p class=\"western\"><span style=\"font-size: large\">El coordinador del Museo, Mtro. Guillermo Silva, resalt\u00f3 la transcendencia de una fecha \u201ctan importante para la villa\u201d.<\/span><\/p>\n<p class=\"western\"><span style=\"font-size: large\">Silva se\u00f1al\u00f3 que desde la Asociaci\u00f3n Patri\u00f3tica de Corrales, \u201ccre\u00edmos necesario realizar la gesti\u00f3n para que a trav\u00e9s del tiempo trabaj\u00e1ramos para ir manteniendo documentos y objetos que fueran testimonios de la creaci\u00f3n y la evoluci\u00f3n de la sociedad corralense. Gracias a los municipios, la Intendencia, la Comisi\u00f3n de Apoyo y la Asociaci\u00f3n Patri\u00f3tica, hemos realizado a lo largo de este a\u00f1o varias muestras.<\/span><!--more--><\/p>\n<p class=\"western\"><span style=\"font-size: large\">La plaqueta recordatoria se descubri\u00f3 justamente en el d\u00eda del aniversario de los 97 a\u00f1os de declaraci\u00f3n de Pueblo y estamos seguros que estamos aportando la historia y la educaci\u00f3n a todos los j\u00f3venes que visiten el museo\u201d.<\/span><\/p>\n<p class=\"western\"><span style=\"font-size: large\">El Coordinador afirm\u00f3 que existe un acerbo muy importante en dos dep\u00f3sitos que aun no se han expuesto y adem\u00e1s una agenda de 10 familias que desean donar material para el Museo.<\/span><\/p>\n<p class=\"western\"><span style=\"font-size: large\">En el Museo hay material hist\u00f3rico del siglo XIX al siglo XX, como la primer bandera que se iz\u00f3 en la localidad.<\/span><\/p>\n<div id='gallery-1' class='gallery galleryid-3379 gallery-columns-3 gallery-size-thumbnail'><figure class='gallery-item'>\n\t\t\t<div class='gallery-icon landscape'>\n\t\t\t\t<a href='https:\/\/www.rivera.gub.uy\/portal\/wp-content\/uploads\/2017\/11\/museo.jpg'><img loading=\"lazy\" decoding=\"async\" width=\"144\" height=\"94\" src=\"https:\/\/www.rivera.gub.uy\/portal\/wp-content\/uploads\/2017\/11\/museo-144x94.jpg\" class=\"attachment-thumbnail size-thumbnail\" alt=\"\" srcset=\"https:\/\/www.rivera.gub.uy\/portal\/wp-content\/uploads\/2017\/11\/museo-144x94.jpg 144w, https:\/\/www.rivera.gub.uy\/portal\/wp-content\/uploads\/2017\/11\/museo-288x188.jpg 288w, https:\/\/www.rivera.gub.uy\/portal\/wp-content\/uploads\/2017\/11\/museo-768x501.jpg 768w, https:\/\/www.rivera.gub.uy\/portal\/wp-content\/uploads\/2017\/11\/museo-960x626.jpg 960w, https:\/\/www.rivera.gub.uy\/portal\/wp-content\/uploads\/2017\/11\/museo-820x535.jpg 820w\" sizes=\"auto, (max-width: 144px) 100vw, 144px\" \/><\/a>\n\t\t\t<\/div><\/figure><figure class='gallery-item'>\n\t\t\t<div class='gallery-icon landscape'>\n\t\t\t\t<a href='https:\/\/www.rivera.gub.uy\/portal\/wp-content\/uploads\/2017\/11\/museo2.jpg'><img loading=\"lazy\" decoding=\"async\" width=\"144\" height=\"94\" src=\"https:\/\/www.rivera.gub.uy\/portal\/wp-content\/uploads\/2017\/11\/museo2-144x94.jpg\" class=\"attachment-thumbnail size-thumbnail\" alt=\"\" srcset=\"https:\/\/www.rivera.gub.uy\/portal\/wp-content\/uploads\/2017\/11\/museo2-144x94.jpg 144w, https:\/\/www.rivera.gub.uy\/portal\/wp-content\/uploads\/2017\/11\/museo2-288x188.jpg 288w, https:\/\/www.rivera.gub.uy\/portal\/wp-content\/uploads\/2017\/11\/museo2-768x501.jpg 768w, https:\/\/www.rivera.gub.uy\/portal\/wp-content\/uploads\/2017\/11\/museo2-960x626.jpg 960w, https:\/\/www.rivera.gub.uy\/portal\/wp-content\/uploads\/2017\/11\/museo2-820x535.jpg 820w\" sizes=\"auto, (max-width: 144px) 100vw, 144px\" \/><\/a>\n\t\t\t<\/div><\/figure>\n\t\t<\/div>\n\n","protected":false},"excerpt":{"rendered":"<p>El jueves 9 de noviembre, el Museo de Historia, de Minas de Corrales, cumpli\u00f3 su primer a\u00f1o de vida, por tal motivo se descubri\u00f3 una placa recordatoria. El coordinador del Museo, Mtro. Guillermo Silva, resalt\u00f3 la transcendencia de una fecha \u201ctan importante para la villa\u201d. Silva se\u00f1al\u00f3 que desde la Asociaci\u00f3n Patri\u00f3tica de Corrales, \u201ccre\u00edmos [&hellip;]<\/p>\n","protected":false},"author":7,"featured_media":3380,"comment_status":"open","ping_status":"open","sticky":false,"template":"","format":"standard","meta":{"footnotes":""},"categories":[6,1],"tags":[270,36,73,256,33],"class_list":["post-3379","post","type-post","status-publish","format-standard","has-post-thumbnail","hentry","category-cultura","category-novedades","tag-alcaldia","tag-intendencia","tag-minas-de-corrales","tag-museo","tag-rivera"],"_links":{"self":[{"href":"https:\/\/www.rivera.gub.uy\/portal\/wp-json\/wp\/v2\/posts\/3379","targetHints":{"allow":["GET"]}}],"collection":[{"href":"https:\/\/www.rivera.gub.uy\/portal\/wp-json\/wp\/v2\/posts"}],"about":[{"href":"https:\/\/www.rivera.gub.uy\/portal\/wp-json\/wp\/v2\/types\/post"}],"author":[{"embeddable":true,"href":"https:\/\/www.rivera.gub.uy\/portal\/wp-json\/wp\/v2\/users\/7"}],"replies":[{"embeddable":true,"href":"https:\/\/www.rivera.gub.uy\/portal\/wp-json\/wp\/v2\/comments?post=3379"}],"version-history":[{"count":1,"href":"https:\/\/www.rivera.gub.uy\/portal\/wp-json\/wp\/v2\/posts\/3379\/revisions"}],"predecessor-version":[{"id":3382,"href":"https:\/\/www.rivera.gub.uy\/portal\/wp-json\/wp\/v2\/posts\/3379\/revisions\/3382"}],"wp:featuredmedia":[{"embeddable":true,"href":"https:\/\/www.rivera.gub.uy\/portal\/wp-json\/wp\/v2\/media\/3380"}],"wp:attachment":[{"href":"https:\/\/www.rivera.gub.uy\/portal\/wp-json\/wp\/v2\/media?parent=3379"}],"wp:term":[{"taxonomy":"category","embeddable":true,"href":"https:\/\/www.rivera.gub.uy\/portal\/wp-json\/wp\/v2\/categories?post=3379"},{"taxonomy":"post_tag","embeddable":true,"href":"https:\/\/www.rivera.gub.uy\/portal\/wp-json\/wp\/v2\/tags?post=3379"}],"curies":[{"name":"wp","href":"https:\/\/api.w.org\/{rel}","templated":true}]}}