{"id":3452,"date":"2017-11-27T12:51:54","date_gmt":"2017-11-27T14:51:54","guid":{"rendered":"http:\/\/www.rivera.gub.uy\/portal\/?p=3452"},"modified":"2017-11-28T09:41:43","modified_gmt":"2017-11-28T11:41:43","slug":"estudiantes-del-liceo-no-1-participaran-en-el-certamen-nacional-de-quimica","status":"publish","type":"post","link":"https:\/\/www.rivera.gub.uy\/portal\/estudiantes-del-liceo-no-1-participaran-en-el-certamen-nacional-de-quimica\/","title":{"rendered":"Estudiantes del Liceo N\u00ba 1 participar\u00e1n en el Certamen Nacional de Qu\u00edmica"},"content":{"rendered":"<p>&nbsp;<\/p>\n<p>El intendente de Rivera recibi\u00f3 en su despacho a alumnos del Liceo N\u00ba 1 Dra. Celia Pomoli, quienes viajar\u00e1n hacia la capital del pa\u00eds representando a nuestro departamento en el Certamen Nacional de Qu\u00edmica.<br \/>\nLos alumnos recibieron la colaboraci\u00f3n de la intendencia de Rivera, en mano del jerarca comunal quien les entreg\u00f3 los pasajes correspondiente para cada alumno. <!--more-->Ellos son:<\/p>\n<ul>\n<li>Bel\u00e9n Albarenque (estudiante de 6to a\u00f1o).<\/li>\n<li>Le\u00f3n C\u00e1ceres (estudiante de 5to a\u00f1o).<\/li>\n<\/ul>\n<p>Los acompa\u00f1ar\u00e1 el profesor, Artigas Turcatti, de la materia antes mencionada.<br \/>\nLa coordinadora de la materia, Profesora, Lili\u00e1n Riberio, har\u00e1 parte del viaje juntos a los alumnos.<br \/>\nDesde la Intendencia Departamental les deseamos el mayor de los \u00e9xitos.<\/p>\n<div id='gallery-1' class='gallery galleryid-3452 gallery-columns-4 gallery-size-thumbnail'><figure class='gallery-item'>\n\t\t\t<div class='gallery-icon landscape'>\n\t\t\t\t<a href='https:\/\/www.rivera.gub.uy\/portal\/wp-content\/uploads\/2017\/11\/DSC_5522-Copiar-Copiar.jpg'><img loading=\"lazy\" decoding=\"async\" width=\"141\" height=\"94\" src=\"https:\/\/www.rivera.gub.uy\/portal\/wp-content\/uploads\/2017\/11\/DSC_5522-Copiar-Copiar-141x94.jpg\" class=\"attachment-thumbnail size-thumbnail\" alt=\"\" srcset=\"https:\/\/www.rivera.gub.uy\/portal\/wp-content\/uploads\/2017\/11\/DSC_5522-Copiar-Copiar-141x94.jpg 141w, https:\/\/www.rivera.gub.uy\/portal\/wp-content\/uploads\/2017\/11\/DSC_5522-Copiar-Copiar-282x188.jpg 282w, https:\/\/www.rivera.gub.uy\/portal\/wp-content\/uploads\/2017\/11\/DSC_5522-Copiar-Copiar-768x512.jpg 768w, https:\/\/www.rivera.gub.uy\/portal\/wp-content\/uploads\/2017\/11\/DSC_5522-Copiar-Copiar-939x626.jpg 939w, https:\/\/www.rivera.gub.uy\/portal\/wp-content\/uploads\/2017\/11\/DSC_5522-Copiar-Copiar-600x400.jpg 600w, https:\/\/www.rivera.gub.uy\/portal\/wp-content\/uploads\/2017\/11\/DSC_5522-Copiar-Copiar-820x547.jpg 820w, https:\/\/www.rivera.gub.uy\/portal\/wp-content\/uploads\/2017\/11\/DSC_5522-Copiar-Copiar-272x182.jpg 272w, https:\/\/www.rivera.gub.uy\/portal\/wp-content\/uploads\/2017\/11\/DSC_5522-Copiar-Copiar.jpg 1500w\" sizes=\"auto, (max-width: 141px) 100vw, 141px\" \/><\/a>\n\t\t\t<\/div><\/figure><figure class='gallery-item'>\n\t\t\t<div class='gallery-icon landscape'>\n\t\t\t\t<a href='https:\/\/www.rivera.gub.uy\/portal\/wp-content\/uploads\/2017\/11\/DSC_5519-Copiar-Copiar.jpg'><img loading=\"lazy\" decoding=\"async\" width=\"141\" height=\"94\" src=\"https:\/\/www.rivera.gub.uy\/portal\/wp-content\/uploads\/2017\/11\/DSC_5519-Copiar-Copiar-141x94.jpg\" class=\"attachment-thumbnail size-thumbnail\" alt=\"\" srcset=\"https:\/\/www.rivera.gub.uy\/portal\/wp-content\/uploads\/2017\/11\/DSC_5519-Copiar-Copiar-141x94.jpg 141w, https:\/\/www.rivera.gub.uy\/portal\/wp-content\/uploads\/2017\/11\/DSC_5519-Copiar-Copiar-282x188.jpg 282w, https:\/\/www.rivera.gub.uy\/portal\/wp-content\/uploads\/2017\/11\/DSC_5519-Copiar-Copiar-768x512.jpg 768w, https:\/\/www.rivera.gub.uy\/portal\/wp-content\/uploads\/2017\/11\/DSC_5519-Copiar-Copiar-939x626.jpg 939w, https:\/\/www.rivera.gub.uy\/portal\/wp-content\/uploads\/2017\/11\/DSC_5519-Copiar-Copiar-600x400.jpg 600w, https:\/\/www.rivera.gub.uy\/portal\/wp-content\/uploads\/2017\/11\/DSC_5519-Copiar-Copiar-820x547.jpg 820w, https:\/\/www.rivera.gub.uy\/portal\/wp-content\/uploads\/2017\/11\/DSC_5519-Copiar-Copiar-272x182.jpg 272w, https:\/\/www.rivera.gub.uy\/portal\/wp-content\/uploads\/2017\/11\/DSC_5519-Copiar-Copiar.jpg 1500w\" sizes=\"auto, (max-width: 141px) 100vw, 141px\" \/><\/a>\n\t\t\t<\/div><\/figure><figure class='gallery-item'>\n\t\t\t<div class='gallery-icon landscape'>\n\t\t\t\t<a href='https:\/\/www.rivera.gub.uy\/portal\/wp-content\/uploads\/2017\/11\/DSC_5517-Copiar-Copiar.jpg'><img loading=\"lazy\" decoding=\"async\" width=\"141\" height=\"94\" src=\"https:\/\/www.rivera.gub.uy\/portal\/wp-content\/uploads\/2017\/11\/DSC_5517-Copiar-Copiar-141x94.jpg\" class=\"attachment-thumbnail size-thumbnail\" alt=\"\" srcset=\"https:\/\/www.rivera.gub.uy\/portal\/wp-content\/uploads\/2017\/11\/DSC_5517-Copiar-Copiar-141x94.jpg 141w, https:\/\/www.rivera.gub.uy\/portal\/wp-content\/uploads\/2017\/11\/DSC_5517-Copiar-Copiar-282x188.jpg 282w, https:\/\/www.rivera.gub.uy\/portal\/wp-content\/uploads\/2017\/11\/DSC_5517-Copiar-Copiar-768x512.jpg 768w, https:\/\/www.rivera.gub.uy\/portal\/wp-content\/uploads\/2017\/11\/DSC_5517-Copiar-Copiar-939x626.jpg 939w, https:\/\/www.rivera.gub.uy\/portal\/wp-content\/uploads\/2017\/11\/DSC_5517-Copiar-Copiar-600x400.jpg 600w, https:\/\/www.rivera.gub.uy\/portal\/wp-content\/uploads\/2017\/11\/DSC_5517-Copiar-Copiar-820x547.jpg 820w, https:\/\/www.rivera.gub.uy\/portal\/wp-content\/uploads\/2017\/11\/DSC_5517-Copiar-Copiar-272x182.jpg 272w, https:\/\/www.rivera.gub.uy\/portal\/wp-content\/uploads\/2017\/11\/DSC_5517-Copiar-Copiar.jpg 1500w\" sizes=\"auto, (max-width: 141px) 100vw, 141px\" \/><\/a>\n\t\t\t<\/div><\/figure><figure class='gallery-item'>\n\t\t\t<div class='gallery-icon landscape'>\n\t\t\t\t<a href='https:\/\/www.rivera.gub.uy\/portal\/wp-content\/uploads\/2017\/11\/DSC_5515-Copiar-Copiar.jpg'><img loading=\"lazy\" decoding=\"async\" width=\"141\" height=\"94\" src=\"https:\/\/www.rivera.gub.uy\/portal\/wp-content\/uploads\/2017\/11\/DSC_5515-Copiar-Copiar-141x94.jpg\" class=\"attachment-thumbnail size-thumbnail\" alt=\"\" srcset=\"https:\/\/www.rivera.gub.uy\/portal\/wp-content\/uploads\/2017\/11\/DSC_5515-Copiar-Copiar-141x94.jpg 141w, https:\/\/www.rivera.gub.uy\/portal\/wp-content\/uploads\/2017\/11\/DSC_5515-Copiar-Copiar-282x188.jpg 282w, https:\/\/www.rivera.gub.uy\/portal\/wp-content\/uploads\/2017\/11\/DSC_5515-Copiar-Copiar-768x512.jpg 768w, https:\/\/www.rivera.gub.uy\/portal\/wp-content\/uploads\/2017\/11\/DSC_5515-Copiar-Copiar-939x626.jpg 939w, https:\/\/www.rivera.gub.uy\/portal\/wp-content\/uploads\/2017\/11\/DSC_5515-Copiar-Copiar-600x400.jpg 600w, https:\/\/www.rivera.gub.uy\/portal\/wp-content\/uploads\/2017\/11\/DSC_5515-Copiar-Copiar-820x547.jpg 820w, https:\/\/www.rivera.gub.uy\/portal\/wp-content\/uploads\/2017\/11\/DSC_5515-Copiar-Copiar-272x182.jpg 272w, https:\/\/www.rivera.gub.uy\/portal\/wp-content\/uploads\/2017\/11\/DSC_5515-Copiar-Copiar.jpg 1500w\" sizes=\"auto, (max-width: 141px) 100vw, 141px\" \/><\/a>\n\t\t\t<\/div><\/figure><figure class='gallery-item'>\n\t\t\t<div class='gallery-icon landscape'>\n\t\t\t\t<a href='https:\/\/www.rivera.gub.uy\/portal\/wp-content\/uploads\/2017\/11\/DSC_5514-Copiar-Copiar.jpg'><img loading=\"lazy\" decoding=\"async\" width=\"141\" height=\"94\" src=\"https:\/\/www.rivera.gub.uy\/portal\/wp-content\/uploads\/2017\/11\/DSC_5514-Copiar-Copiar-141x94.jpg\" class=\"attachment-thumbnail size-thumbnail\" alt=\"\" srcset=\"https:\/\/www.rivera.gub.uy\/portal\/wp-content\/uploads\/2017\/11\/DSC_5514-Copiar-Copiar-141x94.jpg 141w, https:\/\/www.rivera.gub.uy\/portal\/wp-content\/uploads\/2017\/11\/DSC_5514-Copiar-Copiar-282x188.jpg 282w, https:\/\/www.rivera.gub.uy\/portal\/wp-content\/uploads\/2017\/11\/DSC_5514-Copiar-Copiar-768x512.jpg 768w, https:\/\/www.rivera.gub.uy\/portal\/wp-content\/uploads\/2017\/11\/DSC_5514-Copiar-Copiar-939x626.jpg 939w, https:\/\/www.rivera.gub.uy\/portal\/wp-content\/uploads\/2017\/11\/DSC_5514-Copiar-Copiar-600x400.jpg 600w, https:\/\/www.rivera.gub.uy\/portal\/wp-content\/uploads\/2017\/11\/DSC_5514-Copiar-Copiar-820x547.jpg 820w, https:\/\/www.rivera.gub.uy\/portal\/wp-content\/uploads\/2017\/11\/DSC_5514-Copiar-Copiar-272x182.jpg 272w, https:\/\/www.rivera.gub.uy\/portal\/wp-content\/uploads\/2017\/11\/DSC_5514-Copiar-Copiar.jpg 1500w\" sizes=\"auto, (max-width: 141px) 100vw, 141px\" \/><\/a>\n\t\t\t<\/div><\/figure><figure class='gallery-item'>\n\t\t\t<div class='gallery-icon landscape'>\n\t\t\t\t<a href='https:\/\/www.rivera.gub.uy\/portal\/wp-content\/uploads\/2017\/11\/DSC_5511-Copiar-Copiar.jpg'><img loading=\"lazy\" decoding=\"async\" width=\"141\" height=\"94\" src=\"https:\/\/www.rivera.gub.uy\/portal\/wp-content\/uploads\/2017\/11\/DSC_5511-Copiar-Copiar-141x94.jpg\" class=\"attachment-thumbnail size-thumbnail\" alt=\"\" srcset=\"https:\/\/www.rivera.gub.uy\/portal\/wp-content\/uploads\/2017\/11\/DSC_5511-Copiar-Copiar-141x94.jpg 141w, https:\/\/www.rivera.gub.uy\/portal\/wp-content\/uploads\/2017\/11\/DSC_5511-Copiar-Copiar-282x188.jpg 282w, https:\/\/www.rivera.gub.uy\/portal\/wp-content\/uploads\/2017\/11\/DSC_5511-Copiar-Copiar-768x512.jpg 768w, https:\/\/www.rivera.gub.uy\/portal\/wp-content\/uploads\/2017\/11\/DSC_5511-Copiar-Copiar-939x626.jpg 939w, https:\/\/www.rivera.gub.uy\/portal\/wp-content\/uploads\/2017\/11\/DSC_5511-Copiar-Copiar-600x400.jpg 600w, https:\/\/www.rivera.gub.uy\/portal\/wp-content\/uploads\/2017\/11\/DSC_5511-Copiar-Copiar-820x547.jpg 820w, https:\/\/www.rivera.gub.uy\/portal\/wp-content\/uploads\/2017\/11\/DSC_5511-Copiar-Copiar-272x182.jpg 272w, https:\/\/www.rivera.gub.uy\/portal\/wp-content\/uploads\/2017\/11\/DSC_5511-Copiar-Copiar.jpg 1500w\" sizes=\"auto, (max-width: 141px) 100vw, 141px\" \/><\/a>\n\t\t\t<\/div><\/figure><figure class='gallery-item'>\n\t\t\t<div class='gallery-icon landscape'>\n\t\t\t\t<a href='https:\/\/www.rivera.gub.uy\/portal\/wp-content\/uploads\/2017\/11\/DSC_5507-Copiar-Copiar.jpg'><img loading=\"lazy\" decoding=\"async\" width=\"141\" height=\"94\" src=\"https:\/\/www.rivera.gub.uy\/portal\/wp-content\/uploads\/2017\/11\/DSC_5507-Copiar-Copiar-141x94.jpg\" class=\"attachment-thumbnail size-thumbnail\" alt=\"\" srcset=\"https:\/\/www.rivera.gub.uy\/portal\/wp-content\/uploads\/2017\/11\/DSC_5507-Copiar-Copiar-141x94.jpg 141w, https:\/\/www.rivera.gub.uy\/portal\/wp-content\/uploads\/2017\/11\/DSC_5507-Copiar-Copiar-282x188.jpg 282w, https:\/\/www.rivera.gub.uy\/portal\/wp-content\/uploads\/2017\/11\/DSC_5507-Copiar-Copiar-768x512.jpg 768w, https:\/\/www.rivera.gub.uy\/portal\/wp-content\/uploads\/2017\/11\/DSC_5507-Copiar-Copiar-939x626.jpg 939w, https:\/\/www.rivera.gub.uy\/portal\/wp-content\/uploads\/2017\/11\/DSC_5507-Copiar-Copiar-600x400.jpg 600w, https:\/\/www.rivera.gub.uy\/portal\/wp-content\/uploads\/2017\/11\/DSC_5507-Copiar-Copiar-820x547.jpg 820w, https:\/\/www.rivera.gub.uy\/portal\/wp-content\/uploads\/2017\/11\/DSC_5507-Copiar-Copiar-272x182.jpg 272w, https:\/\/www.rivera.gub.uy\/portal\/wp-content\/uploads\/2017\/11\/DSC_5507-Copiar-Copiar.jpg 1500w\" sizes=\"auto, (max-width: 141px) 100vw, 141px\" \/><\/a>\n\t\t\t<\/div><\/figure><figure class='gallery-item'>\n\t\t\t<div class='gallery-icon landscape'>\n\t\t\t\t<a href='https:\/\/www.rivera.gub.uy\/portal\/wp-content\/uploads\/2017\/11\/DSC_5505-Copiar-Copiar.jpg'><img loading=\"lazy\" decoding=\"async\" width=\"141\" height=\"94\" src=\"https:\/\/www.rivera.gub.uy\/portal\/wp-content\/uploads\/2017\/11\/DSC_5505-Copiar-Copiar-141x94.jpg\" class=\"attachment-thumbnail size-thumbnail\" alt=\"\" srcset=\"https:\/\/www.rivera.gub.uy\/portal\/wp-content\/uploads\/2017\/11\/DSC_5505-Copiar-Copiar-141x94.jpg 141w, https:\/\/www.rivera.gub.uy\/portal\/wp-content\/uploads\/2017\/11\/DSC_5505-Copiar-Copiar-282x188.jpg 282w, https:\/\/www.rivera.gub.uy\/portal\/wp-content\/uploads\/2017\/11\/DSC_5505-Copiar-Copiar-768x512.jpg 768w, https:\/\/www.rivera.gub.uy\/portal\/wp-content\/uploads\/2017\/11\/DSC_5505-Copiar-Copiar-939x626.jpg 939w, https:\/\/www.rivera.gub.uy\/portal\/wp-content\/uploads\/2017\/11\/DSC_5505-Copiar-Copiar-600x400.jpg 600w, https:\/\/www.rivera.gub.uy\/portal\/wp-content\/uploads\/2017\/11\/DSC_5505-Copiar-Copiar-820x547.jpg 820w, https:\/\/www.rivera.gub.uy\/portal\/wp-content\/uploads\/2017\/11\/DSC_5505-Copiar-Copiar-272x182.jpg 272w, https:\/\/www.rivera.gub.uy\/portal\/wp-content\/uploads\/2017\/11\/DSC_5505-Copiar-Copiar.jpg 1500w\" sizes=\"auto, (max-width: 141px) 100vw, 141px\" \/><\/a>\n\t\t\t<\/div><\/figure>\n\t\t<\/div>\n\n","protected":false},"excerpt":{"rendered":"<p>&nbsp; El intendente de Rivera recibi\u00f3 en su despacho a alumnos del Liceo N\u00ba 1 Dra. Celia Pomoli, quienes viajar\u00e1n hacia la capital del pa\u00eds representando a nuestro departamento en el Certamen Nacional de Qu\u00edmica. Los alumnos recibieron la colaboraci\u00f3n de la intendencia de Rivera, en mano del jerarca comunal quien les entreg\u00f3 los pasajes [&hellip;]<\/p>\n","protected":false},"author":7,"featured_media":3463,"comment_status":"open","ping_status":"open","sticky":false,"template":"","format":"standard","meta":{"footnotes":""},"categories":[1],"tags":[281,36,282,280,33],"class_list":["post-3452","post","type-post","status-publish","format-standard","has-post-thumbnail","hentry","category-novedades","tag-certamen","tag-intendencia","tag-nacional","tag-quimica","tag-rivera"],"_links":{"self":[{"href":"https:\/\/www.rivera.gub.uy\/portal\/wp-json\/wp\/v2\/posts\/3452","targetHints":{"allow":["GET"]}}],"collection":[{"href":"https:\/\/www.rivera.gub.uy\/portal\/wp-json\/wp\/v2\/posts"}],"about":[{"href":"https:\/\/www.rivera.gub.uy\/portal\/wp-json\/wp\/v2\/types\/post"}],"author":[{"embeddable":true,"href":"https:\/\/www.rivera.gub.uy\/portal\/wp-json\/wp\/v2\/users\/7"}],"replies":[{"embeddable":true,"href":"https:\/\/www.rivera.gub.uy\/portal\/wp-json\/wp\/v2\/comments?post=3452"}],"version-history":[{"count":5,"href":"https:\/\/www.rivera.gub.uy\/portal\/wp-json\/wp\/v2\/posts\/3452\/revisions"}],"predecessor-version":[{"id":3473,"href":"https:\/\/www.rivera.gub.uy\/portal\/wp-json\/wp\/v2\/posts\/3452\/revisions\/3473"}],"wp:featuredmedia":[{"embeddable":true,"href":"https:\/\/www.rivera.gub.uy\/portal\/wp-json\/wp\/v2\/media\/3463"}],"wp:attachment":[{"href":"https:\/\/www.rivera.gub.uy\/portal\/wp-json\/wp\/v2\/media?parent=3452"}],"wp:term":[{"taxonomy":"category","embeddable":true,"href":"https:\/\/www.rivera.gub.uy\/portal\/wp-json\/wp\/v2\/categories?post=3452"},{"taxonomy":"post_tag","embeddable":true,"href":"https:\/\/www.rivera.gub.uy\/portal\/wp-json\/wp\/v2\/tags?post=3452"}],"curies":[{"name":"wp","href":"https:\/\/api.w.org\/{rel}","templated":true}]}}