{"id":3505,"date":"2017-12-01T11:29:59","date_gmt":"2017-12-01T13:29:59","guid":{"rendered":"http:\/\/www.rivera.gub.uy\/portal\/?p=3505"},"modified":"2017-12-01T14:21:11","modified_gmt":"2017-12-01T16:21:11","slug":"rivera-brilla-2017","status":"publish","type":"post","link":"https:\/\/www.rivera.gub.uy\/portal\/rivera-brilla-2017\/","title":{"rendered":"Todos al \u201cRivera Brilla\u201d este s\u00e1bado en Plaza Artigas"},"content":{"rendered":"<p class=\"western\"><span style=\"font-size: large\">El director de Turismo de la Intendencia Departamental de Rivera, Lic. Carlos Martorell, invit\u00f3 a la comunidad riverense a disfrutar de la noche de inauguraci\u00f3n del Proyecto <\/span><span style=\"font-size: large\"><b>Rivera Brilla<\/b><\/span><span style=\"font-size: large\">, en el escenario principal ubicado en Plaza Artigas y al encendido de luces de Avda. Sarand\u00ed.<\/span><!--more--><\/p>\n<p class=\"western\">\u201c<span style=\"font-size: large\">Rivera Brilla, ofrecer\u00e1 una amplia agenda de actividades culturales\/art\u00edsticas, durante todo el mes de diciembre en Plaza Artigas. Adem\u00e1s invitamos a todos a disfrutar, la Noche M\u00e1gica el 15 de diciembre, el 21 de diciembre en Pte. Viera y el 22 de diciembre Noche de Descuentos en Rivera Chico. <\/span><\/p>\n<p class=\"western\"><span style=\"font-size: large\">Los invitamos a todos a partir de las 20:30 para ver un producto \u201cMade in Rivera\u201c, hecho para toda la poblaci\u00f3n de manera gratuita, donde estuvieron involucradas casi 600 personas y m\u00e1s de 30 instituciones en este proyecto, dentro de ellos, escuelas, liceos y ONGs\u201d, indic\u00f3 Martorell.<\/span><\/p>\n<p class=\"western\"><span style=\"font-size: large\">El director de Turismo, afirm\u00f3 que ser\u00e1 la \u00fanica Avenida adornada de punta a punta en todo el pa\u00eds, por lo cual consideran que es digno de mostrar a Rivera, a Uruguay y al mundo este proyecto tan importante.<\/span><\/p>\n<p class=\"western\">\u201c<span style=\"font-size: large\">Hay que venir con su sillita a Plaza Artigas y a cada uno de los eventos, porque fue hecho con mucho esfuerzo para toda la familia\u201d, concluy\u00f3.<\/span><\/p>\n<p><iframe loading=\"lazy\" width=\"1160\" height=\"653\" src=\"https:\/\/www.youtube.com\/embed\/-iiUrtK5PFs?feature=oembed\" frameborder=\"0\" gesture=\"media\" allow=\"encrypted-media\" allowfullscreen><\/iframe><\/p>\n","protected":false},"excerpt":{"rendered":"<p>El director de Turismo de la Intendencia Departamental de Rivera, Lic. Carlos Martorell, invit\u00f3 a la comunidad riverense a disfrutar de la noche de inauguraci\u00f3n del Proyecto Rivera Brilla, en el escenario principal ubicado en Plaza Artigas y al encendido de luces de Avda. Sarand\u00ed.<\/p>\n","protected":false},"author":7,"featured_media":3506,"comment_status":"open","ping_status":"open","sticky":false,"template":"","format":"standard","meta":{"footnotes":""},"categories":[6,3,20],"tags":[36,290,289],"class_list":["post-3505","post","type-post","status-publish","format-standard","has-post-thumbnail","hentry","category-cultura","category-multimedia","category-turismo","tag-intendencia","tag-rievra","tag-rivera-brilla"],"_links":{"self":[{"href":"https:\/\/www.rivera.gub.uy\/portal\/wp-json\/wp\/v2\/posts\/3505","targetHints":{"allow":["GET"]}}],"collection":[{"href":"https:\/\/www.rivera.gub.uy\/portal\/wp-json\/wp\/v2\/posts"}],"about":[{"href":"https:\/\/www.rivera.gub.uy\/portal\/wp-json\/wp\/v2\/types\/post"}],"author":[{"embeddable":true,"href":"https:\/\/www.rivera.gub.uy\/portal\/wp-json\/wp\/v2\/users\/7"}],"replies":[{"embeddable":true,"href":"https:\/\/www.rivera.gub.uy\/portal\/wp-json\/wp\/v2\/comments?post=3505"}],"version-history":[{"count":11,"href":"https:\/\/www.rivera.gub.uy\/portal\/wp-json\/wp\/v2\/posts\/3505\/revisions"}],"predecessor-version":[{"id":3521,"href":"https:\/\/www.rivera.gub.uy\/portal\/wp-json\/wp\/v2\/posts\/3505\/revisions\/3521"}],"wp:featuredmedia":[{"embeddable":true,"href":"https:\/\/www.rivera.gub.uy\/portal\/wp-json\/wp\/v2\/media\/3506"}],"wp:attachment":[{"href":"https:\/\/www.rivera.gub.uy\/portal\/wp-json\/wp\/v2\/media?parent=3505"}],"wp:term":[{"taxonomy":"category","embeddable":true,"href":"https:\/\/www.rivera.gub.uy\/portal\/wp-json\/wp\/v2\/categories?post=3505"},{"taxonomy":"post_tag","embeddable":true,"href":"https:\/\/www.rivera.gub.uy\/portal\/wp-json\/wp\/v2\/tags?post=3505"}],"curies":[{"name":"wp","href":"https:\/\/api.w.org\/{rel}","templated":true}]}}