{"id":3558,"date":"2017-12-05T11:20:01","date_gmt":"2017-12-05T13:20:01","guid":{"rendered":"http:\/\/www.rivera.gub.uy\/portal\/?p=3558"},"modified":"2017-12-11T13:16:25","modified_gmt":"2017-12-11T15:16:25","slug":"actividades-en-el-marco-de-la-semana-de-sensibilizacion","status":"publish","type":"post","link":"https:\/\/www.rivera.gub.uy\/portal\/actividades-en-el-marco-de-la-semana-de-sensibilizacion\/","title":{"rendered":"Actividades en el marco de la Semana de Sensibilizaci\u00f3n"},"content":{"rendered":"<p>La directora de la Oficina de Relacionamiento con la comunidad Mtra. Betina Carballo, inform\u00f3 al respecto de las actividades que se vienen llevando a cabo desde su oficina en el marco de la Semana de la Sensibilizaci\u00f3n.<br \/>\n<!--more--><br \/>\nLa Semana de la Sensibilizaci\u00f3n se realiza del 3 hasta el 9 de diciembre, trabajado con la inclusi\u00f3n de las personas con discapacidad en nuestra ciudad y en la ciudad de Tranqueras.<br \/>\nCarballo, indic\u00f3 que este viernes 8 de diciembre se realizar\u00e1 una actividad inclusiva en Plaza Artigas a partir de las 9:30 hasta el mediod\u00eda, junto a PRONADIS, centros educativos, instituciones p\u00fablicas y clubes de servicios.<\/p>\n<p>\u201cLa idea es que todas las personas que pasen por la plaza puedan vivir por un momento, lo que es moverse sin algunos de los sentidos o capacidades motoras, para incluir e incluirnos, entendiendo la importancia del lenguaje motor y corporal. Es una invitaci\u00f3n p\u00fablica abierta a todos los que quieran acompa\u00f1arnos en un entorno tan lindo y acogedor que es la plaza Artigas en este marco del Rivera Brilla\u201d, manifest\u00f3.<br \/>\nAgreg\u00f3 que el mensaje ser\u00e1 corto, sencillo y realista\u2026enfatizando en la importancia del mismo.<\/p>\n<div id='gallery-1' class='gallery galleryid-3558 gallery-columns-5 gallery-size-thumbnail'><figure class='gallery-item'>\n\t\t\t<div class='gallery-icon landscape'>\n\t\t\t\t<a href='https:\/\/www.rivera.gub.uy\/portal\/wp-content\/uploads\/2017\/12\/DSC_9321-Copiar-Copiar.jpg'><img loading=\"lazy\" decoding=\"async\" width=\"144\" height=\"94\" src=\"https:\/\/www.rivera.gub.uy\/portal\/wp-content\/uploads\/2017\/12\/DSC_9321-Copiar-Copiar-144x94.jpg\" class=\"attachment-thumbnail size-thumbnail\" alt=\"\" srcset=\"https:\/\/www.rivera.gub.uy\/portal\/wp-content\/uploads\/2017\/12\/DSC_9321-Copiar-Copiar-144x94.jpg 144w, https:\/\/www.rivera.gub.uy\/portal\/wp-content\/uploads\/2017\/12\/DSC_9321-Copiar-Copiar-288x188.jpg 288w, https:\/\/www.rivera.gub.uy\/portal\/wp-content\/uploads\/2017\/12\/DSC_9321-Copiar-Copiar-768x501.jpg 768w, https:\/\/www.rivera.gub.uy\/portal\/wp-content\/uploads\/2017\/12\/DSC_9321-Copiar-Copiar-960x626.jpg 960w, https:\/\/www.rivera.gub.uy\/portal\/wp-content\/uploads\/2017\/12\/DSC_9321-Copiar-Copiar-820x535.jpg 820w, https:\/\/www.rivera.gub.uy\/portal\/wp-content\/uploads\/2017\/12\/DSC_9321-Copiar-Copiar.jpg 1150w\" sizes=\"auto, (max-width: 144px) 100vw, 144px\" \/><\/a>\n\t\t\t<\/div><\/figure><figure class='gallery-item'>\n\t\t\t<div class='gallery-icon landscape'>\n\t\t\t\t<a href='https:\/\/www.rivera.gub.uy\/portal\/wp-content\/uploads\/2017\/12\/DSC_9361-Copiar-Copiar.jpg'><img loading=\"lazy\" decoding=\"async\" width=\"144\" height=\"94\" src=\"https:\/\/www.rivera.gub.uy\/portal\/wp-content\/uploads\/2017\/12\/DSC_9361-Copiar-Copiar-144x94.jpg\" class=\"attachment-thumbnail size-thumbnail\" alt=\"\" srcset=\"https:\/\/www.rivera.gub.uy\/portal\/wp-content\/uploads\/2017\/12\/DSC_9361-Copiar-Copiar-144x94.jpg 144w, https:\/\/www.rivera.gub.uy\/portal\/wp-content\/uploads\/2017\/12\/DSC_9361-Copiar-Copiar-288x188.jpg 288w, https:\/\/www.rivera.gub.uy\/portal\/wp-content\/uploads\/2017\/12\/DSC_9361-Copiar-Copiar-768x501.jpg 768w, https:\/\/www.rivera.gub.uy\/portal\/wp-content\/uploads\/2017\/12\/DSC_9361-Copiar-Copiar-960x626.jpg 960w, https:\/\/www.rivera.gub.uy\/portal\/wp-content\/uploads\/2017\/12\/DSC_9361-Copiar-Copiar-820x535.jpg 820w, https:\/\/www.rivera.gub.uy\/portal\/wp-content\/uploads\/2017\/12\/DSC_9361-Copiar-Copiar.jpg 1150w\" sizes=\"auto, (max-width: 144px) 100vw, 144px\" \/><\/a>\n\t\t\t<\/div><\/figure><figure class='gallery-item'>\n\t\t\t<div class='gallery-icon landscape'>\n\t\t\t\t<a href='https:\/\/www.rivera.gub.uy\/portal\/wp-content\/uploads\/2017\/12\/DSC_9370-Copiar-Copiar.jpg'><img loading=\"lazy\" decoding=\"async\" width=\"132\" height=\"94\" src=\"https:\/\/www.rivera.gub.uy\/portal\/wp-content\/uploads\/2017\/12\/DSC_9370-Copiar-Copiar-132x94.jpg\" class=\"attachment-thumbnail size-thumbnail\" alt=\"\" srcset=\"https:\/\/www.rivera.gub.uy\/portal\/wp-content\/uploads\/2017\/12\/DSC_9370-Copiar-Copiar-132x94.jpg 132w, https:\/\/www.rivera.gub.uy\/portal\/wp-content\/uploads\/2017\/12\/DSC_9370-Copiar-Copiar-263x188.jpg 263w, https:\/\/www.rivera.gub.uy\/portal\/wp-content\/uploads\/2017\/12\/DSC_9370-Copiar-Copiar-768x549.jpg 768w, https:\/\/www.rivera.gub.uy\/portal\/wp-content\/uploads\/2017\/12\/DSC_9370-Copiar-Copiar-876x626.jpg 876w, https:\/\/www.rivera.gub.uy\/portal\/wp-content\/uploads\/2017\/12\/DSC_9370-Copiar-Copiar-820x586.jpg 820w, https:\/\/www.rivera.gub.uy\/portal\/wp-content\/uploads\/2017\/12\/DSC_9370-Copiar-Copiar.jpg 1050w\" sizes=\"auto, (max-width: 132px) 100vw, 132px\" \/><\/a>\n\t\t\t<\/div><\/figure><figure class='gallery-item'>\n\t\t\t<div class='gallery-icon landscape'>\n\t\t\t\t<a href='https:\/\/www.rivera.gub.uy\/portal\/wp-content\/uploads\/2017\/12\/DSC_9409-Copiar-Copiar.jpg'><img loading=\"lazy\" decoding=\"async\" width=\"144\" height=\"94\" src=\"https:\/\/www.rivera.gub.uy\/portal\/wp-content\/uploads\/2017\/12\/DSC_9409-Copiar-Copiar-144x94.jpg\" class=\"attachment-thumbnail size-thumbnail\" alt=\"\" srcset=\"https:\/\/www.rivera.gub.uy\/portal\/wp-content\/uploads\/2017\/12\/DSC_9409-Copiar-Copiar-144x94.jpg 144w, https:\/\/www.rivera.gub.uy\/portal\/wp-content\/uploads\/2017\/12\/DSC_9409-Copiar-Copiar-288x188.jpg 288w, https:\/\/www.rivera.gub.uy\/portal\/wp-content\/uploads\/2017\/12\/DSC_9409-Copiar-Copiar-768x501.jpg 768w, https:\/\/www.rivera.gub.uy\/portal\/wp-content\/uploads\/2017\/12\/DSC_9409-Copiar-Copiar-960x626.jpg 960w, https:\/\/www.rivera.gub.uy\/portal\/wp-content\/uploads\/2017\/12\/DSC_9409-Copiar-Copiar-820x535.jpg 820w, https:\/\/www.rivera.gub.uy\/portal\/wp-content\/uploads\/2017\/12\/DSC_9409-Copiar-Copiar.jpg 1150w\" sizes=\"auto, (max-width: 144px) 100vw, 144px\" \/><\/a>\n\t\t\t<\/div><\/figure><figure class='gallery-item'>\n\t\t\t<div class='gallery-icon landscape'>\n\t\t\t\t<a href='https:\/\/www.rivera.gub.uy\/portal\/wp-content\/uploads\/2017\/12\/ccbb.png'><img loading=\"lazy\" decoding=\"async\" width=\"144\" height=\"94\" src=\"https:\/\/www.rivera.gub.uy\/portal\/wp-content\/uploads\/2017\/12\/ccbb-144x94.png\" class=\"attachment-thumbnail size-thumbnail\" alt=\"\" srcset=\"https:\/\/www.rivera.gub.uy\/portal\/wp-content\/uploads\/2017\/12\/ccbb-144x94.png 144w, https:\/\/www.rivera.gub.uy\/portal\/wp-content\/uploads\/2017\/12\/ccbb-287x188.png 287w, https:\/\/www.rivera.gub.uy\/portal\/wp-content\/uploads\/2017\/12\/ccbb.png 630w\" sizes=\"auto, (max-width: 144px) 100vw, 144px\" \/><\/a>\n\t\t\t<\/div><\/figure>\n\t\t<\/div>\n\n","protected":false},"excerpt":{"rendered":"<p>La directora de la Oficina de Relacionamiento con la comunidad Mtra. Betina Carballo, inform\u00f3 al respecto de las actividades que se vienen llevando a cabo desde su oficina en el marco de la Semana de la Sensibilizaci\u00f3n.<\/p>\n","protected":false},"author":7,"featured_media":3560,"comment_status":"open","ping_status":"open","sticky":false,"template":"","format":"standard","meta":{"footnotes":""},"categories":[1,18],"tags":[36,295,33],"class_list":["post-3558","post","type-post","status-publish","format-standard","has-post-thumbnail","hentry","category-novedades","category-participacion","tag-intendencia","tag-relacionamiento-con-la-comunidad","tag-rivera"],"_links":{"self":[{"href":"https:\/\/www.rivera.gub.uy\/portal\/wp-json\/wp\/v2\/posts\/3558","targetHints":{"allow":["GET"]}}],"collection":[{"href":"https:\/\/www.rivera.gub.uy\/portal\/wp-json\/wp\/v2\/posts"}],"about":[{"href":"https:\/\/www.rivera.gub.uy\/portal\/wp-json\/wp\/v2\/types\/post"}],"author":[{"embeddable":true,"href":"https:\/\/www.rivera.gub.uy\/portal\/wp-json\/wp\/v2\/users\/7"}],"replies":[{"embeddable":true,"href":"https:\/\/www.rivera.gub.uy\/portal\/wp-json\/wp\/v2\/comments?post=3558"}],"version-history":[{"count":4,"href":"https:\/\/www.rivera.gub.uy\/portal\/wp-json\/wp\/v2\/posts\/3558\/revisions"}],"predecessor-version":[{"id":3732,"href":"https:\/\/www.rivera.gub.uy\/portal\/wp-json\/wp\/v2\/posts\/3558\/revisions\/3732"}],"wp:featuredmedia":[{"embeddable":true,"href":"https:\/\/www.rivera.gub.uy\/portal\/wp-json\/wp\/v2\/media\/3560"}],"wp:attachment":[{"href":"https:\/\/www.rivera.gub.uy\/portal\/wp-json\/wp\/v2\/media?parent=3558"}],"wp:term":[{"taxonomy":"category","embeddable":true,"href":"https:\/\/www.rivera.gub.uy\/portal\/wp-json\/wp\/v2\/categories?post=3558"},{"taxonomy":"post_tag","embeddable":true,"href":"https:\/\/www.rivera.gub.uy\/portal\/wp-json\/wp\/v2\/tags?post=3558"}],"curies":[{"name":"wp","href":"https:\/\/api.w.org\/{rel}","templated":true}]}}