{"id":3628,"date":"2017-12-06T11:00:03","date_gmt":"2017-12-06T13:00:03","guid":{"rendered":"http:\/\/www.rivera.gub.uy\/portal\/?p=3628"},"modified":"2017-12-07T09:42:32","modified_gmt":"2017-12-07T11:42:32","slug":"desarrollo-y-fortalecimiento-de-la-cadena-de-valor-del-sector-maderero-de-rivera-con-enfasis-en-la-mejora-de-la-productividad-de-la-competitividad-y-de-la-calidad-del-empleo","status":"publish","type":"post","link":"https:\/\/www.rivera.gub.uy\/portal\/desarrollo-y-fortalecimiento-de-la-cadena-de-valor-del-sector-maderero-de-rivera-con-enfasis-en-la-mejora-de-la-productividad-de-la-competitividad-y-de-la-calidad-del-empleo\/","title":{"rendered":"Proyecto de Fomento a la competitividad territorial"},"content":{"rendered":"<p>Se realiz\u00f3 este martes 5 de diciembre la conferencia de lanzamiento de Proyecto de Fomento a la competitividad territorial: \u201cDesarrollo y fortalecimiento de la cadena de valor del sector maderero de Rivera, con \u00e9nfasis en la mejora de la productividad, de la competitividad y de la calidad del empleo\u201d.<!--more--><br \/>\nEstuvieron presentes en mesa de conferencia el intendente departamental de Rivera, Dr. Marne Osorio Lima, Secretario General IDR, Cr. Richard Sander, Presidente de Agencia Nacional de Desarrollo (ANDE), Sr. Mart\u00edn Dibarboure, Representante de la Oficina de Planeamiento y Presupuesto (OPP), Santiago Soto, Director Nacional de DINAPYME- MIEM, Rafael Mendive, Coordinadora del Centro de Extensionismo Industrial, (CEI),Ec. Michele Snoek, Coordinadora del Programa Desarrollo Local de Centro Latinoamericano de Econom\u00eda Humana (CLAEH), Ioanna Grotiuz, Representante del Sector Privado de Aserraderos de Rivera, Sr. Juan Carlos Sanguinet, y la Coordinadora de Tecn\u00f3logo en Madera, ANEP-CETP, Ing. Agr. Ludmila Profumo.<br \/>\nEl proyecto ser\u00e1 gestionado por la Intendencia Departamental de Rivera, con la financiaci\u00f3n de la Agencia Nacional de Desarrollo, la participaci\u00f3n de la OPP y la sociedad de empresas privadas y sectores acad\u00e9micos<\/p>\n<p>En su alocuci\u00f3n el intendente Dr. Marne Osorio indic\u00f3 que: \u201cEs un d\u00eda muy importante porque firmamos un proyecto que viene a dar apoyo, recursos financieros, capacitaci\u00f3n y un soporte al sector maderero en Rivera. Con \u00e9nfasis especial en lo que son las peque\u00f1as y medianas empresas, que tienen una suerte de sobrevivencia en lo que se refiere al acceso de mercado, de incluir tecnolog\u00eda, acceder a cr\u00e9ditos, compra de nuevos equipamientos y de poder incluirse en la cadena de valor de la mano con las empresas m\u00e1s grandes que tenemos en el departamento y la regi\u00f3n\u201d.<\/p>\n<div id='gallery-1' class='gallery galleryid-3628 gallery-columns-5 gallery-size-thumbnail'><figure class='gallery-item'>\n\t\t\t<div class='gallery-icon landscape'>\n\t\t\t\t<a href='https:\/\/www.rivera.gub.uy\/portal\/wp-content\/uploads\/2017\/12\/DSC_6265-Copiar.jpg'><img loading=\"lazy\" decoding=\"async\" width=\"150\" height=\"94\" src=\"https:\/\/www.rivera.gub.uy\/portal\/wp-content\/uploads\/2017\/12\/DSC_6265-Copiar-150x94.jpg\" class=\"attachment-thumbnail size-thumbnail\" alt=\"\" srcset=\"https:\/\/www.rivera.gub.uy\/portal\/wp-content\/uploads\/2017\/12\/DSC_6265-Copiar-150x94.jpg 150w, https:\/\/www.rivera.gub.uy\/portal\/wp-content\/uploads\/2017\/12\/DSC_6265-Copiar-300x188.jpg 300w, https:\/\/www.rivera.gub.uy\/portal\/wp-content\/uploads\/2017\/12\/DSC_6265-Copiar-768x480.jpg 768w, https:\/\/www.rivera.gub.uy\/portal\/wp-content\/uploads\/2017\/12\/DSC_6265-Copiar-1000x626.jpg 1000w, https:\/\/www.rivera.gub.uy\/portal\/wp-content\/uploads\/2017\/12\/DSC_6265-Copiar-820x513.jpg 820w, https:\/\/www.rivera.gub.uy\/portal\/wp-content\/uploads\/2017\/12\/DSC_6265-Copiar.jpg 1680w\" sizes=\"auto, (max-width: 150px) 100vw, 150px\" \/><\/a>\n\t\t\t<\/div><\/figure><figure class='gallery-item'>\n\t\t\t<div class='gallery-icon landscape'>\n\t\t\t\t<a href='https:\/\/www.rivera.gub.uy\/portal\/wp-content\/uploads\/2017\/12\/DSC_6266-Copiar.jpg'><img loading=\"lazy\" decoding=\"async\" width=\"150\" height=\"94\" src=\"https:\/\/www.rivera.gub.uy\/portal\/wp-content\/uploads\/2017\/12\/DSC_6266-Copiar-150x94.jpg\" class=\"attachment-thumbnail size-thumbnail\" alt=\"\" srcset=\"https:\/\/www.rivera.gub.uy\/portal\/wp-content\/uploads\/2017\/12\/DSC_6266-Copiar-150x94.jpg 150w, https:\/\/www.rivera.gub.uy\/portal\/wp-content\/uploads\/2017\/12\/DSC_6266-Copiar-300x188.jpg 300w, https:\/\/www.rivera.gub.uy\/portal\/wp-content\/uploads\/2017\/12\/DSC_6266-Copiar-768x480.jpg 768w, https:\/\/www.rivera.gub.uy\/portal\/wp-content\/uploads\/2017\/12\/DSC_6266-Copiar-1000x626.jpg 1000w, https:\/\/www.rivera.gub.uy\/portal\/wp-content\/uploads\/2017\/12\/DSC_6266-Copiar-820x513.jpg 820w, https:\/\/www.rivera.gub.uy\/portal\/wp-content\/uploads\/2017\/12\/DSC_6266-Copiar.jpg 1680w\" sizes=\"auto, (max-width: 150px) 100vw, 150px\" \/><\/a>\n\t\t\t<\/div><\/figure><figure class='gallery-item'>\n\t\t\t<div class='gallery-icon landscape'>\n\t\t\t\t<a href='https:\/\/www.rivera.gub.uy\/portal\/wp-content\/uploads\/2017\/12\/DSC_6288-Copiar.jpg'><img loading=\"lazy\" decoding=\"async\" width=\"150\" height=\"94\" src=\"https:\/\/www.rivera.gub.uy\/portal\/wp-content\/uploads\/2017\/12\/DSC_6288-Copiar-150x94.jpg\" class=\"attachment-thumbnail size-thumbnail\" alt=\"\" srcset=\"https:\/\/www.rivera.gub.uy\/portal\/wp-content\/uploads\/2017\/12\/DSC_6288-Copiar-150x94.jpg 150w, https:\/\/www.rivera.gub.uy\/portal\/wp-content\/uploads\/2017\/12\/DSC_6288-Copiar-300x188.jpg 300w, https:\/\/www.rivera.gub.uy\/portal\/wp-content\/uploads\/2017\/12\/DSC_6288-Copiar-768x480.jpg 768w, https:\/\/www.rivera.gub.uy\/portal\/wp-content\/uploads\/2017\/12\/DSC_6288-Copiar-1000x626.jpg 1000w, https:\/\/www.rivera.gub.uy\/portal\/wp-content\/uploads\/2017\/12\/DSC_6288-Copiar-820x513.jpg 820w, https:\/\/www.rivera.gub.uy\/portal\/wp-content\/uploads\/2017\/12\/DSC_6288-Copiar.jpg 1680w\" sizes=\"auto, (max-width: 150px) 100vw, 150px\" \/><\/a>\n\t\t\t<\/div><\/figure><figure class='gallery-item'>\n\t\t\t<div class='gallery-icon landscape'>\n\t\t\t\t<a href='https:\/\/www.rivera.gub.uy\/portal\/wp-content\/uploads\/2017\/12\/DSC_6293-Copiar.jpg'><img loading=\"lazy\" decoding=\"async\" width=\"132\" height=\"94\" src=\"https:\/\/www.rivera.gub.uy\/portal\/wp-content\/uploads\/2017\/12\/DSC_6293-Copiar-132x94.jpg\" class=\"attachment-thumbnail size-thumbnail\" alt=\"\" srcset=\"https:\/\/www.rivera.gub.uy\/portal\/wp-content\/uploads\/2017\/12\/DSC_6293-Copiar-132x94.jpg 132w, https:\/\/www.rivera.gub.uy\/portal\/wp-content\/uploads\/2017\/12\/DSC_6293-Copiar-263x188.jpg 263w, https:\/\/www.rivera.gub.uy\/portal\/wp-content\/uploads\/2017\/12\/DSC_6293-Copiar-768x549.jpg 768w, https:\/\/www.rivera.gub.uy\/portal\/wp-content\/uploads\/2017\/12\/DSC_6293-Copiar-876x626.jpg 876w, https:\/\/www.rivera.gub.uy\/portal\/wp-content\/uploads\/2017\/12\/DSC_6293-Copiar-820x586.jpg 820w, https:\/\/www.rivera.gub.uy\/portal\/wp-content\/uploads\/2017\/12\/DSC_6293-Copiar.jpg 1470w\" sizes=\"auto, (max-width: 132px) 100vw, 132px\" \/><\/a>\n\t\t\t<\/div><\/figure><figure class='gallery-item'>\n\t\t\t<div class='gallery-icon landscape'>\n\t\t\t\t<a href='https:\/\/www.rivera.gub.uy\/portal\/wp-content\/uploads\/2017\/12\/DSC_6295-Copiar.jpg'><img loading=\"lazy\" decoding=\"async\" width=\"132\" height=\"94\" src=\"https:\/\/www.rivera.gub.uy\/portal\/wp-content\/uploads\/2017\/12\/DSC_6295-Copiar-132x94.jpg\" class=\"attachment-thumbnail size-thumbnail\" alt=\"\" srcset=\"https:\/\/www.rivera.gub.uy\/portal\/wp-content\/uploads\/2017\/12\/DSC_6295-Copiar-132x94.jpg 132w, https:\/\/www.rivera.gub.uy\/portal\/wp-content\/uploads\/2017\/12\/DSC_6295-Copiar-263x188.jpg 263w, https:\/\/www.rivera.gub.uy\/portal\/wp-content\/uploads\/2017\/12\/DSC_6295-Copiar-768x549.jpg 768w, https:\/\/www.rivera.gub.uy\/portal\/wp-content\/uploads\/2017\/12\/DSC_6295-Copiar-876x626.jpg 876w, https:\/\/www.rivera.gub.uy\/portal\/wp-content\/uploads\/2017\/12\/DSC_6295-Copiar-820x586.jpg 820w, https:\/\/www.rivera.gub.uy\/portal\/wp-content\/uploads\/2017\/12\/DSC_6295-Copiar.jpg 1470w\" sizes=\"auto, (max-width: 132px) 100vw, 132px\" \/><\/a>\n\t\t\t<\/div><\/figure>\n\t\t<\/div>\n\n","protected":false},"excerpt":{"rendered":"<p>Se realiz\u00f3 este martes 5 de diciembre la conferencia de lanzamiento de Proyecto de Fomento a la competitividad territorial: \u201cDesarrollo y fortalecimiento de la cadena de valor del sector maderero de Rivera, con \u00e9nfasis en la mejora de la productividad, de la competitividad y de la calidad del empleo\u201d.<\/p>\n","protected":false},"author":7,"featured_media":3633,"comment_status":"open","ping_status":"open","sticky":false,"template":"","format":"standard","meta":{"footnotes":""},"categories":[1,13],"tags":[308,36,263,33],"class_list":["post-3628","post","type-post","status-publish","format-standard","has-post-thumbnail","hentry","category-novedades","category-proyectos-estrategicos","tag-empresas","tag-intendencia","tag-proyecto","tag-rivera"],"_links":{"self":[{"href":"https:\/\/www.rivera.gub.uy\/portal\/wp-json\/wp\/v2\/posts\/3628","targetHints":{"allow":["GET"]}}],"collection":[{"href":"https:\/\/www.rivera.gub.uy\/portal\/wp-json\/wp\/v2\/posts"}],"about":[{"href":"https:\/\/www.rivera.gub.uy\/portal\/wp-json\/wp\/v2\/types\/post"}],"author":[{"embeddable":true,"href":"https:\/\/www.rivera.gub.uy\/portal\/wp-json\/wp\/v2\/users\/7"}],"replies":[{"embeddable":true,"href":"https:\/\/www.rivera.gub.uy\/portal\/wp-json\/wp\/v2\/comments?post=3628"}],"version-history":[{"count":4,"href":"https:\/\/www.rivera.gub.uy\/portal\/wp-json\/wp\/v2\/posts\/3628\/revisions"}],"predecessor-version":[{"id":3637,"href":"https:\/\/www.rivera.gub.uy\/portal\/wp-json\/wp\/v2\/posts\/3628\/revisions\/3637"}],"wp:featuredmedia":[{"embeddable":true,"href":"https:\/\/www.rivera.gub.uy\/portal\/wp-json\/wp\/v2\/media\/3633"}],"wp:attachment":[{"href":"https:\/\/www.rivera.gub.uy\/portal\/wp-json\/wp\/v2\/media?parent=3628"}],"wp:term":[{"taxonomy":"category","embeddable":true,"href":"https:\/\/www.rivera.gub.uy\/portal\/wp-json\/wp\/v2\/categories?post=3628"},{"taxonomy":"post_tag","embeddable":true,"href":"https:\/\/www.rivera.gub.uy\/portal\/wp-json\/wp\/v2\/tags?post=3628"}],"curies":[{"name":"wp","href":"https:\/\/api.w.org\/{rel}","templated":true}]}}