{"id":3660,"date":"2017-12-07T11:00:26","date_gmt":"2017-12-07T13:00:26","guid":{"rendered":"http:\/\/www.rivera.gub.uy\/portal\/?p=3660"},"modified":"2017-12-07T15:52:21","modified_gmt":"2017-12-07T17:52:21","slug":"lanzamientos-noches-magicas-del-departamento","status":"publish","type":"post","link":"https:\/\/www.rivera.gub.uy\/portal\/lanzamientos-noches-magicas-del-departamento\/","title":{"rendered":"Lanzamiento de las &#8220;Noches M\u00e1gicas&#8221; del Departamento"},"content":{"rendered":"<p>Se llev\u00f3 a cabo este 6 de diciembre en la sala de conferencias del 3er piso del edificio comunal, el lanzamiento de las Noches M\u00e1gicas que se realizar\u00e1n en el departamento.<br \/>\nLa mesa de presentaci\u00f3n y lanzamiento de la programaci\u00f3n estuvo conformada por el Intendente Departamental de Rivera, Dr. Marne Osorio Lima, Director General de Promoci\u00f3n y Acci\u00f3n Social, Cr. Giovani Conti, Director de Turismo IDR, Lic. Carlos Martorel, Pte. de ACIR Julio Coelho, Pte. de la Asociaci\u00f3n de Free Shop, Mar\u00eda Lina Varela, la Sra. Organizadora de la Noche M\u00e1gica por Av. Sarand\u00ed, Sra. Olga S\u00e1nchez, organizadora de Noche M\u00e1gica por Pte. Viera, Sra. Adriana Rodr\u00edguez, organizadora de la Noche M\u00e1gica por Av. Cuar\u00f3, Sra. Cristina Vargas y la organizadora de la Noche M\u00e1gica en la ciudad de Tranqueras, Sra. Adela Cuello.<!--more--><br \/>\nLa Noche M\u00e1gica se celebra en su d\u00e9cima edici\u00f3n, con una oferta de importantes descuentos y atracciones art\u00edsticas para la comunidad riverense y turistas que llegan a nuestro departamento en el mes de diciembre.<br \/>\nEl d\u00eda viernes 15 se realizar\u00e1 la Noche M\u00e1gica por Av. Sarand\u00ed, con importantes descuentos, regalos y sorteos en los comercios a lo largo de nuestra principal avenida, adem\u00e1s de atracciones en el escenario de Plaza Artigas.<br \/>\nEn lo que atracciones art\u00edsticas se refiere, se realizar\u00e1 la apertura de la noche, con el desfile de bandas marciales, encendido de luces, actuaci\u00f3n del Ballet Folcl\u00f3rico Departamental, bandas Los Rebeldes y el gran cierre con So Gaita\u00e7o.<br \/>\nAdem\u00e1s se realizar\u00e1 la Noche M\u00e1gica por Pte. Viera el d\u00eda jueves 21, el viernes 22 en Avda. Cuar\u00f3, ambos barrios decorados con la apertura de varios comercios con diferentes ofertas y descuentos. El mismo d\u00eda 22 de diciembre se realizar\u00e1 en Tranqueras la noche de los descuentos, evento que contar\u00e1 con el apoyo de muchos comercios de la ciudad.<br \/>\nEl intendente manifest\u00f3 que la Noche M\u00e1gica, es una realizaci\u00f3n muy importante para nuestra ciudad, que aporta a la promoci\u00f3n del comercio y de la cultura del departamento desde hace 17 a\u00f1os.<br \/>\n\u201cEsto no es una fiesta del gobierno, es una fiesta de toda la comunidad que cuenta con el apoyo cada vez de m\u00e1s, de los comercios de Rivera\u201d, a\u00f1adi\u00f3 el mandatario.<\/p>\n<p><iframe loading=\"lazy\" width=\"1160\" height=\"653\" src=\"https:\/\/www.youtube.com\/embed\/6qXGqQylOU0?feature=oembed\" frameborder=\"0\" gesture=\"media\" allow=\"encrypted-media\" allowfullscreen><\/iframe><\/p>\n","protected":false},"excerpt":{"rendered":"<p>Se llev\u00f3 a cabo este 6 de diciembre en la sala de conferencias del 3er piso del edificio comunal, el lanzamiento de las Noches M\u00e1gicas que se realizar\u00e1n en el departamento. La mesa de presentaci\u00f3n y lanzamiento de la programaci\u00f3n estuvo conformada por el Intendente Departamental de Rivera, Dr. Marne Osorio Lima, Director General de [&hellip;]<\/p>\n","protected":false},"author":7,"featured_media":3661,"comment_status":"open","ping_status":"open","sticky":false,"template":"","format":"standard","meta":{"footnotes":""},"categories":[3],"tags":[36,45,317,33,289],"class_list":["post-3660","post","type-post","status-publish","format-standard","has-post-thumbnail","hentry","category-multimedia","tag-intendencia","tag-intendente","tag-noche-magica","tag-rivera","tag-rivera-brilla"],"_links":{"self":[{"href":"https:\/\/www.rivera.gub.uy\/portal\/wp-json\/wp\/v2\/posts\/3660","targetHints":{"allow":["GET"]}}],"collection":[{"href":"https:\/\/www.rivera.gub.uy\/portal\/wp-json\/wp\/v2\/posts"}],"about":[{"href":"https:\/\/www.rivera.gub.uy\/portal\/wp-json\/wp\/v2\/types\/post"}],"author":[{"embeddable":true,"href":"https:\/\/www.rivera.gub.uy\/portal\/wp-json\/wp\/v2\/users\/7"}],"replies":[{"embeddable":true,"href":"https:\/\/www.rivera.gub.uy\/portal\/wp-json\/wp\/v2\/comments?post=3660"}],"version-history":[{"count":2,"href":"https:\/\/www.rivera.gub.uy\/portal\/wp-json\/wp\/v2\/posts\/3660\/revisions"}],"predecessor-version":[{"id":3678,"href":"https:\/\/www.rivera.gub.uy\/portal\/wp-json\/wp\/v2\/posts\/3660\/revisions\/3678"}],"wp:featuredmedia":[{"embeddable":true,"href":"https:\/\/www.rivera.gub.uy\/portal\/wp-json\/wp\/v2\/media\/3661"}],"wp:attachment":[{"href":"https:\/\/www.rivera.gub.uy\/portal\/wp-json\/wp\/v2\/media?parent=3660"}],"wp:term":[{"taxonomy":"category","embeddable":true,"href":"https:\/\/www.rivera.gub.uy\/portal\/wp-json\/wp\/v2\/categories?post=3660"},{"taxonomy":"post_tag","embeddable":true,"href":"https:\/\/www.rivera.gub.uy\/portal\/wp-json\/wp\/v2\/tags?post=3660"}],"curies":[{"name":"wp","href":"https:\/\/api.w.org\/{rel}","templated":true}]}}