{"id":36691,"date":"2022-03-17T15:13:19","date_gmt":"2022-03-17T18:13:19","guid":{"rendered":"https:\/\/www.rivera.gub.uy\/portal\/?p=36691"},"modified":"2022-03-25T13:02:48","modified_gmt":"2022-03-25T16:02:48","slug":"cierre-de-actividades-del-proyecto-fronteira-da-paz-sustentavel","status":"publish","type":"post","link":"https:\/\/www.rivera.gub.uy\/portal\/cierre-de-actividades-del-proyecto-fronteira-da-paz-sustentavel\/","title":{"rendered":"Cierre de actividades del Proyecto Fronteira da Paz Sustent\u00e1vel"},"content":{"rendered":"<p>Se realiz\u00f3 el cierre de actividades del Proyecto Fronteira da Paz Sustent\u00e1vel financiado por la Uni\u00f3n Europea, donde Rivera participa como socio colaborador.<!--more--><\/p>\n<p>El acto protocolar se realiz\u00f3 en el Sal\u00f3n de Actos de la Intendencia Departamental de Rivera, estuvieron presentes el intendente interino de Rivera Arq. Jos\u00e9 Mazzoni, la prefeita de Santana do Livramento Ana Tarouco y el secretario general del Eixo Atl\u00e2ntico Xo\u00e1n V\u00e1zquez.<\/p>\n<p>El proyecto cuenta con el apoyo de la Uni\u00f3n Europea, fruto de una iniciativa conjunta del Eixo Atl\u00e2ntico do Noroeste Peninsular, el Municipio de Santana do Livramento y la Intendencia Departamental de Rivera.<\/p>\n<p>Los objetivos esperados corresponden a dos ejes, el primero es generar un sistema innovador para la gesti\u00f3n de residuos y una mejora de las condiciones de los recolectores, el segundo consiste en la elaboraci\u00f3n de una agenda urbana.<\/p>\n<p>Tambi\u00e9n est\u00e1 prevista la creaci\u00f3n de un gabinete de cooperaci\u00f3n que trabajar\u00e1 de forma permanente la integraci\u00f3n transfronteriza.<\/p>\n<p>&nbsp;<\/p>\n<p><iframe loading=\"lazy\" title=\"Cierre de actividades del Proyecto Fronteira da Paz Sustent\u00e1vel\" width=\"1160\" height=\"653\" src=\"https:\/\/www.youtube.com\/embed\/hWRBm0fS03k?feature=oembed\" frameborder=\"0\" allow=\"accelerometer; autoplay; clipboard-write; encrypted-media; gyroscope; picture-in-picture\" allowfullscreen><\/iframe><\/p>\n","protected":false},"excerpt":{"rendered":"<p>Se realiz\u00f3 el cierre de actividades del Proyecto Fronteira da Paz Sustent\u00e1vel financiado por la Uni\u00f3n Europea, donde Rivera participa como socio colaborador.<\/p>\n","protected":false},"author":7,"featured_media":36692,"comment_status":"open","ping_status":"open","sticky":false,"template":"","format":"standard","meta":{"footnotes":""},"categories":[1302,3,1],"tags":[103,1309],"class_list":["post-36691","post","type-post","status-publish","format-standard","has-post-thumbnail","hentry","category-agenda-binacional","category-multimedia","category-novedades","tag-binacional","tag-eixo"],"_links":{"self":[{"href":"https:\/\/www.rivera.gub.uy\/portal\/wp-json\/wp\/v2\/posts\/36691","targetHints":{"allow":["GET"]}}],"collection":[{"href":"https:\/\/www.rivera.gub.uy\/portal\/wp-json\/wp\/v2\/posts"}],"about":[{"href":"https:\/\/www.rivera.gub.uy\/portal\/wp-json\/wp\/v2\/types\/post"}],"author":[{"embeddable":true,"href":"https:\/\/www.rivera.gub.uy\/portal\/wp-json\/wp\/v2\/users\/7"}],"replies":[{"embeddable":true,"href":"https:\/\/www.rivera.gub.uy\/portal\/wp-json\/wp\/v2\/comments?post=36691"}],"version-history":[{"count":1,"href":"https:\/\/www.rivera.gub.uy\/portal\/wp-json\/wp\/v2\/posts\/36691\/revisions"}],"predecessor-version":[{"id":36693,"href":"https:\/\/www.rivera.gub.uy\/portal\/wp-json\/wp\/v2\/posts\/36691\/revisions\/36693"}],"wp:featuredmedia":[{"embeddable":true,"href":"https:\/\/www.rivera.gub.uy\/portal\/wp-json\/wp\/v2\/media\/36692"}],"wp:attachment":[{"href":"https:\/\/www.rivera.gub.uy\/portal\/wp-json\/wp\/v2\/media?parent=36691"}],"wp:term":[{"taxonomy":"category","embeddable":true,"href":"https:\/\/www.rivera.gub.uy\/portal\/wp-json\/wp\/v2\/categories?post=36691"},{"taxonomy":"post_tag","embeddable":true,"href":"https:\/\/www.rivera.gub.uy\/portal\/wp-json\/wp\/v2\/tags?post=36691"}],"curies":[{"name":"wp","href":"https:\/\/api.w.org\/{rel}","templated":true}]}}