{"id":36701,"date":"2022-03-18T08:33:07","date_gmt":"2022-03-18T11:33:07","guid":{"rendered":"https:\/\/www.rivera.gub.uy\/portal\/?p=36701"},"modified":"2022-03-18T08:33:16","modified_gmt":"2022-03-18T11:33:16","slug":"jornales-solidarios-continuan-hasta-fines-de-mayo","status":"publish","type":"post","link":"https:\/\/www.rivera.gub.uy\/portal\/jornales-solidarios-continuan-hasta-fines-de-mayo\/","title":{"rendered":"Jornales Solidarios contin\u00faan hasta fines de mayo"},"content":{"rendered":"<p>Congreso de Intendentes<\/p>\n<p>El martes 15 de marzo, en el marco de la Expoactiva Nacional en la ciudad de Mercedes, se realiz\u00f3 la 17.\u00aa sesi\u00f3n plenaria del Congreso de Intendentes.<!--more--><\/p>\n<p>\u201cUn congreso muy interesante\u201d, as\u00ed lo expres\u00f3 el intendente interino Arq. Jos\u00e9 Mazzoni, destacando la visita del ministro de Ganader\u00eda Agricultura y Pesca Fernando Mattos, con quien se trataron los temas con respecto a los perros abandonados y un nuevo decreto que firmar\u00e1 el presidente de la Rep\u00fablica Oriental del Uruguay con respecto a animales sueltos en la v\u00eda p\u00fablica.<\/p>\n<p>Entre los varios temas tratados se decidi\u00f3 aprobar por unanimidad una moci\u00f3n presentada que posterga los plazos para el programa Oportunidad Laboral &#8211; Jornales Solidarios hasta el 31 de mayo de 2022, fecha en la que se volver\u00e1 a tratar el tema con el Gobierno Nacional.<\/p>\n<p>Se avanz\u00f3 en el Registro \u00danico Nacional de Alimentos, Empresas y Veh\u00edculos; se abordaron los informes de la Comisi\u00f3n del Sucive con respecto a la unificaci\u00f3n de multas de tr\u00e1nsito, adem\u00e1s se trabaj\u00f3 en el informe del Convenio con la Direcci\u00f3n Nacional de Integraci\u00f3n Social y Urbana del MVOT conjuntamente con el Programa Integraci\u00f3n y Regularizaci\u00f3n de Asentamientos.<\/p>\n<p>Como \u00faltimo punto del orden del d\u00eda se decidi\u00f3 que se trabajar\u00e1 sobre la certificaci\u00f3n del Fondo de Desarrollo del Interior (FDI) de acuerdo al decreto 21\/2022.<\/p>\n<p><iframe loading=\"lazy\" title=\"17.\u00aa sesi\u00f3n plenaria del Congreso de Intendentes\" width=\"1160\" height=\"653\" src=\"https:\/\/www.youtube.com\/embed\/xCDDmfTsNJo?feature=oembed\" frameborder=\"0\" allow=\"accelerometer; autoplay; clipboard-write; encrypted-media; gyroscope; picture-in-picture\" allowfullscreen><\/iframe><\/p>\n","protected":false},"excerpt":{"rendered":"<p>Congreso de Intendentes El martes 15 de marzo, en el marco de la Expoactiva Nacional en la ciudad de Mercedes, se realiz\u00f3 la 17.\u00aa sesi\u00f3n plenaria del Congreso de Intendentes.<\/p>\n","protected":false},"author":7,"featured_media":36702,"comment_status":"open","ping_status":"open","sticky":false,"template":"","format":"standard","meta":{"footnotes":""},"categories":[3,1],"tags":[],"class_list":["post-36701","post","type-post","status-publish","format-standard","has-post-thumbnail","hentry","category-multimedia","category-novedades"],"_links":{"self":[{"href":"https:\/\/www.rivera.gub.uy\/portal\/wp-json\/wp\/v2\/posts\/36701","targetHints":{"allow":["GET"]}}],"collection":[{"href":"https:\/\/www.rivera.gub.uy\/portal\/wp-json\/wp\/v2\/posts"}],"about":[{"href":"https:\/\/www.rivera.gub.uy\/portal\/wp-json\/wp\/v2\/types\/post"}],"author":[{"embeddable":true,"href":"https:\/\/www.rivera.gub.uy\/portal\/wp-json\/wp\/v2\/users\/7"}],"replies":[{"embeddable":true,"href":"https:\/\/www.rivera.gub.uy\/portal\/wp-json\/wp\/v2\/comments?post=36701"}],"version-history":[{"count":1,"href":"https:\/\/www.rivera.gub.uy\/portal\/wp-json\/wp\/v2\/posts\/36701\/revisions"}],"predecessor-version":[{"id":36703,"href":"https:\/\/www.rivera.gub.uy\/portal\/wp-json\/wp\/v2\/posts\/36701\/revisions\/36703"}],"wp:featuredmedia":[{"embeddable":true,"href":"https:\/\/www.rivera.gub.uy\/portal\/wp-json\/wp\/v2\/media\/36702"}],"wp:attachment":[{"href":"https:\/\/www.rivera.gub.uy\/portal\/wp-json\/wp\/v2\/media?parent=36701"}],"wp:term":[{"taxonomy":"category","embeddable":true,"href":"https:\/\/www.rivera.gub.uy\/portal\/wp-json\/wp\/v2\/categories?post=36701"},{"taxonomy":"post_tag","embeddable":true,"href":"https:\/\/www.rivera.gub.uy\/portal\/wp-json\/wp\/v2\/tags?post=36701"}],"curies":[{"name":"wp","href":"https:\/\/api.w.org\/{rel}","templated":true}]}}