{"id":3729,"date":"2017-12-11T12:00:21","date_gmt":"2017-12-11T14:00:21","guid":{"rendered":"http:\/\/www.rivera.gub.uy\/portal\/?p=3729"},"modified":"2018-01-30T15:50:48","modified_gmt":"2018-01-30T17:50:48","slug":"la-dgtt-desea-felices-fiestas","status":"publish","type":"post","link":"https:\/\/www.rivera.gub.uy\/portal\/la-dgtt-desea-felices-fiestas\/","title":{"rendered":"La DGTT desea Felices Fiestas!"},"content":{"rendered":"<p>La Intendencia Departamental de Rivera, a trav\u00e9s de Mauricio Gonz\u00e1lez, Director General de Tr\u00e1nsito y Transporte, le desea a toda la comunidad riverense y santanense, felices fiestas!<\/p>\n<p><iframe loading=\"lazy\" width=\"1160\" height=\"653\" src=\"https:\/\/www.youtube.com\/embed\/1L8tDKAQcQ4?feature=oembed\" frameborder=\"0\" allow=\"autoplay; encrypted-media\" allowfullscreen><\/iframe><\/p>\n<p>&nbsp;<\/p>\n<p>&nbsp;<\/p>\n<p>&nbsp;<\/p>\n<p>&nbsp;<\/p>\n","protected":false},"excerpt":{"rendered":"<p>La Intendencia Departamental de Rivera, a trav\u00e9s de Mauricio Gonz\u00e1lez, Director General de Tr\u00e1nsito y Transporte, le desea a toda la comunidad riverense y santanense, felices fiestas! &nbsp; &nbsp; &nbsp; &nbsp;<\/p>\n","protected":false},"author":7,"featured_media":3730,"comment_status":"open","ping_status":"open","sticky":false,"template":"","format":"standard","meta":{"footnotes":""},"categories":[3,1],"tags":[328,329,36,330,305,33,43,96],"class_list":["post-3729","post","type-post","status-publish","format-standard","has-post-thumbnail","hentry","category-multimedia","category-novedades","tag-dgtt","tag-felices-fiestas","tag-intendencia","tag-mauricio-gonzalez","tag-navidad","tag-rivera","tag-transito","tag-transporte"],"_links":{"self":[{"href":"https:\/\/www.rivera.gub.uy\/portal\/wp-json\/wp\/v2\/posts\/3729","targetHints":{"allow":["GET"]}}],"collection":[{"href":"https:\/\/www.rivera.gub.uy\/portal\/wp-json\/wp\/v2\/posts"}],"about":[{"href":"https:\/\/www.rivera.gub.uy\/portal\/wp-json\/wp\/v2\/types\/post"}],"author":[{"embeddable":true,"href":"https:\/\/www.rivera.gub.uy\/portal\/wp-json\/wp\/v2\/users\/7"}],"replies":[{"embeddable":true,"href":"https:\/\/www.rivera.gub.uy\/portal\/wp-json\/wp\/v2\/comments?post=3729"}],"version-history":[{"count":1,"href":"https:\/\/www.rivera.gub.uy\/portal\/wp-json\/wp\/v2\/posts\/3729\/revisions"}],"predecessor-version":[{"id":3731,"href":"https:\/\/www.rivera.gub.uy\/portal\/wp-json\/wp\/v2\/posts\/3729\/revisions\/3731"}],"wp:featuredmedia":[{"embeddable":true,"href":"https:\/\/www.rivera.gub.uy\/portal\/wp-json\/wp\/v2\/media\/3730"}],"wp:attachment":[{"href":"https:\/\/www.rivera.gub.uy\/portal\/wp-json\/wp\/v2\/media?parent=3729"}],"wp:term":[{"taxonomy":"category","embeddable":true,"href":"https:\/\/www.rivera.gub.uy\/portal\/wp-json\/wp\/v2\/categories?post=3729"},{"taxonomy":"post_tag","embeddable":true,"href":"https:\/\/www.rivera.gub.uy\/portal\/wp-json\/wp\/v2\/tags?post=3729"}],"curies":[{"name":"wp","href":"https:\/\/api.w.org\/{rel}","templated":true}]}}