{"id":3733,"date":"2017-12-11T11:00:22","date_gmt":"2017-12-11T13:00:22","guid":{"rendered":"http:\/\/www.rivera.gub.uy\/portal\/?p=3733"},"modified":"2017-12-11T15:04:37","modified_gmt":"2017-12-11T17:04:37","slug":"jornada-de-sensibilizacion-en-la-plaza-artigas","status":"publish","type":"post","link":"https:\/\/www.rivera.gub.uy\/portal\/jornada-de-sensibilizacion-en-la-plaza-artigas\/","title":{"rendered":"Jornada de Sensibilizaci\u00f3n en la Plaza Artigas"},"content":{"rendered":"<p class=\"western\"><span style=\"font-size: large\">Se realiz\u00f3 el pasado viernes 8 de diciembre, en Plaza Artigas, una jornada de sensibilizaci\u00f3n, en el marco de la \u201cSemana de la Sensibilizaci\u00f3n hacia las personas con discapacidad.\u201d<\/span><\/p>\n<p class=\"western\"><span style=\"font-size: large\">La Jornada estuvo organizada por instituciones p\u00fablicas y privadas que trabajan con personas con discapacidad, representadas por ARITEA, Asociaci\u00f3n Dawn de Rivera, Asociaci\u00f3n de Ciegos, Polic\u00eda Comunitaria, Cl\u00ednica Esperanza, Oficina de Relacionamiento con la Comunidad de la Intendencia Departamental de Rivera, Escuelas 102, 105 y 132 .<\/span><!--more--><\/p>\n<p class=\"western\"><span style=\"font-size: large\">Junto a las actuaciones art\u00edsticas, los participantes realizaron varias actividades previstas como, entrega de folleter\u00eda, trabajo con la comunidad en la pr\u00e1ctica del uso de silla de ruedas y bastones, etc. Todo para que las personas \u201cpuedan ponerse en el lugar del otro que vive con estas discapacidades\u201d.<\/span><\/p>\n<p class=\"western\"><span style=\"font-size: large\">La directora de la Oficina de Relacionamiento con la Comunidad, Mtra. Betina Carballo, manifest\u00f3 la importancia de la sensibilizaci\u00f3n agregando\u201d.. todos tenemos limitaciones en algo, pero no perdamos la sensibilidad y la capacidad de amar, porque esa es la que nos permite ser a todos lo que somos. Est\u00e1 en nuestras manos hacer entre todos un mundo mejor. Estamos haciendo algo chico pero con el coraz\u00f3n\u201d.<\/span><\/p>\n<p class=\"western\"><span style=\"font-size: large\">La jornada se desarroll\u00f3 con excelente marco de p\u00fablico en una instancia de reflexi\u00f3n y sensibilizaci\u00f3n junto a esta parte de la poblaci\u00f3n que a veces se siente un poco olvidada.<\/span><\/p>\n<p><iframe loading=\"lazy\" width=\"1160\" height=\"653\" src=\"https:\/\/www.youtube.com\/embed\/wEnXCIJrx-I?feature=oembed\" frameborder=\"0\" gesture=\"media\" allow=\"encrypted-media\" allowfullscreen><\/iframe><\/p>\n","protected":false},"excerpt":{"rendered":"<p>Se realiz\u00f3 el pasado viernes 8 de diciembre, en Plaza Artigas, una jornada de sensibilizaci\u00f3n, en el marco de la \u201cSemana de la Sensibilizaci\u00f3n hacia las personas con discapacidad.\u201d La Jornada estuvo organizada por instituciones p\u00fablicas y privadas que trabajan con personas con discapacidad, representadas por ARITEA, Asociaci\u00f3n Dawn de Rivera, Asociaci\u00f3n de Ciegos, Polic\u00eda [&hellip;]<\/p>\n","protected":false},"author":7,"featured_media":3715,"comment_status":"open","ping_status":"open","sticky":false,"template":"","format":"standard","meta":{"footnotes":""},"categories":[3,18],"tags":[36,174,33,331],"class_list":["post-3733","post","type-post","status-publish","format-standard","has-post-thumbnail","hentry","category-multimedia","category-participacion","tag-intendencia","tag-relacionamiento","tag-rivera","tag-sensibilizacion"],"_links":{"self":[{"href":"https:\/\/www.rivera.gub.uy\/portal\/wp-json\/wp\/v2\/posts\/3733","targetHints":{"allow":["GET"]}}],"collection":[{"href":"https:\/\/www.rivera.gub.uy\/portal\/wp-json\/wp\/v2\/posts"}],"about":[{"href":"https:\/\/www.rivera.gub.uy\/portal\/wp-json\/wp\/v2\/types\/post"}],"author":[{"embeddable":true,"href":"https:\/\/www.rivera.gub.uy\/portal\/wp-json\/wp\/v2\/users\/7"}],"replies":[{"embeddable":true,"href":"https:\/\/www.rivera.gub.uy\/portal\/wp-json\/wp\/v2\/comments?post=3733"}],"version-history":[{"count":1,"href":"https:\/\/www.rivera.gub.uy\/portal\/wp-json\/wp\/v2\/posts\/3733\/revisions"}],"predecessor-version":[{"id":3734,"href":"https:\/\/www.rivera.gub.uy\/portal\/wp-json\/wp\/v2\/posts\/3733\/revisions\/3734"}],"wp:featuredmedia":[{"embeddable":true,"href":"https:\/\/www.rivera.gub.uy\/portal\/wp-json\/wp\/v2\/media\/3715"}],"wp:attachment":[{"href":"https:\/\/www.rivera.gub.uy\/portal\/wp-json\/wp\/v2\/media?parent=3733"}],"wp:term":[{"taxonomy":"category","embeddable":true,"href":"https:\/\/www.rivera.gub.uy\/portal\/wp-json\/wp\/v2\/categories?post=3733"},{"taxonomy":"post_tag","embeddable":true,"href":"https:\/\/www.rivera.gub.uy\/portal\/wp-json\/wp\/v2\/tags?post=3733"}],"curies":[{"name":"wp","href":"https:\/\/api.w.org\/{rel}","templated":true}]}}