{"id":37421,"date":"2022-05-05T22:37:35","date_gmt":"2022-05-06T01:37:35","guid":{"rendered":"https:\/\/www.rivera.gub.uy\/portal\/?p=37421"},"modified":"2022-05-05T22:37:55","modified_gmt":"2022-05-06T01:37:55","slug":"presidenta-de-la-comision-directiva-de-las-olimpiadas-especiales-en-uruguay-visita-rivera","status":"publish","type":"post","link":"https:\/\/www.rivera.gub.uy\/portal\/presidenta-de-la-comision-directiva-de-las-olimpiadas-especiales-en-uruguay-visita-rivera\/","title":{"rendered":"Presidenta de la Comisi\u00f3n Directiva de las Olimp\u00edadas Especiales en Uruguay visita Rivera"},"content":{"rendered":"<p>En la ma\u00f1ana de hoy el intendente departamental, Cr. Richard Sander Dar\u00edn, recibi\u00f3 la visita de la presidenta de la Comisi\u00f3n Directiva de las Olimp\u00edadas Especiales en Uruguay, Aurora Saroba, con motivo de la reformulaci\u00f3n de la Subcomisi\u00f3n de Olimp\u00edadas Especiales ante los Juegos Mundiales de Verano, en Berl\u00edn, donde Uruguay estar\u00e1 participando.<!--more--><\/p>\n<p>Para fortalecer el desarrollo deportivo de los participantes, y como acciones previas a dicho evento mundial, se est\u00e1 evaluando organizar en Rivera el Campeonato Nacional Especial en las modalidades de voleibol y futsal con fecha prevista para octubre de este a\u00f1o.<\/p>\n<p>&nbsp;<\/p>\n","protected":false},"excerpt":{"rendered":"<p>En la ma\u00f1ana de hoy el intendente departamental, Cr. Richard Sander Dar\u00edn, recibi\u00f3 la visita de la presidenta de la Comisi\u00f3n Directiva de las Olimp\u00edadas Especiales en Uruguay, Aurora Saroba, con motivo de la reformulaci\u00f3n de la Subcomisi\u00f3n de Olimp\u00edadas Especiales ante los Juegos Mundiales de Verano, en Berl\u00edn, donde Uruguay estar\u00e1 participando.<\/p>\n","protected":false},"author":7,"featured_media":37422,"comment_status":"open","ping_status":"open","sticky":false,"template":"","format":"standard","meta":{"footnotes":""},"categories":[1],"tags":[],"class_list":["post-37421","post","type-post","status-publish","format-standard","has-post-thumbnail","hentry","category-novedades"],"_links":{"self":[{"href":"https:\/\/www.rivera.gub.uy\/portal\/wp-json\/wp\/v2\/posts\/37421","targetHints":{"allow":["GET"]}}],"collection":[{"href":"https:\/\/www.rivera.gub.uy\/portal\/wp-json\/wp\/v2\/posts"}],"about":[{"href":"https:\/\/www.rivera.gub.uy\/portal\/wp-json\/wp\/v2\/types\/post"}],"author":[{"embeddable":true,"href":"https:\/\/www.rivera.gub.uy\/portal\/wp-json\/wp\/v2\/users\/7"}],"replies":[{"embeddable":true,"href":"https:\/\/www.rivera.gub.uy\/portal\/wp-json\/wp\/v2\/comments?post=37421"}],"version-history":[{"count":1,"href":"https:\/\/www.rivera.gub.uy\/portal\/wp-json\/wp\/v2\/posts\/37421\/revisions"}],"predecessor-version":[{"id":37423,"href":"https:\/\/www.rivera.gub.uy\/portal\/wp-json\/wp\/v2\/posts\/37421\/revisions\/37423"}],"wp:featuredmedia":[{"embeddable":true,"href":"https:\/\/www.rivera.gub.uy\/portal\/wp-json\/wp\/v2\/media\/37422"}],"wp:attachment":[{"href":"https:\/\/www.rivera.gub.uy\/portal\/wp-json\/wp\/v2\/media?parent=37421"}],"wp:term":[{"taxonomy":"category","embeddable":true,"href":"https:\/\/www.rivera.gub.uy\/portal\/wp-json\/wp\/v2\/categories?post=37421"},{"taxonomy":"post_tag","embeddable":true,"href":"https:\/\/www.rivera.gub.uy\/portal\/wp-json\/wp\/v2\/tags?post=37421"}],"curies":[{"name":"wp","href":"https:\/\/api.w.org\/{rel}","templated":true}]}}