{"id":37473,"date":"2022-05-06T22:03:12","date_gmt":"2022-05-07T01:03:12","guid":{"rendered":"https:\/\/www.rivera.gub.uy\/portal\/?p=37473"},"modified":"2022-05-11T14:18:07","modified_gmt":"2022-05-11T17:18:07","slug":"160-anos-de-la-fundacion-de-villa-ceballos","status":"publish","type":"post","link":"https:\/\/www.rivera.gub.uy\/portal\/160-anos-de-la-fundacion-de-villa-ceballos\/","title":{"rendered":"160 a\u00f1os de la fundaci\u00f3n de Villa Ceballos"},"content":{"rendered":"<p>7 de mayo de 1862 &#8211; 2022<\/p>\n<p>Por ley del 7 de mayo de 1862, durante el gobierno del presidente Bernardo Berro, se fundaba la poblaci\u00f3n de Villa Ceballos, hoy con 160 a\u00f1os de existencia. Comenzaba de esa forma el largo periplo social y urban\u00edstico de la actual ciudad de Rivera, que pas\u00f3 a llamarse as\u00ed el 20 de julio de 1867, cuando en acto administrativo en la casa de la familia Cotteins, a\u00fan en pie en calle Ceballos entre calles Dr. Gabriel Anoll\u00e9s y Joaqu\u00edn Su\u00e1rez, se inaugur\u00f3 Villa Ceballos y se la rebautiz\u00f3 como Pueblo Rivera.<\/p>\n","protected":false},"excerpt":{"rendered":"<p>7 de mayo de 1862 &#8211; 2022 Por ley del 7 de mayo de 1862, durante el gobierno del presidente Bernardo Berro, se fundaba la poblaci\u00f3n de Villa Ceballos, hoy con 160 a\u00f1os de existencia. Comenzaba de esa forma el largo periplo social y urban\u00edstico de la actual ciudad de Rivera, que pas\u00f3 a llamarse [&hellip;]<\/p>\n","protected":false},"author":7,"featured_media":37474,"comment_status":"open","ping_status":"open","sticky":false,"template":"","format":"standard","meta":{"footnotes":""},"categories":[1],"tags":[],"class_list":["post-37473","post","type-post","status-publish","format-standard","has-post-thumbnail","hentry","category-novedades"],"_links":{"self":[{"href":"https:\/\/www.rivera.gub.uy\/portal\/wp-json\/wp\/v2\/posts\/37473","targetHints":{"allow":["GET"]}}],"collection":[{"href":"https:\/\/www.rivera.gub.uy\/portal\/wp-json\/wp\/v2\/posts"}],"about":[{"href":"https:\/\/www.rivera.gub.uy\/portal\/wp-json\/wp\/v2\/types\/post"}],"author":[{"embeddable":true,"href":"https:\/\/www.rivera.gub.uy\/portal\/wp-json\/wp\/v2\/users\/7"}],"replies":[{"embeddable":true,"href":"https:\/\/www.rivera.gub.uy\/portal\/wp-json\/wp\/v2\/comments?post=37473"}],"version-history":[{"count":2,"href":"https:\/\/www.rivera.gub.uy\/portal\/wp-json\/wp\/v2\/posts\/37473\/revisions"}],"predecessor-version":[{"id":37567,"href":"https:\/\/www.rivera.gub.uy\/portal\/wp-json\/wp\/v2\/posts\/37473\/revisions\/37567"}],"wp:featuredmedia":[{"embeddable":true,"href":"https:\/\/www.rivera.gub.uy\/portal\/wp-json\/wp\/v2\/media\/37474"}],"wp:attachment":[{"href":"https:\/\/www.rivera.gub.uy\/portal\/wp-json\/wp\/v2\/media?parent=37473"}],"wp:term":[{"taxonomy":"category","embeddable":true,"href":"https:\/\/www.rivera.gub.uy\/portal\/wp-json\/wp\/v2\/categories?post=37473"},{"taxonomy":"post_tag","embeddable":true,"href":"https:\/\/www.rivera.gub.uy\/portal\/wp-json\/wp\/v2\/tags?post=37473"}],"curies":[{"name":"wp","href":"https:\/\/api.w.org\/{rel}","templated":true}]}}