{"id":3750,"date":"2017-12-14T12:00:02","date_gmt":"2017-12-14T14:00:02","guid":{"rendered":"http:\/\/www.rivera.gub.uy\/portal\/?p=3750"},"modified":"2018-01-30T15:50:54","modified_gmt":"2018-01-30T17:50:54","slug":"la-dgpas-desea-felices-fiestas","status":"publish","type":"post","link":"https:\/\/www.rivera.gub.uy\/portal\/la-dgpas-desea-felices-fiestas\/","title":{"rendered":"La DGPAS desea Felices Fiestas!"},"content":{"rendered":"<p>La Intendencia Departamental de Rivera, a trav\u00e9s de Giovani Conti, Director General de Promoci\u00f3n y Acci\u00f3n Social, le desea a toda la comunidad riverense y santanense, felices fiestas!<\/p>\n<p><iframe loading=\"lazy\" width=\"1160\" height=\"653\" src=\"https:\/\/www.youtube.com\/embed\/0s7TeUXa0nw?feature=oembed\" frameborder=\"0\" allow=\"autoplay; encrypted-media\" allowfullscreen><\/iframe><\/p>\n<p>&nbsp;<\/p>\n","protected":false},"excerpt":{"rendered":"<p>La Intendencia Departamental de Rivera, a trav\u00e9s de Giovani Conti, Director General de Promoci\u00f3n y Acci\u00f3n Social, le desea a toda la comunidad riverense y santanense, felices fiestas! &nbsp;<\/p>\n","protected":false},"author":7,"featured_media":3751,"comment_status":"open","ping_status":"open","sticky":false,"template":"","format":"standard","meta":{"footnotes":""},"categories":[3,1],"tags":[337,306,329,335,36,305,336,33],"class_list":["post-3750","post","type-post","status-publish","format-standard","has-post-thumbnail","hentry","category-multimedia","category-novedades","tag-accion-social","tag-ano-nuevo","tag-felices-fiestas","tag-giovani-conti","tag-intendencia","tag-navidad","tag-promocion","tag-rivera"],"_links":{"self":[{"href":"https:\/\/www.rivera.gub.uy\/portal\/wp-json\/wp\/v2\/posts\/3750","targetHints":{"allow":["GET"]}}],"collection":[{"href":"https:\/\/www.rivera.gub.uy\/portal\/wp-json\/wp\/v2\/posts"}],"about":[{"href":"https:\/\/www.rivera.gub.uy\/portal\/wp-json\/wp\/v2\/types\/post"}],"author":[{"embeddable":true,"href":"https:\/\/www.rivera.gub.uy\/portal\/wp-json\/wp\/v2\/users\/7"}],"replies":[{"embeddable":true,"href":"https:\/\/www.rivera.gub.uy\/portal\/wp-json\/wp\/v2\/comments?post=3750"}],"version-history":[{"count":2,"href":"https:\/\/www.rivera.gub.uy\/portal\/wp-json\/wp\/v2\/posts\/3750\/revisions"}],"predecessor-version":[{"id":3769,"href":"https:\/\/www.rivera.gub.uy\/portal\/wp-json\/wp\/v2\/posts\/3750\/revisions\/3769"}],"wp:featuredmedia":[{"embeddable":true,"href":"https:\/\/www.rivera.gub.uy\/portal\/wp-json\/wp\/v2\/media\/3751"}],"wp:attachment":[{"href":"https:\/\/www.rivera.gub.uy\/portal\/wp-json\/wp\/v2\/media?parent=3750"}],"wp:term":[{"taxonomy":"category","embeddable":true,"href":"https:\/\/www.rivera.gub.uy\/portal\/wp-json\/wp\/v2\/categories?post=3750"},{"taxonomy":"post_tag","embeddable":true,"href":"https:\/\/www.rivera.gub.uy\/portal\/wp-json\/wp\/v2\/tags?post=3750"}],"curies":[{"name":"wp","href":"https:\/\/api.w.org\/{rel}","templated":true}]}}