{"id":38325,"date":"2022-06-26T21:04:02","date_gmt":"2022-06-27T00:04:02","guid":{"rendered":"https:\/\/www.rivera.gub.uy\/portal\/?p=38325"},"modified":"2022-06-26T21:46:49","modified_gmt":"2022-06-27T00:46:49","slug":"resultado-oportunidad-laboral-fase-ii","status":"publish","type":"post","link":"https:\/\/www.rivera.gub.uy\/portal\/resultado-oportunidad-laboral-fase-ii\/","title":{"rendered":"Resultado del sorteo para el Programa Oportunidad Laboral &#8211; Fase II"},"content":{"rendered":"<p>A trav\u00e9s del sorteo realizado el d\u00eda viernes 24 de junio por el Ministerio de Trabajo y Seguridad Social, se contempl\u00f3 un total de 412 personas (390 + 22 extras), de acuerdo a la siguiente distribuci\u00f3n (<a href=\"https:\/\/www.rivera.gub.uy\/portal\/wp-content\/uploads\/2022\/06\/8-DISTRIBUCI\u00d3N.pdf\" target=\"_blank\" rel=\"noopener noreferrer\">descargar<\/a>).<\/p>\n<p><!--more--><\/p>\n<p><strong>Listados de titulares y suplentes para el Programa Oportunidad Laboral Fase II<\/strong><\/p>\n<p><strong>Rivera &#8211; 318:<\/strong><\/p>\n<ul>\n<li>Titulares ordenados por listado MTSS (<a href=\"https:\/\/www.rivera.gub.uy\/portal\/wp-content\/uploads\/2022\/06\/1-RIVERA-TITULARES-ordenado-Sorteo-MTSS.pdf\" target=\"_blank\" rel=\"noopener noreferrer\">descargar<\/a>). Op. 2 (<a href=\"https:\/\/drive.google.com\/file\/d\/1WmG27X_zlehPU3TK7xHqPLseDSbYGurw\/view?usp=sharing\">descargar<\/a>)<\/li>\n<li>Titulares ordenados por n\u00famero de c\u00e9dula de identidad (<a href=\"https:\/\/www.rivera.gub.uy\/portal\/wp-content\/uploads\/2022\/06\/2-RIVERA-TITULARES-ordenado-C\u00e9dula.pdf\" target=\"_blank\" rel=\"noopener noreferrer\">descargar<\/a>). Op. 2 (<a href=\"https:\/\/drive.google.com\/file\/d\/1tU8SlmPhfeHn3UaeeCSi0uZf9toan_yR\/view?usp=sharing\">descargar<\/a>)<\/li>\n<li>Suplentes ordenados por listado MTSS (<a href=\"https:\/\/www.rivera.gub.uy\/portal\/wp-content\/uploads\/2022\/06\/3-RIVERA-SUPLENTES-ordenado-Sorteo-MTSS.pdf\" target=\"_blank\" rel=\"noopener noreferrer\">descargar<\/a>). Op. 2 (<a href=\"https:\/\/drive.google.com\/file\/d\/18VoyHQYBy4lVbp5JZaFoTp-b7lhS3tMt\/view?usp=sharing\">descargar<\/a>)<\/li>\n<li>Suplentes ordenados por n\u00famero de c\u00e9dula de identidad (<a href=\"https:\/\/www.rivera.gub.uy\/portal\/wp-content\/uploads\/2022\/06\/4-RIVERA-SUPLENTES-ordenado-C\u00e9dula.pdf\" target=\"_blank\" rel=\"noopener noreferrer\">descargar<\/a>). Op. 2 (<a href=\"https:\/\/drive.google.com\/file\/d\/1hPIwa-8a7vqsZTOdooR-6aB-b9EdTN3T\/view?usp=sharing\">descargar<\/a>)<\/li>\n<\/ul>\n<p><b>Municipios (61+2 extras) &#8211; 63:<\/b><\/p>\n<ul>\n<li>Titulares y suplentes ordenados por listado MTSS (<a href=\"https:\/\/www.rivera.gub.uy\/portal\/wp-content\/uploads\/2022\/06\/5-MUNICIPIOS-TITULARES-ordenado-Sorteo-MTSS.pdf\" target=\"_blank\" rel=\"noopener noreferrer\">descargar<\/a>). Op. 2 (<a href=\"https:\/\/drive.google.com\/file\/d\/1VcwERkFgeKaIMfGLcTu8NzzqkRMaiyIX\/view?usp=sharing\">descargar<\/a>)<\/li>\n<\/ul>\n<p><b>Juntas Locales (2+6 extras) &#8211; 8:<\/b><\/p>\n<ul>\n<li>Titulares y suplentes ordenados por listado MTSS (<a href=\"https:\/\/www.rivera.gub.uy\/portal\/wp-content\/uploads\/2022\/06\/6-JUNTAS-LOCALES-TITULARES-y-SUPLENTES-ordenado-Sorteo-MTSS-1.pdf\" target=\"_blank\" rel=\"noopener noreferrer\">descargar<\/a>). Op. 2 (<a href=\"https:\/\/drive.google.com\/file\/d\/1_lWE8QE3bWuwIhYIlZ8zehO4exFu5MZp\/view?usp=sharing\">descargar<\/a>)<\/li>\n<\/ul>\n<p><b>Localidades &#8211; (9+14 extras) &#8211; 23:<\/b><\/p>\n<ul>\n<li>Titulares y suplentes ordenados por listado MTSS (<a href=\"https:\/\/www.rivera.gub.uy\/portal\/wp-content\/uploads\/2022\/06\/7-LOCALIDADES-TITULARES-y-SUPLENTES-ordenado-Sorteo-MTSS-1.pdf\" target=\"_blank\" rel=\"noopener noreferrer\">descargar<\/a>). Op. 2 (<a href=\"https:\/\/drive.google.com\/file\/d\/1x6BFFU53NhfuWNPl-OtMkAcejB4iWxPF\/view?usp=sharing\">descargar<\/a>)<\/li>\n<\/ul>\n<p><strong>Afrodescendientes: 139.-<\/strong><\/p>\n<p><strong>Con discapacidad: 23.-<\/strong><\/p>\n<p><strong>Trans: 4.-<\/strong><\/p>\n<p>&nbsp;<\/p>\n<p><iframe loading=\"lazy\" title=\"Sorteo de Jornales Solidarios\" width=\"1160\" height=\"653\" src=\"https:\/\/www.youtube.com\/embed\/eMURZCwvH7Q?feature=oembed\" frameborder=\"0\" allow=\"accelerometer; autoplay; clipboard-write; encrypted-media; gyroscope; picture-in-picture\" allowfullscreen><\/iframe><\/p>\n","protected":false},"excerpt":{"rendered":"<p>A trav\u00e9s del sorteo realizado el d\u00eda viernes 24 de junio por el Ministerio de Trabajo y Seguridad Social, se contempl\u00f3 un total de 412 personas (390 + 22 extras), de acuerdo a la siguiente distribuci\u00f3n (descargar).<\/p>\n","protected":false},"author":7,"featured_media":38308,"comment_status":"open","ping_status":"open","sticky":false,"template":"","format":"standard","meta":{"footnotes":""},"categories":[8,1],"tags":[1254,560],"class_list":["post-38325","post","type-post","status-publish","format-standard","has-post-thumbnail","hentry","category-llamados-a-concursos","category-novedades","tag-oportunidad-laboral","tag-sorteo"],"_links":{"self":[{"href":"https:\/\/www.rivera.gub.uy\/portal\/wp-json\/wp\/v2\/posts\/38325","targetHints":{"allow":["GET"]}}],"collection":[{"href":"https:\/\/www.rivera.gub.uy\/portal\/wp-json\/wp\/v2\/posts"}],"about":[{"href":"https:\/\/www.rivera.gub.uy\/portal\/wp-json\/wp\/v2\/types\/post"}],"author":[{"embeddable":true,"href":"https:\/\/www.rivera.gub.uy\/portal\/wp-json\/wp\/v2\/users\/7"}],"replies":[{"embeddable":true,"href":"https:\/\/www.rivera.gub.uy\/portal\/wp-json\/wp\/v2\/comments?post=38325"}],"version-history":[{"count":22,"href":"https:\/\/www.rivera.gub.uy\/portal\/wp-json\/wp\/v2\/posts\/38325\/revisions"}],"predecessor-version":[{"id":38368,"href":"https:\/\/www.rivera.gub.uy\/portal\/wp-json\/wp\/v2\/posts\/38325\/revisions\/38368"}],"wp:featuredmedia":[{"embeddable":true,"href":"https:\/\/www.rivera.gub.uy\/portal\/wp-json\/wp\/v2\/media\/38308"}],"wp:attachment":[{"href":"https:\/\/www.rivera.gub.uy\/portal\/wp-json\/wp\/v2\/media?parent=38325"}],"wp:term":[{"taxonomy":"category","embeddable":true,"href":"https:\/\/www.rivera.gub.uy\/portal\/wp-json\/wp\/v2\/categories?post=38325"},{"taxonomy":"post_tag","embeddable":true,"href":"https:\/\/www.rivera.gub.uy\/portal\/wp-json\/wp\/v2\/tags?post=38325"}],"curies":[{"name":"wp","href":"https:\/\/api.w.org\/{rel}","templated":true}]}}