{"id":3855,"date":"2017-12-22T13:06:04","date_gmt":"2017-12-22T15:06:04","guid":{"rendered":"http:\/\/www.rivera.gub.uy\/portal\/?p=3855"},"modified":"2017-12-22T13:06:04","modified_gmt":"2017-12-22T15:06:04","slug":"el-pueblo-de-rivera-rinde-homenaje-a-la-poetisa-juana-de-ibarbourou","status":"publish","type":"post","link":"https:\/\/www.rivera.gub.uy\/portal\/el-pueblo-de-rivera-rinde-homenaje-a-la-poetisa-juana-de-ibarbourou\/","title":{"rendered":"El pueblo de Rivera, rinde homenaje a la poetisa Juana de Ibarbourou"},"content":{"rendered":"<p>En la ma\u00f1ana del d\u00eda jueves 21 de diciembre, en emotiva ceremonia, se descubri\u00f3 una placa en homenaje a la poetisa uruguaya, Juana de Ibarbourou, al conmemorarse el centenario de su afincamiento temporal en la ciudad de Rivera.<br \/>\nLa referida placa fue ubicada en el Rinc\u00f3n Chico Carlo, de la Plaza 18 de Julio, barrio Rivera Chico, a escasa distancia de la finca donde residiera Juana, durante el tiempo en que su esposo prest\u00f3 servicios en el Regimiento de Caballer\u00eda N\u00ba.3.<!--more--><br \/>\nCon una concurrencia muy significativa conformada por representantes de la Divisi\u00f3n Cultura de la IDR y de su Taller Literario \u201cBrindis Agreste\u201d, de instituciones del barrio, una representaci\u00f3n muy expresiva de la Escuela N\u00ba 115 \u201cJuana de Ibarbourou\u201d y la presencia de varios vecinos, la placa fue descubierta por el Director de la Divisi\u00f3n Cultura, Alex \u00c1lvez de Ass\u00eds y por el tallerista de mayor edad, lugare\u00f1o a su vez, escritor Israel Cabrera (Pototo).<\/p>\n<p>El Orientador del Taller Literario, Sr. Raphael Ficher, habl\u00f3 sobre la personalidad de Juana, la Coordinadora de Cultura de la IDR, Mtra. Luc\u00eda Rodr\u00edguez, ley\u00f3 el poema \u201cEl D\u00eda\u201d, de la insigne melense homenajeada, precisamente en el d\u00eda de inicio del verano en este hemisferio, teniendo en cuenta la referencia que hace el poema a esta estaci\u00f3n.<br \/>\nEl Director Alex \u00c1lvez hizo uso de la palabra, saludando a todos, agradeciendo el apoyo, especialmente a la delegaci\u00f3n de la Escuela 115, ya en vacaciones. Sintetiz\u00f3 sobre las actividades en torno a las Letras que se realizaron este a\u00f1o con destaque especial para las actividades del Taller Literario y su extensi\u00f3n a distintas instituciones y barrios.<\/p>\n<div id='gallery-1' class='gallery galleryid-3855 gallery-columns-3 gallery-size-thumbnail'><figure class='gallery-item'>\n\t\t\t<div class='gallery-icon landscape'>\n\t\t\t\t<a href='https:\/\/www.rivera.gub.uy\/portal\/wp-content\/uploads\/2017\/12\/DSC_8418-Copiar.jpg'><img loading=\"lazy\" decoding=\"async\" width=\"132\" height=\"94\" src=\"https:\/\/www.rivera.gub.uy\/portal\/wp-content\/uploads\/2017\/12\/DSC_8418-Copiar-132x94.jpg\" class=\"attachment-thumbnail size-thumbnail\" alt=\"\" srcset=\"https:\/\/www.rivera.gub.uy\/portal\/wp-content\/uploads\/2017\/12\/DSC_8418-Copiar-132x94.jpg 132w, https:\/\/www.rivera.gub.uy\/portal\/wp-content\/uploads\/2017\/12\/DSC_8418-Copiar-263x188.jpg 263w, https:\/\/www.rivera.gub.uy\/portal\/wp-content\/uploads\/2017\/12\/DSC_8418-Copiar-768x549.jpg 768w, https:\/\/www.rivera.gub.uy\/portal\/wp-content\/uploads\/2017\/12\/DSC_8418-Copiar-876x626.jpg 876w, https:\/\/www.rivera.gub.uy\/portal\/wp-content\/uploads\/2017\/12\/DSC_8418-Copiar-820x586.jpg 820w, https:\/\/www.rivera.gub.uy\/portal\/wp-content\/uploads\/2017\/12\/DSC_8418-Copiar.jpg 1260w\" sizes=\"auto, (max-width: 132px) 100vw, 132px\" \/><\/a>\n\t\t\t<\/div><\/figure><figure class='gallery-item'>\n\t\t\t<div class='gallery-icon landscape'>\n\t\t\t\t<a href='https:\/\/www.rivera.gub.uy\/portal\/wp-content\/uploads\/2017\/12\/DSC_8436-Copiar.jpg'><img loading=\"lazy\" decoding=\"async\" width=\"132\" height=\"94\" src=\"https:\/\/www.rivera.gub.uy\/portal\/wp-content\/uploads\/2017\/12\/DSC_8436-Copiar-132x94.jpg\" class=\"attachment-thumbnail size-thumbnail\" alt=\"\" srcset=\"https:\/\/www.rivera.gub.uy\/portal\/wp-content\/uploads\/2017\/12\/DSC_8436-Copiar-132x94.jpg 132w, https:\/\/www.rivera.gub.uy\/portal\/wp-content\/uploads\/2017\/12\/DSC_8436-Copiar-263x188.jpg 263w, https:\/\/www.rivera.gub.uy\/portal\/wp-content\/uploads\/2017\/12\/DSC_8436-Copiar-768x549.jpg 768w, https:\/\/www.rivera.gub.uy\/portal\/wp-content\/uploads\/2017\/12\/DSC_8436-Copiar-876x626.jpg 876w, https:\/\/www.rivera.gub.uy\/portal\/wp-content\/uploads\/2017\/12\/DSC_8436-Copiar-820x586.jpg 820w, https:\/\/www.rivera.gub.uy\/portal\/wp-content\/uploads\/2017\/12\/DSC_8436-Copiar.jpg 1260w\" sizes=\"auto, (max-width: 132px) 100vw, 132px\" \/><\/a>\n\t\t\t<\/div><\/figure><figure class='gallery-item'>\n\t\t\t<div class='gallery-icon landscape'>\n\t\t\t\t<a href='https:\/\/www.rivera.gub.uy\/portal\/wp-content\/uploads\/2017\/12\/DSC_8447-Copiar.jpg'><img loading=\"lazy\" decoding=\"async\" width=\"132\" height=\"94\" src=\"https:\/\/www.rivera.gub.uy\/portal\/wp-content\/uploads\/2017\/12\/DSC_8447-Copiar-132x94.jpg\" class=\"attachment-thumbnail size-thumbnail\" alt=\"\" srcset=\"https:\/\/www.rivera.gub.uy\/portal\/wp-content\/uploads\/2017\/12\/DSC_8447-Copiar-132x94.jpg 132w, https:\/\/www.rivera.gub.uy\/portal\/wp-content\/uploads\/2017\/12\/DSC_8447-Copiar-263x188.jpg 263w, https:\/\/www.rivera.gub.uy\/portal\/wp-content\/uploads\/2017\/12\/DSC_8447-Copiar-768x549.jpg 768w, https:\/\/www.rivera.gub.uy\/portal\/wp-content\/uploads\/2017\/12\/DSC_8447-Copiar-876x626.jpg 876w, https:\/\/www.rivera.gub.uy\/portal\/wp-content\/uploads\/2017\/12\/DSC_8447-Copiar-820x586.jpg 820w, https:\/\/www.rivera.gub.uy\/portal\/wp-content\/uploads\/2017\/12\/DSC_8447-Copiar.jpg 1260w\" sizes=\"auto, (max-width: 132px) 100vw, 132px\" \/><\/a>\n\t\t\t<\/div><\/figure>\n\t\t<\/div>\n\n","protected":false},"excerpt":{"rendered":"<p>En la ma\u00f1ana del d\u00eda jueves 21 de diciembre, en emotiva ceremonia, se descubri\u00f3 una placa en homenaje a la poetisa uruguaya, Juana de Ibarbourou, al conmemorarse el centenario de su afincamiento temporal en la ciudad de Rivera. La referida placa fue ubicada en el Rinc\u00f3n Chico Carlo, de la Plaza 18 de Julio, barrio [&hellip;]<\/p>\n","protected":false},"author":7,"featured_media":3858,"comment_status":"open","ping_status":"open","sticky":false,"template":"","format":"standard","meta":{"footnotes":""},"categories":[6,1],"tags":[65,36,349,33],"class_list":["post-3855","post","type-post","status-publish","format-standard","has-post-thumbnail","hentry","category-cultura","category-novedades","tag-cultura","tag-intendencia","tag-juana-de-ibarbourou","tag-rivera"],"_links":{"self":[{"href":"https:\/\/www.rivera.gub.uy\/portal\/wp-json\/wp\/v2\/posts\/3855","targetHints":{"allow":["GET"]}}],"collection":[{"href":"https:\/\/www.rivera.gub.uy\/portal\/wp-json\/wp\/v2\/posts"}],"about":[{"href":"https:\/\/www.rivera.gub.uy\/portal\/wp-json\/wp\/v2\/types\/post"}],"author":[{"embeddable":true,"href":"https:\/\/www.rivera.gub.uy\/portal\/wp-json\/wp\/v2\/users\/7"}],"replies":[{"embeddable":true,"href":"https:\/\/www.rivera.gub.uy\/portal\/wp-json\/wp\/v2\/comments?post=3855"}],"version-history":[{"count":2,"href":"https:\/\/www.rivera.gub.uy\/portal\/wp-json\/wp\/v2\/posts\/3855\/revisions"}],"predecessor-version":[{"id":3860,"href":"https:\/\/www.rivera.gub.uy\/portal\/wp-json\/wp\/v2\/posts\/3855\/revisions\/3860"}],"wp:featuredmedia":[{"embeddable":true,"href":"https:\/\/www.rivera.gub.uy\/portal\/wp-json\/wp\/v2\/media\/3858"}],"wp:attachment":[{"href":"https:\/\/www.rivera.gub.uy\/portal\/wp-json\/wp\/v2\/media?parent=3855"}],"wp:term":[{"taxonomy":"category","embeddable":true,"href":"https:\/\/www.rivera.gub.uy\/portal\/wp-json\/wp\/v2\/categories?post=3855"},{"taxonomy":"post_tag","embeddable":true,"href":"https:\/\/www.rivera.gub.uy\/portal\/wp-json\/wp\/v2\/tags?post=3855"}],"curies":[{"name":"wp","href":"https:\/\/api.w.org\/{rel}","templated":true}]}}