{"id":3863,"date":"2017-12-22T13:52:51","date_gmt":"2017-12-22T15:52:51","guid":{"rendered":"http:\/\/www.rivera.gub.uy\/portal\/?p=3863"},"modified":"2017-12-23T22:09:53","modified_gmt":"2017-12-24T00:09:53","slug":"actividades-del-sabado-23-de-diciembre-en-el-marco-de-rivera-brilla","status":"publish","type":"post","link":"https:\/\/www.rivera.gub.uy\/portal\/actividades-del-sabado-23-de-diciembre-en-el-marco-de-rivera-brilla\/","title":{"rendered":"Actividades del s\u00e1bado 23 de diciembre, en el marco de Rivera Brilla"},"content":{"rendered":"<p>En el marco de Rivera Brilla y como previa de Noche Buena, el s\u00e1bado 23 de diciembre, se realizar\u00e1n diferentes actividades en Plaza Artigas.<\/p>\n<p>La noche comenzar\u00e1 con un minishow de apertura, a las 20:30 horas, y encendido simb\u00f3lico de luces, a cargo de autoridades de Minas de Corrales, en representaci\u00f3n de todos los pobladores del interior del departamento.<\/p>\n<p>La noche tambi\u00e9n contar\u00e1 con diferentes espect\u00e1culos, reconocimientos y show de fuegos artificiales.<\/p>\n<p><em><strong>Cronograma:<\/strong><\/em><\/p>\n<p><strong>&#8211; Cantata de Navidad\u00a0<\/strong><\/p>\n<ul>\n<li>Coro de Ni\u00f1os de la Parroquia Inmaculada Concepci\u00f3n y Capilla 33 Orientales<\/li>\n<li>Integrantes del Taller Municipal de Canto<\/li>\n<li>Coro Departamental &#8220;Voces de mi ciudad&#8221;<\/li>\n<\/ul>\n<p>&#8211; Presentaci\u00f3n de las parejas ganadoras del certamen &#8220;Bailando la Cumparsita 100 A\u00f1os&#8221;, a cargo de la comunidad de Minas de Corrales<\/p>\n<p>&#8211; Reconocimiento a Bryan \u00c1lvez, por parte de la IDR y la Alcald\u00eda de Minas de Corrales<\/p>\n<p>&#8211; Actuaci\u00f3n del ni\u00f1o Esteban Files, de Minas de Corrales<\/p>\n<p>&#8211; <strong>Fuegos Artificiales<\/strong><\/p>\n<p>&#8211; Grupo musical &#8220;Bem the Bem&#8221;<\/p>\n","protected":false},"excerpt":{"rendered":"<p>En el marco de Rivera Brilla y como previa de Noche Buena, el s\u00e1bado 23 de diciembre, se realizar\u00e1n diferentes actividades en Plaza Artigas. La noche comenzar\u00e1 con un minishow de apertura, a las 20:30 horas, y encendido simb\u00f3lico de luces, a cargo de autoridades de Minas de Corrales, en representaci\u00f3n de todos los pobladores [&hellip;]<\/p>\n","protected":false},"author":7,"featured_media":3538,"comment_status":"open","ping_status":"open","sticky":false,"template":"","format":"standard","meta":{"footnotes":""},"categories":[1],"tags":[350,36,33,289],"class_list":["post-3863","post","type-post","status-publish","format-standard","has-post-thumbnail","hentry","category-novedades","tag-fuegos-artificiales","tag-intendencia","tag-rivera","tag-rivera-brilla"],"_links":{"self":[{"href":"https:\/\/www.rivera.gub.uy\/portal\/wp-json\/wp\/v2\/posts\/3863","targetHints":{"allow":["GET"]}}],"collection":[{"href":"https:\/\/www.rivera.gub.uy\/portal\/wp-json\/wp\/v2\/posts"}],"about":[{"href":"https:\/\/www.rivera.gub.uy\/portal\/wp-json\/wp\/v2\/types\/post"}],"author":[{"embeddable":true,"href":"https:\/\/www.rivera.gub.uy\/portal\/wp-json\/wp\/v2\/users\/7"}],"replies":[{"embeddable":true,"href":"https:\/\/www.rivera.gub.uy\/portal\/wp-json\/wp\/v2\/comments?post=3863"}],"version-history":[{"count":4,"href":"https:\/\/www.rivera.gub.uy\/portal\/wp-json\/wp\/v2\/posts\/3863\/revisions"}],"predecessor-version":[{"id":3867,"href":"https:\/\/www.rivera.gub.uy\/portal\/wp-json\/wp\/v2\/posts\/3863\/revisions\/3867"}],"wp:featuredmedia":[{"embeddable":true,"href":"https:\/\/www.rivera.gub.uy\/portal\/wp-json\/wp\/v2\/media\/3538"}],"wp:attachment":[{"href":"https:\/\/www.rivera.gub.uy\/portal\/wp-json\/wp\/v2\/media?parent=3863"}],"wp:term":[{"taxonomy":"category","embeddable":true,"href":"https:\/\/www.rivera.gub.uy\/portal\/wp-json\/wp\/v2\/categories?post=3863"},{"taxonomy":"post_tag","embeddable":true,"href":"https:\/\/www.rivera.gub.uy\/portal\/wp-json\/wp\/v2\/tags?post=3863"}],"curies":[{"name":"wp","href":"https:\/\/api.w.org\/{rel}","templated":true}]}}