{"id":39311,"date":"2022-08-27T10:47:10","date_gmt":"2022-08-27T13:47:10","guid":{"rendered":"https:\/\/www.rivera.gub.uy\/portal\/?p=39311"},"modified":"2022-08-27T10:47:10","modified_gmt":"2022-08-27T13:47:10","slug":"se-aprobo-proyecto-para-rivera-por-un-monto-de-35-501-149","status":"publish","type":"post","link":"https:\/\/www.rivera.gub.uy\/portal\/se-aprobo-proyecto-para-rivera-por-un-monto-de-35-501-149\/","title":{"rendered":"Se aprob\u00f3 proyecto para Rivera por un monto de $35 501 149"},"content":{"rendered":"<p>El martes 23 de agosto en el departamento de Florida, el secretario general de la Intendencia Departamental de Rivera, Arq. Jos\u00e9 Mazzoni Gollard\u00eda, representando al Sr. Intendente, particip\u00f3 en horas de la ma\u00f1ana de la reuni\u00f3n ordinaria del Congreso de Intendentes, y en horas de la tarde en la reuni\u00f3n de la Comisi\u00f3n Sectorial de Descentralizaci\u00f3n.<!--more--><br \/>\nEn la reuni\u00f3n vespertina, se trataron temas del orden del d\u00eda, entre ellos la aprobaci\u00f3n del acta N.\u00ba 249, informe del Programa Fondo de Desarrollo del Interior (FDI).<\/p>\n<p>Para el departamento de Rivera, se aprob\u00f3 un proyecto de recapado de carpeta asf\u00e1ltica, por un monto total de $35 501 149. El proyecto aprobado abarca un total de 73 cuadras, las obras comienzan en el mes de setiembre, primeramente con la intervenci\u00f3n de 34 cuadras y las restantes en el mes de noviembre.<\/p>\n<p>Los barrios que abarca el proyecto son: La Racca, Bisio, Pueblo Nuevo, Rivera Chico norte y sur y Don Bosco.<\/p>\n<p>&nbsp;<\/p>\n\r\n\t<div class=\"msacwl-slider-wrap msacwl-row-clearfix \" data-conf=\"{&quot;autoplay&quot;:&quot;true&quot;,&quot;autoplay_speed&quot;:3000,&quot;speed&quot;:300,&quot;arrows&quot;:&quot;true&quot;,&quot;dots&quot;:&quot;true&quot;,&quot;lazyload&quot;:&quot;&quot;}\">\r\n\t\t<div id=\"msacwl-slider-1\" class=\"msacwl-slider msacwl-common-slider msacwl-slider-popup\">\r\n\t\t\t\t\t\t<div class=\"msacwl-slide\" data-item-index=\"1\" >\r\n\t\t\t\t<a class=\"msacwl-img-link\" href=\"javascript:void(0);\" data-mfp-src=\"https:\/\/www.rivera.gub.uy\/portal\/wp-content\/uploads\/2022\/08\/image_6483441-1.jpg\">\r\n\t\t\t\t\t<img decoding=\"async\" class=\"msacwl-img\" src=\"https:\/\/www.rivera.gub.uy\/portal\/wp-content\/uploads\/2022\/08\/image_6483441-1.jpg\"  data-title=\"\" alt=\"\" \/>\r\n\t\t\t\t<\/a>\r\n\t\t\t\t\t\t\t\t\t<div class=\"msacwl-gallery-caption\">\r\n\t\t\t\t\t\t\t\t\t\t\t\t\t<span class=\"image_title\"><\/span>\r\n\t\t\t\t\t\t\t\t\t\t\t\t\t<span><\/span>\r\n\t\t\t\t\t\t \t\t\t\t\t<\/div>\r\n\t\t\t\t\t\t\t<\/div>\r\n\t\t\t\t\t\t<div class=\"msacwl-slide\" data-item-index=\"2\" >\r\n\t\t\t\t<a class=\"msacwl-img-link\" href=\"javascript:void(0);\" data-mfp-src=\"https:\/\/www.rivera.gub.uy\/portal\/wp-content\/uploads\/2022\/08\/image_6483441.jpg\">\r\n\t\t\t\t\t<img decoding=\"async\" class=\"msacwl-img\" src=\"https:\/\/www.rivera.gub.uy\/portal\/wp-content\/uploads\/2022\/08\/image_6483441.jpg\"  data-title=\"\" alt=\"\" \/>\r\n\t\t\t\t<\/a>\r\n\t\t\t\t\t\t\t\t\t<div class=\"msacwl-gallery-caption\">\r\n\t\t\t\t\t\t\t\t\t\t\t\t\t<span class=\"image_title\"><\/span>\r\n\t\t\t\t\t\t\t\t\t\t\t\t\t<span><\/span>\r\n\t\t\t\t\t\t \t\t\t\t\t<\/div>\r\n\t\t\t\t\t\t\t<\/div>\r\n\t\t\t\t\t<\/div>\r\n\t<\/div>\r\n\r\n\t\n","protected":false},"excerpt":{"rendered":"<p>El martes 23 de agosto en el departamento de Florida, el secretario general de la Intendencia Departamental de Rivera, Arq. Jos\u00e9 Mazzoni Gollard\u00eda, representando al Sr. Intendente, particip\u00f3 en horas de la ma\u00f1ana de la reuni\u00f3n ordinaria del Congreso de Intendentes, y en horas de la tarde en la reuni\u00f3n de la Comisi\u00f3n Sectorial de [&hellip;]<\/p>\n","protected":false},"author":7,"featured_media":39314,"comment_status":"open","ping_status":"open","sticky":false,"template":"","format":"standard","meta":{"footnotes":""},"categories":[1],"tags":[],"class_list":["post-39311","post","type-post","status-publish","format-standard","has-post-thumbnail","hentry","category-novedades"],"_links":{"self":[{"href":"https:\/\/www.rivera.gub.uy\/portal\/wp-json\/wp\/v2\/posts\/39311","targetHints":{"allow":["GET"]}}],"collection":[{"href":"https:\/\/www.rivera.gub.uy\/portal\/wp-json\/wp\/v2\/posts"}],"about":[{"href":"https:\/\/www.rivera.gub.uy\/portal\/wp-json\/wp\/v2\/types\/post"}],"author":[{"embeddable":true,"href":"https:\/\/www.rivera.gub.uy\/portal\/wp-json\/wp\/v2\/users\/7"}],"replies":[{"embeddable":true,"href":"https:\/\/www.rivera.gub.uy\/portal\/wp-json\/wp\/v2\/comments?post=39311"}],"version-history":[{"count":1,"href":"https:\/\/www.rivera.gub.uy\/portal\/wp-json\/wp\/v2\/posts\/39311\/revisions"}],"predecessor-version":[{"id":39315,"href":"https:\/\/www.rivera.gub.uy\/portal\/wp-json\/wp\/v2\/posts\/39311\/revisions\/39315"}],"wp:featuredmedia":[{"embeddable":true,"href":"https:\/\/www.rivera.gub.uy\/portal\/wp-json\/wp\/v2\/media\/39314"}],"wp:attachment":[{"href":"https:\/\/www.rivera.gub.uy\/portal\/wp-json\/wp\/v2\/media?parent=39311"}],"wp:term":[{"taxonomy":"category","embeddable":true,"href":"https:\/\/www.rivera.gub.uy\/portal\/wp-json\/wp\/v2\/categories?post=39311"},{"taxonomy":"post_tag","embeddable":true,"href":"https:\/\/www.rivera.gub.uy\/portal\/wp-json\/wp\/v2\/tags?post=39311"}],"curies":[{"name":"wp","href":"https:\/\/api.w.org\/{rel}","templated":true}]}}