{"id":39319,"date":"2022-08-29T19:55:50","date_gmt":"2022-08-29T22:55:50","guid":{"rendered":"https:\/\/www.rivera.gub.uy\/portal\/?p=39319"},"modified":"2022-08-29T19:55:50","modified_gmt":"2022-08-29T22:55:50","slug":"se-extendio-el-plazo-para-el-reempadronamiento-gratuito-hasta-fin-de-ano","status":"publish","type":"post","link":"https:\/\/www.rivera.gub.uy\/portal\/se-extendio-el-plazo-para-el-reempadronamiento-gratuito-hasta-fin-de-ano\/","title":{"rendered":"Se extendi\u00f3 el plazo para el reempadronamiento gratuito hasta fin de a\u00f1o"},"content":{"rendered":"<p>El martes 23 de agosto, el secretario general de la Intendencia Departamental de Rivera, Arq. Jos\u00e9 Mazzoni, representando al Sr. Intendente, particip\u00f3 en el Congreso de Intendentes en el departamento de Florida en el local de la Asociaci\u00f3n Rural de dicho departamento.<!--more--><\/p>\n<p>Uno de los temas tratados y aprobados en el Congreso fue la pr\u00f3rroga del plazo para el reempadronamiento gratuito de veh\u00edculos hasta el 31 de diciembre.<\/p>\n<p>La pr\u00f3rroga para iniciar el tr\u00e1mite de forma gratuita venc\u00eda el 31 de agosto, ahora se aprob\u00f3 por unanimidad extender el beneficio del reempadronamiento hasta fin de a\u00f1o, en el marco de la ley 18.456, que establece que todos los veh\u00edculos de 2012 en adelante est\u00e1n obligados a empadronarse en el lugar de residencia o de trabajo de sus due\u00f1os.<\/p>\n<p>&nbsp;<\/p>\n<p>&nbsp;<\/p>\n","protected":false},"excerpt":{"rendered":"<p>El martes 23 de agosto, el secretario general de la Intendencia Departamental de Rivera, Arq. Jos\u00e9 Mazzoni, representando al Sr. Intendente, particip\u00f3 en el Congreso de Intendentes en el departamento de Florida en el local de la Asociaci\u00f3n Rural de dicho departamento.<\/p>\n","protected":false},"author":7,"featured_media":39320,"comment_status":"open","ping_status":"open","sticky":false,"template":"","format":"standard","meta":{"footnotes":""},"categories":[1],"tags":[],"class_list":["post-39319","post","type-post","status-publish","format-standard","has-post-thumbnail","hentry","category-novedades"],"_links":{"self":[{"href":"https:\/\/www.rivera.gub.uy\/portal\/wp-json\/wp\/v2\/posts\/39319","targetHints":{"allow":["GET"]}}],"collection":[{"href":"https:\/\/www.rivera.gub.uy\/portal\/wp-json\/wp\/v2\/posts"}],"about":[{"href":"https:\/\/www.rivera.gub.uy\/portal\/wp-json\/wp\/v2\/types\/post"}],"author":[{"embeddable":true,"href":"https:\/\/www.rivera.gub.uy\/portal\/wp-json\/wp\/v2\/users\/7"}],"replies":[{"embeddable":true,"href":"https:\/\/www.rivera.gub.uy\/portal\/wp-json\/wp\/v2\/comments?post=39319"}],"version-history":[{"count":1,"href":"https:\/\/www.rivera.gub.uy\/portal\/wp-json\/wp\/v2\/posts\/39319\/revisions"}],"predecessor-version":[{"id":39321,"href":"https:\/\/www.rivera.gub.uy\/portal\/wp-json\/wp\/v2\/posts\/39319\/revisions\/39321"}],"wp:featuredmedia":[{"embeddable":true,"href":"https:\/\/www.rivera.gub.uy\/portal\/wp-json\/wp\/v2\/media\/39320"}],"wp:attachment":[{"href":"https:\/\/www.rivera.gub.uy\/portal\/wp-json\/wp\/v2\/media?parent=39319"}],"wp:term":[{"taxonomy":"category","embeddable":true,"href":"https:\/\/www.rivera.gub.uy\/portal\/wp-json\/wp\/v2\/categories?post=39319"},{"taxonomy":"post_tag","embeddable":true,"href":"https:\/\/www.rivera.gub.uy\/portal\/wp-json\/wp\/v2\/tags?post=39319"}],"curies":[{"name":"wp","href":"https:\/\/api.w.org\/{rel}","templated":true}]}}