{"id":39504,"date":"2022-09-13T17:26:34","date_gmt":"2022-09-13T20:26:34","guid":{"rendered":"https:\/\/www.rivera.gub.uy\/portal\/?p=39504"},"modified":"2023-01-13T11:07:23","modified_gmt":"2023-01-13T14:07:23","slug":"llamado-a-concurso-de-creacion-de-logotipo","status":"publish","type":"post","link":"https:\/\/www.rivera.gub.uy\/portal\/llamado-a-concurso-de-creacion-de-logotipo\/","title":{"rendered":"Llamado a concurso de creaci\u00f3n de logotipo"},"content":{"rendered":"<p>Faltando dos meses para la inauguraci\u00f3n del Centro de Entrenamiento Rivera, la Intendencia Departamental de Rivera, a trav\u00e9s de la Unidad Coordinadora de Deportes, contando con el el apoyo de Divisi\u00f3n Cultura, realizaron en la ma\u00f1ana de hoy el lanzamiento de un concurso para la creaci\u00f3n del logo que identifique, represente y sea la imagen del centro.<!--more--><\/p>\n<p>De esta manera se invita a todos los ciudadanos mayores de 13 a\u00f1os y sin l\u00edmite de edad que deseen participar a sumarse al concurso, que tendr\u00e1 como premio la utilizaci\u00f3n del centro deportivo en forma gratuita por el plazo de un a\u00f1o y $10 000 en efectivo.<\/p>\n<p>Las bases del concurso se pueden levantar en el Museo Departamental de Artes Pl\u00e1sticas, ubicado en Agraciada N.\u00ba 542 &#8211; Tel.: <a href=\"tel:+59846236329\">462 36329<\/a>, en la Unidad Coordinadora de Deportes en la tribuna norte del Estadio Municipal &#8211; Tel.: <a href=\"tel:+59846236289\">462 36289<\/a> o descargar <a href=\"https:\/\/www.rivera.gub.uy\/portal\/wp-content\/uploads\/2022\/09\/BASES-CONCURSO.pdf\" target=\"_blank\" rel=\"noopener noreferrer\">aqu\u00ed<\/a>.<\/p>\n<p>&nbsp;<\/p>\n\r\n\t<div class=\"msacwl-slider-wrap msacwl-row-clearfix \" data-conf=\"{&quot;autoplay&quot;:&quot;true&quot;,&quot;autoplay_speed&quot;:3000,&quot;speed&quot;:300,&quot;arrows&quot;:&quot;true&quot;,&quot;dots&quot;:&quot;true&quot;,&quot;lazyload&quot;:&quot;&quot;}\">\r\n\t\t<div id=\"msacwl-slider-1\" class=\"msacwl-slider msacwl-common-slider msacwl-slider-popup\">\r\n\t\t\t\t\t\t<div class=\"msacwl-slide\" data-item-index=\"1\" >\r\n\t\t\t\t<a class=\"msacwl-img-link\" href=\"javascript:void(0);\" data-mfp-src=\"https:\/\/www.rivera.gub.uy\/portal\/wp-content\/uploads\/2022\/09\/03-concurso-depo.jpg\">\r\n\t\t\t\t\t<img decoding=\"async\" class=\"msacwl-img\" src=\"https:\/\/www.rivera.gub.uy\/portal\/wp-content\/uploads\/2022\/09\/03-concurso-depo.jpg\"  data-title=\"\" alt=\"\" \/>\r\n\t\t\t\t<\/a>\r\n\t\t\t\t\t\t\t\t\t<div class=\"msacwl-gallery-caption\">\r\n\t\t\t\t\t\t\t\t\t\t\t\t\t<span class=\"image_title\"><\/span>\r\n\t\t\t\t\t\t\t\t\t\t\t\t\t<span><\/span>\r\n\t\t\t\t\t\t \t\t\t\t\t<\/div>\r\n\t\t\t\t\t\t\t<\/div>\r\n\t\t\t\t\t\t<div class=\"msacwl-slide\" data-item-index=\"2\" >\r\n\t\t\t\t<a class=\"msacwl-img-link\" href=\"javascript:void(0);\" data-mfp-src=\"https:\/\/www.rivera.gub.uy\/portal\/wp-content\/uploads\/2022\/09\/02-concurso-depo.jpg\">\r\n\t\t\t\t\t<img decoding=\"async\" class=\"msacwl-img\" src=\"https:\/\/www.rivera.gub.uy\/portal\/wp-content\/uploads\/2022\/09\/02-concurso-depo.jpg\"  data-title=\"\" alt=\"\" \/>\r\n\t\t\t\t<\/a>\r\n\t\t\t\t\t\t\t\t\t<div class=\"msacwl-gallery-caption\">\r\n\t\t\t\t\t\t\t\t\t\t\t\t\t<span class=\"image_title\"><\/span>\r\n\t\t\t\t\t\t\t\t\t\t\t\t\t<span><\/span>\r\n\t\t\t\t\t\t \t\t\t\t\t<\/div>\r\n\t\t\t\t\t\t\t<\/div>\r\n\t\t\t\t\t\t<div class=\"msacwl-slide\" data-item-index=\"3\" >\r\n\t\t\t\t<a class=\"msacwl-img-link\" href=\"javascript:void(0);\" data-mfp-src=\"https:\/\/www.rivera.gub.uy\/portal\/wp-content\/uploads\/2022\/09\/01-concurso-depo.jpg\">\r\n\t\t\t\t\t<img decoding=\"async\" class=\"msacwl-img\" src=\"https:\/\/www.rivera.gub.uy\/portal\/wp-content\/uploads\/2022\/09\/01-concurso-depo.jpg\"  data-title=\"\" alt=\"\" \/>\r\n\t\t\t\t<\/a>\r\n\t\t\t\t\t\t\t\t\t<div class=\"msacwl-gallery-caption\">\r\n\t\t\t\t\t\t\t\t\t\t\t\t\t<span class=\"image_title\"><\/span>\r\n\t\t\t\t\t\t\t\t\t\t\t\t\t<span><\/span>\r\n\t\t\t\t\t\t \t\t\t\t\t<\/div>\r\n\t\t\t\t\t\t\t<\/div>\r\n\t\t\t\t\t<\/div>\r\n\t<\/div>\r\n\r\n\t\n<p>&nbsp;<\/p>\n<p>Bases (<a href=\"https:\/\/www.rivera.gub.uy\/portal\/wp-content\/uploads\/2022\/09\/BASES-CONCURSO.pdf\" target=\"_blank\" rel=\"noopener noreferrer\">descargar<\/a>)<\/p>\n","protected":false},"excerpt":{"rendered":"<p>Faltando dos meses para la inauguraci\u00f3n del Centro de Entrenamiento Rivera, la Intendencia Departamental de Rivera, a trav\u00e9s de la Unidad Coordinadora de Deportes, contando con el el apoyo de Divisi\u00f3n Cultura, realizaron en la ma\u00f1ana de hoy el lanzamiento de un concurso para la creaci\u00f3n del logo que identifique, represente y sea la imagen [&hellip;]<\/p>\n","protected":false},"author":7,"featured_media":39508,"comment_status":"open","ping_status":"open","sticky":false,"template":"","format":"standard","meta":{"footnotes":""},"categories":[56,1],"tags":[],"class_list":["post-39504","post","type-post","status-publish","format-standard","has-post-thumbnail","hentry","category-deportes","category-novedades"],"_links":{"self":[{"href":"https:\/\/www.rivera.gub.uy\/portal\/wp-json\/wp\/v2\/posts\/39504","targetHints":{"allow":["GET"]}}],"collection":[{"href":"https:\/\/www.rivera.gub.uy\/portal\/wp-json\/wp\/v2\/posts"}],"about":[{"href":"https:\/\/www.rivera.gub.uy\/portal\/wp-json\/wp\/v2\/types\/post"}],"author":[{"embeddable":true,"href":"https:\/\/www.rivera.gub.uy\/portal\/wp-json\/wp\/v2\/users\/7"}],"replies":[{"embeddable":true,"href":"https:\/\/www.rivera.gub.uy\/portal\/wp-json\/wp\/v2\/comments?post=39504"}],"version-history":[{"count":1,"href":"https:\/\/www.rivera.gub.uy\/portal\/wp-json\/wp\/v2\/posts\/39504\/revisions"}],"predecessor-version":[{"id":39509,"href":"https:\/\/www.rivera.gub.uy\/portal\/wp-json\/wp\/v2\/posts\/39504\/revisions\/39509"}],"wp:featuredmedia":[{"embeddable":true,"href":"https:\/\/www.rivera.gub.uy\/portal\/wp-json\/wp\/v2\/media\/39508"}],"wp:attachment":[{"href":"https:\/\/www.rivera.gub.uy\/portal\/wp-json\/wp\/v2\/media?parent=39504"}],"wp:term":[{"taxonomy":"category","embeddable":true,"href":"https:\/\/www.rivera.gub.uy\/portal\/wp-json\/wp\/v2\/categories?post=39504"},{"taxonomy":"post_tag","embeddable":true,"href":"https:\/\/www.rivera.gub.uy\/portal\/wp-json\/wp\/v2\/tags?post=39504"}],"curies":[{"name":"wp","href":"https:\/\/api.w.org\/{rel}","templated":true}]}}