{"id":4245,"date":"2018-01-29T14:58:04","date_gmt":"2018-01-29T16:58:04","guid":{"rendered":"http:\/\/www.rivera.gub.uy\/portal\/?p=4245"},"modified":"2018-01-29T15:13:22","modified_gmt":"2018-01-29T17:13:22","slug":"primer-plenario-de-comisiones-vecinales","status":"publish","type":"post","link":"https:\/\/www.rivera.gub.uy\/portal\/primer-plenario-de-comisiones-vecinales\/","title":{"rendered":"Primer Plenario de Comisiones Vecinales"},"content":{"rendered":"<p>El d\u00eda 26 de enero, en el Sal\u00f3n de Actos de la Intendencia Departamental de Rivera, se realiz\u00f3 el 1\u00ba Plenario de Comisiones Vecinas en el a\u00f1o 2018.<br \/>\nA trav\u00e9s de la Oficina de Relacionamiento con la Comunidad, fueron convocados los presidentes e integrantes de las comisiones, adem\u00e1s de la comunidad en general, para asistir al plenario e informarse en detalles sobre la Octava Elecci\u00f3n de Comisiones Vecinales, \u201cdonde se tomaron decisiones importantes y adem\u00e1s se eligieron los miembros que integrar\u00e1n la Comisi\u00f3n Organizadora y Escrutadora de la Elecci\u00f3n\u201d.<!--more--><\/p>\n<p>Para tal oportunidad se conformar\u00e1n las Comisiones de los barrios representados, junto a los vecinos que quieran sumarse a trabajar en beneficios de su localidad.<\/p>\n<p>La Directora de de Oficina, Mtra. Betina Carballo, inform\u00f3 que la elecci\u00f3n ser\u00e1 el d\u00eda domingo 22 de abril: \u201cLos vecinos en cada barrio presentar\u00e1n listas. La elecci\u00f3n se desarrollar\u00e1 en el horario 09.00 a 17.00 horas, de forma ininterrumpida y de ah\u00ed tendremos, en este mismo d\u00eda, el escrutinio p\u00fablico donde daremos a conocer quienes ser\u00e1n las autoridades dentro de las Comisiones Vecinales.<br \/>\nEsperemos que la comunidad responda como siempre, empezamos el mi\u00e9rcoles 24 de enero y hoy ya tenemos unos 15 registros levantados con mucha gente nueva. Hemos crecido como ciudad y departamento, debido a este di\u00e1logo constante que se mantiene de la gesti\u00f3n con la gente y de la gente con la gesti\u00f3n\u201d.<\/p>\n<p>Carballo analiz\u00f3 que no siempre se est\u00e1 de acuerdo, pero siempre se dialogar\u00e1 para encontrar en las diferencias los puntos para avanzar.<br \/>\nLa directora convoc\u00f3 a todos los que quieran registrarse y ser parte de las listas de las comisiones, a pasar, para mayor informaci\u00f3n, por la Oficina de Relacionamiento con la Comunidad, en el 1\u00ba subsuelo de la Intendencia de Rivera.<\/p>\n<div id='gallery-1' class='gallery galleryid-4245 gallery-columns-3 gallery-size-thumbnail'><figure class='gallery-item'>\n\t\t\t<div class='gallery-icon landscape'>\n\t\t\t\t<a href='https:\/\/www.rivera.gub.uy\/portal\/wp-content\/uploads\/2018\/01\/DSC_0172.jpg'><img loading=\"lazy\" decoding=\"async\" width=\"132\" height=\"94\" src=\"https:\/\/www.rivera.gub.uy\/portal\/wp-content\/uploads\/2018\/01\/DSC_0172-132x94.jpg\" class=\"attachment-thumbnail size-thumbnail\" alt=\"\" aria-describedby=\"gallery-1-4249\" srcset=\"https:\/\/www.rivera.gub.uy\/portal\/wp-content\/uploads\/2018\/01\/DSC_0172-132x94.jpg 132w, https:\/\/www.rivera.gub.uy\/portal\/wp-content\/uploads\/2018\/01\/DSC_0172-263x188.jpg 263w, https:\/\/www.rivera.gub.uy\/portal\/wp-content\/uploads\/2018\/01\/DSC_0172-768x549.jpg 768w, https:\/\/www.rivera.gub.uy\/portal\/wp-content\/uploads\/2018\/01\/DSC_0172-876x626.jpg 876w, https:\/\/www.rivera.gub.uy\/portal\/wp-content\/uploads\/2018\/01\/DSC_0172-820x586.jpg 820w\" sizes=\"auto, (max-width: 132px) 100vw, 132px\" \/><\/a>\n\t\t\t<\/div>\n\t\t\t\t<figcaption class='wp-caption-text gallery-caption' id='gallery-1-4249'>\n\t\t\t\tPrimer Plenario de Comisiones Vecinales\n\t\t\t\t<\/figcaption><\/figure><figure class='gallery-item'>\n\t\t\t<div class='gallery-icon landscape'>\n\t\t\t\t<a href='https:\/\/www.rivera.gub.uy\/portal\/wp-content\/uploads\/2018\/01\/DSC_0182.jpg'><img loading=\"lazy\" decoding=\"async\" width=\"132\" height=\"94\" src=\"https:\/\/www.rivera.gub.uy\/portal\/wp-content\/uploads\/2018\/01\/DSC_0182-132x94.jpg\" class=\"attachment-thumbnail size-thumbnail\" alt=\"\" aria-describedby=\"gallery-1-4250\" srcset=\"https:\/\/www.rivera.gub.uy\/portal\/wp-content\/uploads\/2018\/01\/DSC_0182-132x94.jpg 132w, https:\/\/www.rivera.gub.uy\/portal\/wp-content\/uploads\/2018\/01\/DSC_0182-263x188.jpg 263w, https:\/\/www.rivera.gub.uy\/portal\/wp-content\/uploads\/2018\/01\/DSC_0182-768x549.jpg 768w, https:\/\/www.rivera.gub.uy\/portal\/wp-content\/uploads\/2018\/01\/DSC_0182-876x626.jpg 876w, https:\/\/www.rivera.gub.uy\/portal\/wp-content\/uploads\/2018\/01\/DSC_0182-820x586.jpg 820w\" sizes=\"auto, (max-width: 132px) 100vw, 132px\" \/><\/a>\n\t\t\t<\/div>\n\t\t\t\t<figcaption class='wp-caption-text gallery-caption' id='gallery-1-4250'>\n\t\t\t\tPrimer Plenario de Comisiones Vecinales\n\t\t\t\t<\/figcaption><\/figure><figure class='gallery-item'>\n\t\t\t<div class='gallery-icon landscape'>\n\t\t\t\t<a href='https:\/\/www.rivera.gub.uy\/portal\/wp-content\/uploads\/2018\/01\/DSC_0194.jpg'><img loading=\"lazy\" decoding=\"async\" width=\"132\" height=\"94\" src=\"https:\/\/www.rivera.gub.uy\/portal\/wp-content\/uploads\/2018\/01\/DSC_0194-132x94.jpg\" class=\"attachment-thumbnail size-thumbnail\" alt=\"\" aria-describedby=\"gallery-1-4251\" srcset=\"https:\/\/www.rivera.gub.uy\/portal\/wp-content\/uploads\/2018\/01\/DSC_0194-132x94.jpg 132w, https:\/\/www.rivera.gub.uy\/portal\/wp-content\/uploads\/2018\/01\/DSC_0194-263x188.jpg 263w, https:\/\/www.rivera.gub.uy\/portal\/wp-content\/uploads\/2018\/01\/DSC_0194-768x549.jpg 768w, https:\/\/www.rivera.gub.uy\/portal\/wp-content\/uploads\/2018\/01\/DSC_0194-876x626.jpg 876w, https:\/\/www.rivera.gub.uy\/portal\/wp-content\/uploads\/2018\/01\/DSC_0194-820x586.jpg 820w\" sizes=\"auto, (max-width: 132px) 100vw, 132px\" \/><\/a>\n\t\t\t<\/div>\n\t\t\t\t<figcaption class='wp-caption-text gallery-caption' id='gallery-1-4251'>\n\t\t\t\tPrimer Plenario de Comisiones Vecinales\n\t\t\t\t<\/figcaption><\/figure>\n\t\t<\/div>\n\n<p>&nbsp;<\/p>\n<p><iframe loading=\"lazy\" width=\"1160\" height=\"653\" src=\"https:\/\/www.youtube.com\/embed\/H0gIZo2FY0Y?feature=oembed\" frameborder=\"0\" allow=\"autoplay; encrypted-media\" allowfullscreen><\/iframe><\/p>\n<p>&nbsp;<\/p>\n","protected":false},"excerpt":{"rendered":"<p>El d\u00eda 26 de enero, en el Sal\u00f3n de Actos de la Intendencia Departamental de Rivera, se realiz\u00f3 el 1\u00ba Plenario de Comisiones Vecinas en el a\u00f1o 2018. A trav\u00e9s de la Oficina de Relacionamiento con la Comunidad, fueron convocados los presidentes e integrantes de las comisiones, adem\u00e1s de la comunidad en general, para asistir [&hellip;]<\/p>\n","protected":false},"author":7,"featured_media":4246,"comment_status":"open","ping_status":"open","sticky":false,"template":"","format":"standard","meta":{"footnotes":""},"categories":[3,1,18],"tags":[397,175,36,174,33,398],"class_list":["post-4245","post","type-post","status-publish","format-standard","has-post-thumbnail","hentry","category-multimedia","category-novedades","category-participacion","tag-comiciones","tag-comunidad","tag-intendencia","tag-relacionamiento","tag-rivera","tag-vecinales"],"_links":{"self":[{"href":"https:\/\/www.rivera.gub.uy\/portal\/wp-json\/wp\/v2\/posts\/4245","targetHints":{"allow":["GET"]}}],"collection":[{"href":"https:\/\/www.rivera.gub.uy\/portal\/wp-json\/wp\/v2\/posts"}],"about":[{"href":"https:\/\/www.rivera.gub.uy\/portal\/wp-json\/wp\/v2\/types\/post"}],"author":[{"embeddable":true,"href":"https:\/\/www.rivera.gub.uy\/portal\/wp-json\/wp\/v2\/users\/7"}],"replies":[{"embeddable":true,"href":"https:\/\/www.rivera.gub.uy\/portal\/wp-json\/wp\/v2\/comments?post=4245"}],"version-history":[{"count":3,"href":"https:\/\/www.rivera.gub.uy\/portal\/wp-json\/wp\/v2\/posts\/4245\/revisions"}],"predecessor-version":[{"id":4252,"href":"https:\/\/www.rivera.gub.uy\/portal\/wp-json\/wp\/v2\/posts\/4245\/revisions\/4252"}],"wp:featuredmedia":[{"embeddable":true,"href":"https:\/\/www.rivera.gub.uy\/portal\/wp-json\/wp\/v2\/media\/4246"}],"wp:attachment":[{"href":"https:\/\/www.rivera.gub.uy\/portal\/wp-json\/wp\/v2\/media?parent=4245"}],"wp:term":[{"taxonomy":"category","embeddable":true,"href":"https:\/\/www.rivera.gub.uy\/portal\/wp-json\/wp\/v2\/categories?post=4245"},{"taxonomy":"post_tag","embeddable":true,"href":"https:\/\/www.rivera.gub.uy\/portal\/wp-json\/wp\/v2\/tags?post=4245"}],"curies":[{"name":"wp","href":"https:\/\/api.w.org\/{rel}","templated":true}]}}