{"id":4307,"date":"2018-02-05T14:45:23","date_gmt":"2018-02-05T16:45:23","guid":{"rendered":"http:\/\/www.rivera.gub.uy\/portal\/?p=4307"},"modified":"2018-02-06T10:27:02","modified_gmt":"2018-02-06T12:27:02","slug":"lanzamiento-de-la-27-a-fiesta-de-la-sandia-y-la-forestacion","status":"publish","type":"post","link":"https:\/\/www.rivera.gub.uy\/portal\/lanzamiento-de-la-27-a-fiesta-de-la-sandia-y-la-forestacion\/","title":{"rendered":"Lanzamiento de la 27 \u00aa Fiesta de la Sand\u00eda y la Forestaci\u00f3n"},"content":{"rendered":"<p>Se llev\u00f3 a cabo en la jornada de este lunes 5 de febrero, en la sala de conferencias del edificio comunal, el lanzamiento de la 27\u00aa Fiesta de la Sand\u00eda y la Forestaci\u00f3n, a realizarse en la ciudad de Tranqueras los d\u00edas 9, 10 y 11 del corriente.<!--more--><\/p>\n<p>Estuvieron presentes en la mesa de conferencias de prensa el intendente Departamental de Rivera, Dr. Marne Osorio, la Alcaldesa (I) de la ciudad de Tranqueras, J\u00e9sica G\u00f3mez. Ing. Agron. Blanca Montejo (MIEM), el Pdte. Del Rotary Tranqueras, Carlos Machado, RRPP, de Rotary, Alexis Reyes, Director General de Desarrollo y Medio Ambiente QF, Alejandro Bert\u00f3n y el Lic, Santiago Est\u00e9vez (Coordinador de la Unidad de Desarrollo).<\/p>\n<p>La Fiesta de la Sand\u00eda y la Forestaci\u00f3n ofrecer\u00e1 una amplia cartelera que incluye foros sobre la \u201cSituaci\u00f3n de la Producci\u00f3n de la Regi\u00f3n\u201d, en los salones del Club Artigas Uruguay, Feria artesanal e industrial, actividades deportivas en el Balneario Municipal, incluyendo F\u00fatbol, Handball, Marat\u00f3n 2k y 7 k por las calles c\u00e9ntricas de la ciudad, adem\u00e1s de trilla de motocicletas con participantes nacionales e internacionales.<\/p>\n<p>En el escenario principal, varios artistas brindar\u00e1n espect\u00e1culos para todas las edades y toda la familia, que har\u00e1n el deleite del p\u00fablico presente d\u00f3nde a\u00f1o a a\u00f1o se suma a la propuesta que crece con diferentes ofertas.<\/p>\n<p>El d\u00eda s\u00e1bado se realizar\u00e1 el baile oficial con la actuaci\u00f3n de Mart\u00edn Segovia en el Artigas F\u00fatbol Club.<\/p>\n<p>Por su parte el Sr. Alexis Reyes, en representaci\u00f3n del club de Servicio Rotary de Tranqueras, expres\u00f3 que la fiesta es una apuesta a fortalecer la regi\u00f3n invitando la comunidad de Rivera y de todo el pa\u00eds a estar presente.<\/p>\n<p>El intendente, Marne Osorio, afirm\u00f3 que \u201c..la Fiesta de la Sand\u00eda y la Forestaci\u00f3n es uno de los eventos m\u00e1s importantes dentro de la agenda tur\u00edstica y cultural, y principalmente por los temas que han abordado como el componente de Foros informativos, con los protagonistas de nuestra regi\u00f3n..\u201d<\/p>\n<div id='gallery-1' class='gallery galleryid-4307 gallery-columns-3 gallery-size-thumbnail'><figure class='gallery-item'>\n\t\t\t<div class='gallery-icon landscape'>\n\t\t\t\t<a href='https:\/\/www.rivera.gub.uy\/portal\/wp-content\/uploads\/2018\/02\/lanzamiento-fiesta-de-la-sandia2.jpg'><img loading=\"lazy\" decoding=\"async\" width=\"141\" height=\"94\" src=\"https:\/\/www.rivera.gub.uy\/portal\/wp-content\/uploads\/2018\/02\/lanzamiento-fiesta-de-la-sandia2-141x94.jpg\" class=\"attachment-thumbnail size-thumbnail\" alt=\"\" srcset=\"https:\/\/www.rivera.gub.uy\/portal\/wp-content\/uploads\/2018\/02\/lanzamiento-fiesta-de-la-sandia2-141x94.jpg 141w, https:\/\/www.rivera.gub.uy\/portal\/wp-content\/uploads\/2018\/02\/lanzamiento-fiesta-de-la-sandia2-282x188.jpg 282w, https:\/\/www.rivera.gub.uy\/portal\/wp-content\/uploads\/2018\/02\/lanzamiento-fiesta-de-la-sandia2-768x512.jpg 768w, https:\/\/www.rivera.gub.uy\/portal\/wp-content\/uploads\/2018\/02\/lanzamiento-fiesta-de-la-sandia2-939x626.jpg 939w, https:\/\/www.rivera.gub.uy\/portal\/wp-content\/uploads\/2018\/02\/lanzamiento-fiesta-de-la-sandia2-600x400.jpg 600w, https:\/\/www.rivera.gub.uy\/portal\/wp-content\/uploads\/2018\/02\/lanzamiento-fiesta-de-la-sandia2-820x547.jpg 820w, https:\/\/www.rivera.gub.uy\/portal\/wp-content\/uploads\/2018\/02\/lanzamiento-fiesta-de-la-sandia2-272x182.jpg 272w\" sizes=\"auto, (max-width: 141px) 100vw, 141px\" \/><\/a>\n\t\t\t<\/div><\/figure><figure class='gallery-item'>\n\t\t\t<div class='gallery-icon landscape'>\n\t\t\t\t<a href='https:\/\/www.rivera.gub.uy\/portal\/wp-content\/uploads\/2018\/02\/lanzamiento-fiesta-de-la-sandia1.jpg'><img loading=\"lazy\" decoding=\"async\" width=\"141\" height=\"94\" src=\"https:\/\/www.rivera.gub.uy\/portal\/wp-content\/uploads\/2018\/02\/lanzamiento-fiesta-de-la-sandia1-141x94.jpg\" class=\"attachment-thumbnail size-thumbnail\" alt=\"\" srcset=\"https:\/\/www.rivera.gub.uy\/portal\/wp-content\/uploads\/2018\/02\/lanzamiento-fiesta-de-la-sandia1-141x94.jpg 141w, https:\/\/www.rivera.gub.uy\/portal\/wp-content\/uploads\/2018\/02\/lanzamiento-fiesta-de-la-sandia1-282x188.jpg 282w, https:\/\/www.rivera.gub.uy\/portal\/wp-content\/uploads\/2018\/02\/lanzamiento-fiesta-de-la-sandia1-768x512.jpg 768w, https:\/\/www.rivera.gub.uy\/portal\/wp-content\/uploads\/2018\/02\/lanzamiento-fiesta-de-la-sandia1-939x626.jpg 939w, https:\/\/www.rivera.gub.uy\/portal\/wp-content\/uploads\/2018\/02\/lanzamiento-fiesta-de-la-sandia1-600x400.jpg 600w, https:\/\/www.rivera.gub.uy\/portal\/wp-content\/uploads\/2018\/02\/lanzamiento-fiesta-de-la-sandia1-820x547.jpg 820w, https:\/\/www.rivera.gub.uy\/portal\/wp-content\/uploads\/2018\/02\/lanzamiento-fiesta-de-la-sandia1-272x182.jpg 272w\" sizes=\"auto, (max-width: 141px) 100vw, 141px\" \/><\/a>\n\t\t\t<\/div><\/figure><figure class='gallery-item'>\n\t\t\t<div class='gallery-icon landscape'>\n\t\t\t\t<a href='https:\/\/www.rivera.gub.uy\/portal\/wp-content\/uploads\/2018\/02\/25390710-ea5f-471f-b5b7-c8d9b563a133.jpg'><img loading=\"lazy\" decoding=\"async\" width=\"133\" height=\"94\" src=\"https:\/\/www.rivera.gub.uy\/portal\/wp-content\/uploads\/2018\/02\/25390710-ea5f-471f-b5b7-c8d9b563a133-133x94.jpg\" class=\"attachment-thumbnail size-thumbnail\" alt=\"\" srcset=\"https:\/\/www.rivera.gub.uy\/portal\/wp-content\/uploads\/2018\/02\/25390710-ea5f-471f-b5b7-c8d9b563a133-133x94.jpg 133w, https:\/\/www.rivera.gub.uy\/portal\/wp-content\/uploads\/2018\/02\/25390710-ea5f-471f-b5b7-c8d9b563a133-266x188.jpg 266w, https:\/\/www.rivera.gub.uy\/portal\/wp-content\/uploads\/2018\/02\/25390710-ea5f-471f-b5b7-c8d9b563a133-768x543.jpg 768w, https:\/\/www.rivera.gub.uy\/portal\/wp-content\/uploads\/2018\/02\/25390710-ea5f-471f-b5b7-c8d9b563a133-886x626.jpg 886w, https:\/\/www.rivera.gub.uy\/portal\/wp-content\/uploads\/2018\/02\/25390710-ea5f-471f-b5b7-c8d9b563a133-820x580.jpg 820w, https:\/\/www.rivera.gub.uy\/portal\/wp-content\/uploads\/2018\/02\/25390710-ea5f-471f-b5b7-c8d9b563a133.jpg 1600w\" sizes=\"auto, (max-width: 133px) 100vw, 133px\" \/><\/a>\n\t\t\t<\/div><\/figure>\n\t\t<\/div>\n\n<p>&nbsp;<\/p>\n<p><iframe loading=\"lazy\" width=\"1160\" height=\"653\" src=\"https:\/\/www.youtube.com\/embed\/HV2l1IPOhy8?feature=oembed\" frameborder=\"0\" allow=\"autoplay; encrypted-media\" allowfullscreen><\/iframe><\/p>\n<p>&nbsp;<\/p>\n","protected":false},"excerpt":{"rendered":"<p>Se llev\u00f3 a cabo en la jornada de este lunes 5 de febrero, en la sala de conferencias del edificio comunal, el lanzamiento de la 27\u00aa Fiesta de la Sand\u00eda y la Forestaci\u00f3n, a realizarse en la ciudad de Tranqueras los d\u00edas 9, 10 y 11 del corriente.<\/p>\n","protected":false},"author":7,"featured_media":4323,"comment_status":"open","ping_status":"open","sticky":false,"template":"","format":"standard","meta":{"footnotes":""},"categories":[3,1],"tags":[157,74,36,33,272,72],"class_list":["post-4307","post","type-post","status-publish","format-standard","has-post-thumbnail","hentry","category-multimedia","category-novedades","tag-festival","tag-forestacion","tag-intendencia","tag-rivera","tag-sandia","tag-tranqueras"],"_links":{"self":[{"href":"https:\/\/www.rivera.gub.uy\/portal\/wp-json\/wp\/v2\/posts\/4307","targetHints":{"allow":["GET"]}}],"collection":[{"href":"https:\/\/www.rivera.gub.uy\/portal\/wp-json\/wp\/v2\/posts"}],"about":[{"href":"https:\/\/www.rivera.gub.uy\/portal\/wp-json\/wp\/v2\/types\/post"}],"author":[{"embeddable":true,"href":"https:\/\/www.rivera.gub.uy\/portal\/wp-json\/wp\/v2\/users\/7"}],"replies":[{"embeddable":true,"href":"https:\/\/www.rivera.gub.uy\/portal\/wp-json\/wp\/v2\/comments?post=4307"}],"version-history":[{"count":2,"href":"https:\/\/www.rivera.gub.uy\/portal\/wp-json\/wp\/v2\/posts\/4307\/revisions"}],"predecessor-version":[{"id":4324,"href":"https:\/\/www.rivera.gub.uy\/portal\/wp-json\/wp\/v2\/posts\/4307\/revisions\/4324"}],"wp:featuredmedia":[{"embeddable":true,"href":"https:\/\/www.rivera.gub.uy\/portal\/wp-json\/wp\/v2\/media\/4323"}],"wp:attachment":[{"href":"https:\/\/www.rivera.gub.uy\/portal\/wp-json\/wp\/v2\/media?parent=4307"}],"wp:term":[{"taxonomy":"category","embeddable":true,"href":"https:\/\/www.rivera.gub.uy\/portal\/wp-json\/wp\/v2\/categories?post=4307"},{"taxonomy":"post_tag","embeddable":true,"href":"https:\/\/www.rivera.gub.uy\/portal\/wp-json\/wp\/v2\/tags?post=4307"}],"curies":[{"name":"wp","href":"https:\/\/api.w.org\/{rel}","templated":true}]}}