{"id":4311,"date":"2018-02-05T15:08:58","date_gmt":"2018-02-05T17:08:58","guid":{"rendered":"http:\/\/www.rivera.gub.uy\/portal\/?p=4311"},"modified":"2018-02-05T19:56:29","modified_gmt":"2018-02-05T21:56:29","slug":"pre-carnaval-2018-en-el-estadio-atilio-paiva-olivera","status":"publish","type":"post","link":"https:\/\/www.rivera.gub.uy\/portal\/pre-carnaval-2018-en-el-estadio-atilio-paiva-olivera\/","title":{"rendered":"Pre Carnaval 2018 en el Estadio Atilio Paiva Olivera"},"content":{"rendered":"<p>Se llev\u00f3 a cabo en el Estadio Atilio Paiva Olivera, el evento \u201cPre Carnaval 2018\u201d, con algunos de los grupos y conjuntos que har\u00e1n parte del extenso programa de Carnaval que se cumplir\u00e1 en los 8 tablados del Departamento.<\/p>\n<p>La actividad comenz\u00f3 a la hora 18:30, con la actuaci\u00f3n de Los Tauras, Naren de los Santos, grupo Mercosur, El Serrano, Arte Final, Chito de Mello, Samba Love, Enigma y la Charanga.<!--more--><\/p>\n<p>El pre Carnaval, tuvo como objetivo recaudar fondos a trav\u00e9s del m\u00f3dico precio de la entrada de 50 pesos uruguayos y servicio de cantina, para los grupos y los tablados, impulsado por la Comisi\u00f3n de Carnaval, Divisi\u00f3n Cultura y vecinos de diferentes barrios que impulsan el carnaval a\u00f1o a a\u00f1o.<\/p>\n<p>Alex Alvez, manifest\u00f3 que se realiza por segunda vez y es a total beneficio de las agrupaciones que participan y los tablados. \u201cEsto ha dado el resultado porque adem\u00e1s se est\u00e1 conociendo algo de todo lo que vamos a ver en el carnaval\u201d.<\/p>\n<p>A su vez el Pdte de la Comisi\u00f3n de Carnaval, Enrique Souza expres\u00f3 que los barrios han sobrevivido al carnaval y considera que el carnaval est\u00e1 y hay grupos de personas que se encargan de armar un escenario y de salir a actuar con el apoyo de la Intendencia Departamental de Rivera, que ofrece una gran estructura.<\/p>\n<p>Este a\u00f1o una vez m\u00e1s se premiar\u00e1 al mejor tablado, que hoy reciben la ayuda de la intendencia y con lo que ganen de los premios podr\u00e1n ir mejorando la infraestructura de los mismos.<\/p>\n<p>Adem\u00e1s contar\u00e1n con dos murgas invitadas desde Tacuaremb\u00f3 que ofrecer\u00e1n espect\u00e1culos una en cada noche, en cada uno de los 8 tablados instalados en diferentes barrios de la ciudad.<br \/>\nLa actuaci\u00f3n en los tablados comienza el domingo 11 de febrero y terminan el s\u00e1bado 17.<\/p>\n<p>Se invita a toda la poblaci\u00f3n a participar del carnaval riverense por los barrios de nuestra ciudad.<\/p>\n<div id='gallery-1' class='gallery galleryid-4311 gallery-columns-4 gallery-size-thumbnail'><figure class='gallery-item'>\n\t\t\t<div class='gallery-icon landscape'>\n\t\t\t\t<a href='https:\/\/www.rivera.gub.uy\/portal\/wp-content\/uploads\/2018\/02\/1-1.jpg'><img loading=\"lazy\" decoding=\"async\" width=\"141\" height=\"94\" src=\"https:\/\/www.rivera.gub.uy\/portal\/wp-content\/uploads\/2018\/02\/1-1-141x94.jpg\" class=\"attachment-thumbnail size-thumbnail\" alt=\"\" srcset=\"https:\/\/www.rivera.gub.uy\/portal\/wp-content\/uploads\/2018\/02\/1-1-141x94.jpg 141w, https:\/\/www.rivera.gub.uy\/portal\/wp-content\/uploads\/2018\/02\/1-1-281x188.jpg 281w, https:\/\/www.rivera.gub.uy\/portal\/wp-content\/uploads\/2018\/02\/1-1-768x514.jpg 768w, https:\/\/www.rivera.gub.uy\/portal\/wp-content\/uploads\/2018\/02\/1-1-936x626.jpg 936w, https:\/\/www.rivera.gub.uy\/portal\/wp-content\/uploads\/2018\/02\/1-1-600x400.jpg 600w, https:\/\/www.rivera.gub.uy\/portal\/wp-content\/uploads\/2018\/02\/1-1-820x548.jpg 820w, https:\/\/www.rivera.gub.uy\/portal\/wp-content\/uploads\/2018\/02\/1-1-272x182.jpg 272w\" sizes=\"auto, (max-width: 141px) 100vw, 141px\" \/><\/a>\n\t\t\t<\/div><\/figure><figure class='gallery-item'>\n\t\t\t<div class='gallery-icon landscape'>\n\t\t\t\t<a href='https:\/\/www.rivera.gub.uy\/portal\/wp-content\/uploads\/2018\/02\/2.jpg'><img loading=\"lazy\" decoding=\"async\" width=\"141\" height=\"94\" src=\"https:\/\/www.rivera.gub.uy\/portal\/wp-content\/uploads\/2018\/02\/2-141x94.jpg\" class=\"attachment-thumbnail size-thumbnail\" alt=\"\" srcset=\"https:\/\/www.rivera.gub.uy\/portal\/wp-content\/uploads\/2018\/02\/2-141x94.jpg 141w, https:\/\/www.rivera.gub.uy\/portal\/wp-content\/uploads\/2018\/02\/2-281x188.jpg 281w, https:\/\/www.rivera.gub.uy\/portal\/wp-content\/uploads\/2018\/02\/2-768x513.jpg 768w, https:\/\/www.rivera.gub.uy\/portal\/wp-content\/uploads\/2018\/02\/2-937x626.jpg 937w, https:\/\/www.rivera.gub.uy\/portal\/wp-content\/uploads\/2018\/02\/2-600x400.jpg 600w, https:\/\/www.rivera.gub.uy\/portal\/wp-content\/uploads\/2018\/02\/2-820x548.jpg 820w, https:\/\/www.rivera.gub.uy\/portal\/wp-content\/uploads\/2018\/02\/2-272x182.jpg 272w, https:\/\/www.rivera.gub.uy\/portal\/wp-content\/uploads\/2018\/02\/2.jpg 1627w\" sizes=\"auto, (max-width: 141px) 100vw, 141px\" \/><\/a>\n\t\t\t<\/div><\/figure><figure class='gallery-item'>\n\t\t\t<div class='gallery-icon portrait'>\n\t\t\t\t<a href='https:\/\/www.rivera.gub.uy\/portal\/wp-content\/uploads\/2018\/02\/3.jpg'><img loading=\"lazy\" decoding=\"async\" width=\"63\" height=\"94\" src=\"https:\/\/www.rivera.gub.uy\/portal\/wp-content\/uploads\/2018\/02\/3-63x94.jpg\" class=\"attachment-thumbnail size-thumbnail\" alt=\"\" srcset=\"https:\/\/www.rivera.gub.uy\/portal\/wp-content\/uploads\/2018\/02\/3-63x94.jpg 63w, https:\/\/www.rivera.gub.uy\/portal\/wp-content\/uploads\/2018\/02\/3-126x188.jpg 126w, https:\/\/www.rivera.gub.uy\/portal\/wp-content\/uploads\/2018\/02\/3-768x1149.jpg 768w, https:\/\/www.rivera.gub.uy\/portal\/wp-content\/uploads\/2018\/02\/3-418x626.jpg 418w, https:\/\/www.rivera.gub.uy\/portal\/wp-content\/uploads\/2018\/02\/3-820x1227.jpg 820w, https:\/\/www.rivera.gub.uy\/portal\/wp-content\/uploads\/2018\/02\/3.jpg 2000w\" sizes=\"auto, (max-width: 63px) 100vw, 63px\" \/><\/a>\n\t\t\t<\/div><\/figure><figure class='gallery-item'>\n\t\t\t<div class='gallery-icon landscape'>\n\t\t\t\t<a href='https:\/\/www.rivera.gub.uy\/portal\/wp-content\/uploads\/2018\/02\/chitodemello.jpg'><img loading=\"lazy\" decoding=\"async\" width=\"141\" height=\"94\" src=\"https:\/\/www.rivera.gub.uy\/portal\/wp-content\/uploads\/2018\/02\/chitodemello-141x94.jpg\" class=\"attachment-thumbnail size-thumbnail\" alt=\"\" srcset=\"https:\/\/www.rivera.gub.uy\/portal\/wp-content\/uploads\/2018\/02\/chitodemello-141x94.jpg 141w, https:\/\/www.rivera.gub.uy\/portal\/wp-content\/uploads\/2018\/02\/chitodemello-281x188.jpg 281w, https:\/\/www.rivera.gub.uy\/portal\/wp-content\/uploads\/2018\/02\/chitodemello-768x513.jpg 768w, https:\/\/www.rivera.gub.uy\/portal\/wp-content\/uploads\/2018\/02\/chitodemello-936x626.jpg 936w, https:\/\/www.rivera.gub.uy\/portal\/wp-content\/uploads\/2018\/02\/chitodemello-600x400.jpg 600w, https:\/\/www.rivera.gub.uy\/portal\/wp-content\/uploads\/2018\/02\/chitodemello-820x548.jpg 820w, https:\/\/www.rivera.gub.uy\/portal\/wp-content\/uploads\/2018\/02\/chitodemello-272x182.jpg 272w\" sizes=\"auto, (max-width: 141px) 100vw, 141px\" \/><\/a>\n\t\t\t<\/div><\/figure>\n\t\t<\/div>\n\n<p>&nbsp;<\/p>\n<p><iframe loading=\"lazy\" width=\"1160\" height=\"653\" src=\"https:\/\/www.youtube.com\/embed\/cTsN7izPQwk?feature=oembed\" frameborder=\"0\" allow=\"autoplay; encrypted-media\" allowfullscreen><\/iframe><\/p>\n<p>&nbsp;<\/p>\n","protected":false},"excerpt":{"rendered":"<p>Se llev\u00f3 a cabo en el Estadio Atilio Paiva Olivera, el evento \u201cPre Carnaval 2018\u201d, con algunos de los grupos y conjuntos que har\u00e1n parte del extenso programa de Carnaval que se cumplir\u00e1 en los 8 tablados del Departamento. La actividad comenz\u00f3 a la hora 18:30, con la actuaci\u00f3n de Los Tauras, Naren de los [&hellip;]<\/p>\n","protected":false},"author":7,"featured_media":4312,"comment_status":"open","ping_status":"open","sticky":false,"template":"","format":"standard","meta":{"footnotes":""},"categories":[1],"tags":[65,36,406,33],"class_list":["post-4311","post","type-post","status-publish","format-standard","has-post-thumbnail","hentry","category-novedades","tag-cultura","tag-intendencia","tag-pre-carnaval","tag-rivera"],"_links":{"self":[{"href":"https:\/\/www.rivera.gub.uy\/portal\/wp-json\/wp\/v2\/posts\/4311","targetHints":{"allow":["GET"]}}],"collection":[{"href":"https:\/\/www.rivera.gub.uy\/portal\/wp-json\/wp\/v2\/posts"}],"about":[{"href":"https:\/\/www.rivera.gub.uy\/portal\/wp-json\/wp\/v2\/types\/post"}],"author":[{"embeddable":true,"href":"https:\/\/www.rivera.gub.uy\/portal\/wp-json\/wp\/v2\/users\/7"}],"replies":[{"embeddable":true,"href":"https:\/\/www.rivera.gub.uy\/portal\/wp-json\/wp\/v2\/comments?post=4311"}],"version-history":[{"count":3,"href":"https:\/\/www.rivera.gub.uy\/portal\/wp-json\/wp\/v2\/posts\/4311\/revisions"}],"predecessor-version":[{"id":4319,"href":"https:\/\/www.rivera.gub.uy\/portal\/wp-json\/wp\/v2\/posts\/4311\/revisions\/4319"}],"wp:featuredmedia":[{"embeddable":true,"href":"https:\/\/www.rivera.gub.uy\/portal\/wp-json\/wp\/v2\/media\/4312"}],"wp:attachment":[{"href":"https:\/\/www.rivera.gub.uy\/portal\/wp-json\/wp\/v2\/media?parent=4311"}],"wp:term":[{"taxonomy":"category","embeddable":true,"href":"https:\/\/www.rivera.gub.uy\/portal\/wp-json\/wp\/v2\/categories?post=4311"},{"taxonomy":"post_tag","embeddable":true,"href":"https:\/\/www.rivera.gub.uy\/portal\/wp-json\/wp\/v2\/tags?post=4311"}],"curies":[{"name":"wp","href":"https:\/\/api.w.org\/{rel}","templated":true}]}}