{"id":4325,"date":"2018-02-06T15:40:48","date_gmt":"2018-02-06T17:40:48","guid":{"rendered":"http:\/\/www.rivera.gub.uy\/portal\/?p=4325"},"modified":"2018-02-07T14:31:22","modified_gmt":"2018-02-07T16:31:22","slug":"1a-fiesta-de-la-integracion","status":"publish","type":"post","link":"https:\/\/www.rivera.gub.uy\/portal\/1a-fiesta-de-la-integracion\/","title":{"rendered":"1\u00aa \u201cFiesta de la Integraci\u00f3n\u201d"},"content":{"rendered":"<p>Este 9, 10 y 11 de febrero, se realizar\u00e1 en el Ruedo \u201cMi Casita\u201d, Arroyo Sauzal, la Fiesta de la Integraci\u00f3n, organizado por la Agrupaci\u00f3n Tradicionalista, El Malacara, donde se suman para esta fiesta varias agrupaciones que ya comenzaron a armar su \u201crancho\u201d en el predio.<!--more--><br \/>\nLa Fiesta ofrecer\u00e1; Pruebas de Riendas, Santa Josefina, para mayores y menores con 2 representantes por Agrupaci\u00f3n.<br \/>\nCriollos de Am\u00e9rica, para mayores y menores con 2 representantes por Agrupaci\u00f3n.<\/p>\n<p>En di\u00e1logo con el Pdte de la Agrupaci\u00f3n El Malacara, Pablo Torres, inform\u00f3 que las agrupaciones tradicionalistas ya est\u00e1n armando sus ranchos de barro y disfrutar\u00e1n del desfile gaucho, paleteadas, rodeos, montas sobre revolc\u00f3n, presentaci\u00f3n de domas, presentaci\u00f3n de Flor del Pago, fog\u00f3n bailable con Sonido Original y actuaci\u00f3n en el escenario de Valentina Lozano y su banda.<br \/>\nEl d\u00eda domingo se vivir\u00e1 el gran desfile gaucho, jineteadas en pelo y basto oriental.<br \/>\nEl capataz de campo ser\u00e1 el Sr. Cleber Pimentel.<br \/>\nRelatos: Ram\u00f3n Noguera.<br \/>\nFlorea, Juan Ra\u00fal Aguilera (desde Argentina).<\/p>\n<p>Torres manifest\u00f3: \u201cSe logr\u00f3 conseguir 8 aparcer\u00edas, lo que ser\u00eda para nosotros un \u201ccarnaval gaucho\u201d. Cada aparcer\u00eda representa una instituci\u00f3n y luego, ellos crean un proyecto en base a algo real de antes del a\u00f1o 1945, donde traen material bibliogr\u00e1fico, fogones y recrean parte de las tradiciones.<br \/>\nQueremos invitar a todos y decirles que el d\u00eda viernes, la entrada ser\u00e1 un alimento no perecedero y contar\u00e1 con la actuaci\u00f3n de Roc\u00edo, una ni\u00f1a de Artigas, que interpreta canciones gauchescas y toca la gaita.<br \/>\nLos d\u00edas s\u00e1bado y domingo, s\u00ed se cobrar\u00e1 100 y 150 pesos uruguayos respectivamente. El s\u00e1bado actuar\u00e1 Valentina Lozano, desde Tranqueras.<br \/>\nLo principal es la uni\u00f3n de los grupos que comparten muchas cosas aqu\u00ed, trabajando en sus ranchos. Este es el primer paso de algo que puede ser muy grande para Rivera. Se elegir\u00e1 la Flor del Pago, con chicas mayores de 15 a\u00f1os que deben saber de la tradici\u00f3n.<br \/>\nPara llegar deben hacerlo por Avda. Italia y luego doblar a la derecha hacia el camino Arroyo Sauzal y de ah\u00ed se encontrar\u00e1 con el ruedo \u201cMi Casita\u201d, que est\u00e1 a 4 km de la ciudad.<\/p>\n<div id='gallery-1' class='gallery galleryid-4325 gallery-columns-3 gallery-size-thumbnail'><figure class='gallery-item'>\n\t\t\t<div class='gallery-icon landscape'>\n\t\t\t\t<a href='https:\/\/www.rivera.gub.uy\/portal\/wp-content\/uploads\/2018\/02\/fiestaintegracion.jpg'><img loading=\"lazy\" decoding=\"async\" width=\"141\" height=\"94\" src=\"https:\/\/www.rivera.gub.uy\/portal\/wp-content\/uploads\/2018\/02\/fiestaintegracion-141x94.jpg\" class=\"attachment-thumbnail size-thumbnail\" alt=\"\" srcset=\"https:\/\/www.rivera.gub.uy\/portal\/wp-content\/uploads\/2018\/02\/fiestaintegracion-141x94.jpg 141w, https:\/\/www.rivera.gub.uy\/portal\/wp-content\/uploads\/2018\/02\/fiestaintegracion-282x188.jpg 282w, https:\/\/www.rivera.gub.uy\/portal\/wp-content\/uploads\/2018\/02\/fiestaintegracion-768x512.jpg 768w, https:\/\/www.rivera.gub.uy\/portal\/wp-content\/uploads\/2018\/02\/fiestaintegracion-939x626.jpg 939w, https:\/\/www.rivera.gub.uy\/portal\/wp-content\/uploads\/2018\/02\/fiestaintegracion-600x400.jpg 600w, https:\/\/www.rivera.gub.uy\/portal\/wp-content\/uploads\/2018\/02\/fiestaintegracion-820x547.jpg 820w, https:\/\/www.rivera.gub.uy\/portal\/wp-content\/uploads\/2018\/02\/fiestaintegracion-272x182.jpg 272w, https:\/\/www.rivera.gub.uy\/portal\/wp-content\/uploads\/2018\/02\/fiestaintegracion.jpg 1390w\" sizes=\"auto, (max-width: 141px) 100vw, 141px\" \/><\/a>\n\t\t\t<\/div><\/figure><figure class='gallery-item'>\n\t\t\t<div class='gallery-icon landscape'>\n\t\t\t\t<a href='https:\/\/www.rivera.gub.uy\/portal\/wp-content\/uploads\/2018\/02\/fiestaintegracion1.jpg'><img loading=\"lazy\" decoding=\"async\" width=\"141\" height=\"94\" src=\"https:\/\/www.rivera.gub.uy\/portal\/wp-content\/uploads\/2018\/02\/fiestaintegracion1-141x94.jpg\" class=\"attachment-thumbnail size-thumbnail\" alt=\"\" srcset=\"https:\/\/www.rivera.gub.uy\/portal\/wp-content\/uploads\/2018\/02\/fiestaintegracion1-141x94.jpg 141w, https:\/\/www.rivera.gub.uy\/portal\/wp-content\/uploads\/2018\/02\/fiestaintegracion1-282x188.jpg 282w, https:\/\/www.rivera.gub.uy\/portal\/wp-content\/uploads\/2018\/02\/fiestaintegracion1-768x512.jpg 768w, https:\/\/www.rivera.gub.uy\/portal\/wp-content\/uploads\/2018\/02\/fiestaintegracion1-939x626.jpg 939w, https:\/\/www.rivera.gub.uy\/portal\/wp-content\/uploads\/2018\/02\/fiestaintegracion1-600x400.jpg 600w, https:\/\/www.rivera.gub.uy\/portal\/wp-content\/uploads\/2018\/02\/fiestaintegracion1-820x547.jpg 820w, https:\/\/www.rivera.gub.uy\/portal\/wp-content\/uploads\/2018\/02\/fiestaintegracion1-272x182.jpg 272w, https:\/\/www.rivera.gub.uy\/portal\/wp-content\/uploads\/2018\/02\/fiestaintegracion1.jpg 1272w\" sizes=\"auto, (max-width: 141px) 100vw, 141px\" \/><\/a>\n\t\t\t<\/div><\/figure><figure class='gallery-item'>\n\t\t\t<div class='gallery-icon landscape'>\n\t\t\t\t<a href='https:\/\/www.rivera.gub.uy\/portal\/wp-content\/uploads\/2018\/02\/fiestaintegracion2.jpg'><img loading=\"lazy\" decoding=\"async\" width=\"141\" height=\"94\" src=\"https:\/\/www.rivera.gub.uy\/portal\/wp-content\/uploads\/2018\/02\/fiestaintegracion2-141x94.jpg\" class=\"attachment-thumbnail size-thumbnail\" alt=\"\" srcset=\"https:\/\/www.rivera.gub.uy\/portal\/wp-content\/uploads\/2018\/02\/fiestaintegracion2-141x94.jpg 141w, https:\/\/www.rivera.gub.uy\/portal\/wp-content\/uploads\/2018\/02\/fiestaintegracion2-282x188.jpg 282w, https:\/\/www.rivera.gub.uy\/portal\/wp-content\/uploads\/2018\/02\/fiestaintegracion2-768x512.jpg 768w, https:\/\/www.rivera.gub.uy\/portal\/wp-content\/uploads\/2018\/02\/fiestaintegracion2-939x626.jpg 939w, https:\/\/www.rivera.gub.uy\/portal\/wp-content\/uploads\/2018\/02\/fiestaintegracion2-600x400.jpg 600w, https:\/\/www.rivera.gub.uy\/portal\/wp-content\/uploads\/2018\/02\/fiestaintegracion2-820x547.jpg 820w, https:\/\/www.rivera.gub.uy\/portal\/wp-content\/uploads\/2018\/02\/fiestaintegracion2-272x182.jpg 272w, https:\/\/www.rivera.gub.uy\/portal\/wp-content\/uploads\/2018\/02\/fiestaintegracion2.jpg 1294w\" sizes=\"auto, (max-width: 141px) 100vw, 141px\" \/><\/a>\n\t\t\t<\/div><\/figure>\n\t\t<\/div>\n\n<p><iframe loading=\"lazy\" width=\"1160\" height=\"653\" src=\"https:\/\/www.youtube.com\/embed\/D9YByO1IIlY?feature=oembed\" frameborder=\"0\" allow=\"autoplay; encrypted-media\" allowfullscreen><\/iframe><\/p>\n","protected":false},"excerpt":{"rendered":"<p>Este 9, 10 y 11 de febrero, se realizar\u00e1 en el Ruedo \u201cMi Casita\u201d, Arroyo Sauzal, la Fiesta de la Integraci\u00f3n, organizado por la Agrupaci\u00f3n Tradicionalista, El Malacara, donde se suman para esta fiesta varias agrupaciones que ya comenzaron a armar su \u201crancho\u201d en el predio.<\/p>\n","protected":false},"author":7,"featured_media":4327,"comment_status":"open","ping_status":"open","sticky":false,"template":"","format":"standard","meta":{"footnotes":""},"categories":[3,1],"tags":[408,409,36,33],"class_list":["post-4325","post","type-post","status-publish","format-standard","has-post-thumbnail","hentry","category-multimedia","category-novedades","tag-fiesta","tag-integracion","tag-intendencia","tag-rivera"],"_links":{"self":[{"href":"https:\/\/www.rivera.gub.uy\/portal\/wp-json\/wp\/v2\/posts\/4325","targetHints":{"allow":["GET"]}}],"collection":[{"href":"https:\/\/www.rivera.gub.uy\/portal\/wp-json\/wp\/v2\/posts"}],"about":[{"href":"https:\/\/www.rivera.gub.uy\/portal\/wp-json\/wp\/v2\/types\/post"}],"author":[{"embeddable":true,"href":"https:\/\/www.rivera.gub.uy\/portal\/wp-json\/wp\/v2\/users\/7"}],"replies":[{"embeddable":true,"href":"https:\/\/www.rivera.gub.uy\/portal\/wp-json\/wp\/v2\/comments?post=4325"}],"version-history":[{"count":4,"href":"https:\/\/www.rivera.gub.uy\/portal\/wp-json\/wp\/v2\/posts\/4325\/revisions"}],"predecessor-version":[{"id":4346,"href":"https:\/\/www.rivera.gub.uy\/portal\/wp-json\/wp\/v2\/posts\/4325\/revisions\/4346"}],"wp:featuredmedia":[{"embeddable":true,"href":"https:\/\/www.rivera.gub.uy\/portal\/wp-json\/wp\/v2\/media\/4327"}],"wp:attachment":[{"href":"https:\/\/www.rivera.gub.uy\/portal\/wp-json\/wp\/v2\/media?parent=4325"}],"wp:term":[{"taxonomy":"category","embeddable":true,"href":"https:\/\/www.rivera.gub.uy\/portal\/wp-json\/wp\/v2\/categories?post=4325"},{"taxonomy":"post_tag","embeddable":true,"href":"https:\/\/www.rivera.gub.uy\/portal\/wp-json\/wp\/v2\/tags?post=4325"}],"curies":[{"name":"wp","href":"https:\/\/api.w.org\/{rel}","templated":true}]}}