{"id":4368,"date":"2018-02-14T16:00:09","date_gmt":"2018-02-14T18:00:09","guid":{"rendered":"http:\/\/www.rivera.gub.uy\/portal\/?p=4368"},"modified":"2018-07-06T14:51:52","modified_gmt":"2018-07-06T17:51:52","slug":"cambio-de-mando-en-regimiento-de-caballeria-mecanizada-no-3-brigadier-general-fructuoso-rivera","status":"publish","type":"post","link":"https:\/\/www.rivera.gub.uy\/portal\/cambio-de-mando-en-regimiento-de-caballeria-mecanizada-no-3-brigadier-general-fructuoso-rivera\/","title":{"rendered":"Cambio de mando en Regimiento de Caballer\u00eda Mecanizada N\u00ba 3,  Brigadier General Fructuoso Rivera"},"content":{"rendered":"<p>El pasado viernes 9 el Intendente Departamental de Rivera Dr. Marne Osorio Lima, estuvo presente en el cambio de mando del Jefe del Regimiento de Caballer\u00eda Mecanizada Brigadier Gral. Fructuoso Rivera.<!--more--><br \/>\nEl acto se realiz\u00f3 en el patio del Regimiento y cont\u00f3 con la presencia de autoridades civiles y militares, jerarcas departamentales y nacionales y p\u00fablico en general.<\/p>\n<p>El intendente estuvo presente brindando su apoyo al Tte.Cnel, Marcelo Mart\u00ednez, que seguir\u00e1 cumpliendo funciones en la capital del pa\u00eds, recibiendo al Tte.Cnel, que entra a ocupar el cargo de Jefe del Regimiento, Washington Sosa, durante 3 a\u00f1os.<\/p>\n<p>Osorio destac\u00f3 la labor del Ej\u00e9rcito en el departamento, participando en el Comit\u00e9 de Emergencia (CECOED) y adem\u00e1s el trabajo de Equinoterapia, que es de vital importancia para muchos ni\u00f1os, y varios \u201ctrabajos en conjunto\u201d con la comuna.<\/p>\n<p>\u201cYa quedamos con el nuevo Jefe de reunirnos en pocos d\u00edas para entablar di\u00e1logos de buena vecindad para cumplir las expectativas de los vecinos\u201d, agreg\u00f3 el mandatario.<br \/>\nPor su parte el Tte. Cnel. Mart\u00ednez, agradeci\u00f3 profundamente a la comunidad de Rivera, por el apoyo brindado ante sus gestiones y el buen relacionamiento para con la comuna riverense.<\/p>\n<div id='gallery-1' class='gallery galleryid-4368 gallery-columns-6 gallery-size-thumbnail'><figure class='gallery-item'>\n\t\t\t<div class='gallery-icon landscape'>\n\t\t\t\t<a href='https:\/\/www.rivera.gub.uy\/portal\/wp-content\/uploads\/2018\/02\/cambiodemando1.jpg'><img loading=\"lazy\" decoding=\"async\" width=\"141\" height=\"94\" src=\"https:\/\/www.rivera.gub.uy\/portal\/wp-content\/uploads\/2018\/02\/cambiodemando1-141x94.jpg\" class=\"attachment-thumbnail size-thumbnail\" alt=\"\" srcset=\"https:\/\/www.rivera.gub.uy\/portal\/wp-content\/uploads\/2018\/02\/cambiodemando1-141x94.jpg 141w, https:\/\/www.rivera.gub.uy\/portal\/wp-content\/uploads\/2018\/02\/cambiodemando1-282x188.jpg 282w, https:\/\/www.rivera.gub.uy\/portal\/wp-content\/uploads\/2018\/02\/cambiodemando1-768x512.jpg 768w, https:\/\/www.rivera.gub.uy\/portal\/wp-content\/uploads\/2018\/02\/cambiodemando1-939x626.jpg 939w, https:\/\/www.rivera.gub.uy\/portal\/wp-content\/uploads\/2018\/02\/cambiodemando1-600x400.jpg 600w, https:\/\/www.rivera.gub.uy\/portal\/wp-content\/uploads\/2018\/02\/cambiodemando1-820x547.jpg 820w, https:\/\/www.rivera.gub.uy\/portal\/wp-content\/uploads\/2018\/02\/cambiodemando1-272x182.jpg 272w\" sizes=\"auto, (max-width: 141px) 100vw, 141px\" \/><\/a>\n\t\t\t<\/div><\/figure><figure class='gallery-item'>\n\t\t\t<div class='gallery-icon landscape'>\n\t\t\t\t<a href='https:\/\/www.rivera.gub.uy\/portal\/wp-content\/uploads\/2018\/02\/cambiodemando2.jpg'><img loading=\"lazy\" decoding=\"async\" width=\"141\" height=\"94\" src=\"https:\/\/www.rivera.gub.uy\/portal\/wp-content\/uploads\/2018\/02\/cambiodemando2-141x94.jpg\" class=\"attachment-thumbnail size-thumbnail\" alt=\"\" srcset=\"https:\/\/www.rivera.gub.uy\/portal\/wp-content\/uploads\/2018\/02\/cambiodemando2-141x94.jpg 141w, https:\/\/www.rivera.gub.uy\/portal\/wp-content\/uploads\/2018\/02\/cambiodemando2-282x188.jpg 282w, https:\/\/www.rivera.gub.uy\/portal\/wp-content\/uploads\/2018\/02\/cambiodemando2-768x512.jpg 768w, https:\/\/www.rivera.gub.uy\/portal\/wp-content\/uploads\/2018\/02\/cambiodemando2-939x626.jpg 939w, https:\/\/www.rivera.gub.uy\/portal\/wp-content\/uploads\/2018\/02\/cambiodemando2-600x400.jpg 600w, https:\/\/www.rivera.gub.uy\/portal\/wp-content\/uploads\/2018\/02\/cambiodemando2-820x547.jpg 820w, https:\/\/www.rivera.gub.uy\/portal\/wp-content\/uploads\/2018\/02\/cambiodemando2-272x182.jpg 272w\" sizes=\"auto, (max-width: 141px) 100vw, 141px\" \/><\/a>\n\t\t\t<\/div><\/figure><figure class='gallery-item'>\n\t\t\t<div class='gallery-icon landscape'>\n\t\t\t\t<a href='https:\/\/www.rivera.gub.uy\/portal\/wp-content\/uploads\/2018\/02\/cambiodemando3.jpg'><img loading=\"lazy\" decoding=\"async\" width=\"141\" height=\"94\" src=\"https:\/\/www.rivera.gub.uy\/portal\/wp-content\/uploads\/2018\/02\/cambiodemando3-141x94.jpg\" class=\"attachment-thumbnail size-thumbnail\" alt=\"\" srcset=\"https:\/\/www.rivera.gub.uy\/portal\/wp-content\/uploads\/2018\/02\/cambiodemando3-141x94.jpg 141w, https:\/\/www.rivera.gub.uy\/portal\/wp-content\/uploads\/2018\/02\/cambiodemando3-282x188.jpg 282w, https:\/\/www.rivera.gub.uy\/portal\/wp-content\/uploads\/2018\/02\/cambiodemando3-768x512.jpg 768w, https:\/\/www.rivera.gub.uy\/portal\/wp-content\/uploads\/2018\/02\/cambiodemando3-939x626.jpg 939w, https:\/\/www.rivera.gub.uy\/portal\/wp-content\/uploads\/2018\/02\/cambiodemando3-600x400.jpg 600w, https:\/\/www.rivera.gub.uy\/portal\/wp-content\/uploads\/2018\/02\/cambiodemando3-820x547.jpg 820w, https:\/\/www.rivera.gub.uy\/portal\/wp-content\/uploads\/2018\/02\/cambiodemando3-272x182.jpg 272w\" sizes=\"auto, (max-width: 141px) 100vw, 141px\" \/><\/a>\n\t\t\t<\/div><\/figure><figure class='gallery-item'>\n\t\t\t<div class='gallery-icon landscape'>\n\t\t\t\t<a href='https:\/\/www.rivera.gub.uy\/portal\/wp-content\/uploads\/2018\/02\/cambiodemando4.jpg'><img loading=\"lazy\" decoding=\"async\" width=\"141\" height=\"94\" src=\"https:\/\/www.rivera.gub.uy\/portal\/wp-content\/uploads\/2018\/02\/cambiodemando4-141x94.jpg\" class=\"attachment-thumbnail size-thumbnail\" alt=\"\" srcset=\"https:\/\/www.rivera.gub.uy\/portal\/wp-content\/uploads\/2018\/02\/cambiodemando4-141x94.jpg 141w, https:\/\/www.rivera.gub.uy\/portal\/wp-content\/uploads\/2018\/02\/cambiodemando4-282x188.jpg 282w, https:\/\/www.rivera.gub.uy\/portal\/wp-content\/uploads\/2018\/02\/cambiodemando4-768x512.jpg 768w, https:\/\/www.rivera.gub.uy\/portal\/wp-content\/uploads\/2018\/02\/cambiodemando4-939x626.jpg 939w, https:\/\/www.rivera.gub.uy\/portal\/wp-content\/uploads\/2018\/02\/cambiodemando4-600x400.jpg 600w, https:\/\/www.rivera.gub.uy\/portal\/wp-content\/uploads\/2018\/02\/cambiodemando4-820x547.jpg 820w, https:\/\/www.rivera.gub.uy\/portal\/wp-content\/uploads\/2018\/02\/cambiodemando4-272x182.jpg 272w\" sizes=\"auto, (max-width: 141px) 100vw, 141px\" \/><\/a>\n\t\t\t<\/div><\/figure><figure class='gallery-item'>\n\t\t\t<div class='gallery-icon landscape'>\n\t\t\t\t<a href='https:\/\/www.rivera.gub.uy\/portal\/wp-content\/uploads\/2018\/02\/cambiodemando5.jpg'><img loading=\"lazy\" decoding=\"async\" width=\"134\" height=\"94\" src=\"https:\/\/www.rivera.gub.uy\/portal\/wp-content\/uploads\/2018\/02\/cambiodemando5-134x94.jpg\" class=\"attachment-thumbnail size-thumbnail\" alt=\"\" srcset=\"https:\/\/www.rivera.gub.uy\/portal\/wp-content\/uploads\/2018\/02\/cambiodemando5-134x94.jpg 134w, https:\/\/www.rivera.gub.uy\/portal\/wp-content\/uploads\/2018\/02\/cambiodemando5-267x188.jpg 267w, https:\/\/www.rivera.gub.uy\/portal\/wp-content\/uploads\/2018\/02\/cambiodemando5-768x540.jpg 768w, https:\/\/www.rivera.gub.uy\/portal\/wp-content\/uploads\/2018\/02\/cambiodemando5-890x626.jpg 890w, https:\/\/www.rivera.gub.uy\/portal\/wp-content\/uploads\/2018\/02\/cambiodemando5-820x577.jpg 820w\" sizes=\"auto, (max-width: 134px) 100vw, 134px\" \/><\/a>\n\t\t\t<\/div><\/figure><figure class='gallery-item'>\n\t\t\t<div class='gallery-icon landscape'>\n\t\t\t\t<a href='https:\/\/www.rivera.gub.uy\/portal\/wp-content\/uploads\/2018\/02\/cambiodemando6.jpg'><img loading=\"lazy\" decoding=\"async\" width=\"141\" height=\"94\" src=\"https:\/\/www.rivera.gub.uy\/portal\/wp-content\/uploads\/2018\/02\/cambiodemando6-141x94.jpg\" class=\"attachment-thumbnail size-thumbnail\" alt=\"\" srcset=\"https:\/\/www.rivera.gub.uy\/portal\/wp-content\/uploads\/2018\/02\/cambiodemando6-141x94.jpg 141w, https:\/\/www.rivera.gub.uy\/portal\/wp-content\/uploads\/2018\/02\/cambiodemando6-282x188.jpg 282w, https:\/\/www.rivera.gub.uy\/portal\/wp-content\/uploads\/2018\/02\/cambiodemando6-768x512.jpg 768w, https:\/\/www.rivera.gub.uy\/portal\/wp-content\/uploads\/2018\/02\/cambiodemando6-939x626.jpg 939w, https:\/\/www.rivera.gub.uy\/portal\/wp-content\/uploads\/2018\/02\/cambiodemando6-600x400.jpg 600w, https:\/\/www.rivera.gub.uy\/portal\/wp-content\/uploads\/2018\/02\/cambiodemando6-820x547.jpg 820w, https:\/\/www.rivera.gub.uy\/portal\/wp-content\/uploads\/2018\/02\/cambiodemando6-272x182.jpg 272w\" sizes=\"auto, (max-width: 141px) 100vw, 141px\" \/><\/a>\n\t\t\t<\/div><\/figure>\n\t\t<\/div>\n\n","protected":false},"excerpt":{"rendered":"<p>El pasado viernes 9 el Intendente Departamental de Rivera Dr. Marne Osorio Lima, estuvo presente en el cambio de mando del Jefe del Regimiento de Caballer\u00eda Mecanizada Brigadier Gral. Fructuoso Rivera.<\/p>\n","protected":false},"author":7,"featured_media":4374,"comment_status":"open","ping_status":"open","sticky":false,"template":"","format":"standard","meta":{"footnotes":""},"categories":[1],"tags":[414,507,114,36,413,33],"class_list":["post-4368","post","type-post","status-publish","format-standard","has-post-thumbnail","hentry","category-novedades","tag-caballeria","tag-cecoed","tag-idr","tag-intendencia","tag-regimiento","tag-rivera"],"_links":{"self":[{"href":"https:\/\/www.rivera.gub.uy\/portal\/wp-json\/wp\/v2\/posts\/4368","targetHints":{"allow":["GET"]}}],"collection":[{"href":"https:\/\/www.rivera.gub.uy\/portal\/wp-json\/wp\/v2\/posts"}],"about":[{"href":"https:\/\/www.rivera.gub.uy\/portal\/wp-json\/wp\/v2\/types\/post"}],"author":[{"embeddable":true,"href":"https:\/\/www.rivera.gub.uy\/portal\/wp-json\/wp\/v2\/users\/7"}],"replies":[{"embeddable":true,"href":"https:\/\/www.rivera.gub.uy\/portal\/wp-json\/wp\/v2\/comments?post=4368"}],"version-history":[{"count":2,"href":"https:\/\/www.rivera.gub.uy\/portal\/wp-json\/wp\/v2\/posts\/4368\/revisions"}],"predecessor-version":[{"id":4376,"href":"https:\/\/www.rivera.gub.uy\/portal\/wp-json\/wp\/v2\/posts\/4368\/revisions\/4376"}],"wp:featuredmedia":[{"embeddable":true,"href":"https:\/\/www.rivera.gub.uy\/portal\/wp-json\/wp\/v2\/media\/4374"}],"wp:attachment":[{"href":"https:\/\/www.rivera.gub.uy\/portal\/wp-json\/wp\/v2\/media?parent=4368"}],"wp:term":[{"taxonomy":"category","embeddable":true,"href":"https:\/\/www.rivera.gub.uy\/portal\/wp-json\/wp\/v2\/categories?post=4368"},{"taxonomy":"post_tag","embeddable":true,"href":"https:\/\/www.rivera.gub.uy\/portal\/wp-json\/wp\/v2\/tags?post=4368"}],"curies":[{"name":"wp","href":"https:\/\/api.w.org\/{rel}","templated":true}]}}