{"id":4377,"date":"2018-02-15T09:51:23","date_gmt":"2018-02-15T11:51:23","guid":{"rendered":"http:\/\/www.rivera.gub.uy\/portal\/?p=4377"},"modified":"2018-07-06T14:50:48","modified_gmt":"2018-07-06T17:50:48","slug":"carnaval-2018-en-rivera-2","status":"publish","type":"post","link":"https:\/\/www.rivera.gub.uy\/portal\/carnaval-2018-en-rivera-2\/","title":{"rendered":"Carnaval 2018 en Rivera"},"content":{"rendered":"<p>Dos noches a puro ritmo se vivi\u00f3 en la principal arteria de la ciudad de Rivera, Av. Sarand\u00ed, con el tablado especial colocado en Sarand\u00ed y Artigas, y la participaci\u00f3n de grupos locales y una banda invitada desde Porto Alegre.<\/p>\n<p>La noche del s\u00e1bado comenz\u00f3 con la presentaci\u00f3n de la Reina del Carnaval, Michelle Machado y el Rey Momo, Pablo de los Santos, que bailaron junto al excelente marco de p\u00fablico que se dio cita para compartir el carnaval con su familia y amigos.<!--more--><\/p>\n<p>Las actuaciones del fin de semana comenzaron a la hora 22, con la participaci\u00f3n del grupo Suceso, Que Maravilla, la Orquesta Departamental, comparsa Tizones de Ansina, Duendes Azules, Os Coroas y el cierre con Experimenta desde Porto Alegre (ambas noches).<\/p>\n<p>El carnaval sigue por los tablados de los barrios de nuestra ciudad, que en una cantidad de 8, tienen actuaciones actuaciones durante todas las noches.<\/p>\n<p>&nbsp;<\/p>\n<div id='gallery-1' class='gallery galleryid-4377 gallery-columns-3 gallery-size-thumbnail'><figure class='gallery-item'>\n\t\t\t<div class='gallery-icon landscape'>\n\t\t\t\t<a href='https:\/\/www.rivera.gub.uy\/portal\/wp-content\/uploads\/2018\/02\/carnaval3.jpg'><img loading=\"lazy\" decoding=\"async\" width=\"141\" height=\"94\" src=\"https:\/\/www.rivera.gub.uy\/portal\/wp-content\/uploads\/2018\/02\/carnaval3-141x94.jpg\" class=\"attachment-thumbnail size-thumbnail\" alt=\"\" srcset=\"https:\/\/www.rivera.gub.uy\/portal\/wp-content\/uploads\/2018\/02\/carnaval3-141x94.jpg 141w, https:\/\/www.rivera.gub.uy\/portal\/wp-content\/uploads\/2018\/02\/carnaval3-282x188.jpg 282w, https:\/\/www.rivera.gub.uy\/portal\/wp-content\/uploads\/2018\/02\/carnaval3-768x512.jpg 768w, https:\/\/www.rivera.gub.uy\/portal\/wp-content\/uploads\/2018\/02\/carnaval3-939x626.jpg 939w, https:\/\/www.rivera.gub.uy\/portal\/wp-content\/uploads\/2018\/02\/carnaval3-600x400.jpg 600w, https:\/\/www.rivera.gub.uy\/portal\/wp-content\/uploads\/2018\/02\/carnaval3-820x547.jpg 820w, https:\/\/www.rivera.gub.uy\/portal\/wp-content\/uploads\/2018\/02\/carnaval3-272x182.jpg 272w\" sizes=\"auto, (max-width: 141px) 100vw, 141px\" \/><\/a>\n\t\t\t<\/div><\/figure><figure class='gallery-item'>\n\t\t\t<div class='gallery-icon landscape'>\n\t\t\t\t<a href='https:\/\/www.rivera.gub.uy\/portal\/wp-content\/uploads\/2018\/02\/carnaval2.jpg'><img loading=\"lazy\" decoding=\"async\" width=\"141\" height=\"94\" src=\"https:\/\/www.rivera.gub.uy\/portal\/wp-content\/uploads\/2018\/02\/carnaval2-141x94.jpg\" class=\"attachment-thumbnail size-thumbnail\" alt=\"\" srcset=\"https:\/\/www.rivera.gub.uy\/portal\/wp-content\/uploads\/2018\/02\/carnaval2-141x94.jpg 141w, https:\/\/www.rivera.gub.uy\/portal\/wp-content\/uploads\/2018\/02\/carnaval2-282x188.jpg 282w, https:\/\/www.rivera.gub.uy\/portal\/wp-content\/uploads\/2018\/02\/carnaval2-768x512.jpg 768w, https:\/\/www.rivera.gub.uy\/portal\/wp-content\/uploads\/2018\/02\/carnaval2-939x626.jpg 939w, https:\/\/www.rivera.gub.uy\/portal\/wp-content\/uploads\/2018\/02\/carnaval2-600x400.jpg 600w, https:\/\/www.rivera.gub.uy\/portal\/wp-content\/uploads\/2018\/02\/carnaval2-820x547.jpg 820w, https:\/\/www.rivera.gub.uy\/portal\/wp-content\/uploads\/2018\/02\/carnaval2-272x182.jpg 272w\" sizes=\"auto, (max-width: 141px) 100vw, 141px\" \/><\/a>\n\t\t\t<\/div><\/figure><figure class='gallery-item'>\n\t\t\t<div class='gallery-icon landscape'>\n\t\t\t\t<a href='https:\/\/www.rivera.gub.uy\/portal\/wp-content\/uploads\/2018\/02\/carnaval1.jpg'><img loading=\"lazy\" decoding=\"async\" width=\"141\" height=\"94\" src=\"https:\/\/www.rivera.gub.uy\/portal\/wp-content\/uploads\/2018\/02\/carnaval1-141x94.jpg\" class=\"attachment-thumbnail size-thumbnail\" alt=\"\" srcset=\"https:\/\/www.rivera.gub.uy\/portal\/wp-content\/uploads\/2018\/02\/carnaval1-141x94.jpg 141w, https:\/\/www.rivera.gub.uy\/portal\/wp-content\/uploads\/2018\/02\/carnaval1-282x188.jpg 282w, https:\/\/www.rivera.gub.uy\/portal\/wp-content\/uploads\/2018\/02\/carnaval1-768x512.jpg 768w, https:\/\/www.rivera.gub.uy\/portal\/wp-content\/uploads\/2018\/02\/carnaval1-939x626.jpg 939w, https:\/\/www.rivera.gub.uy\/portal\/wp-content\/uploads\/2018\/02\/carnaval1-600x400.jpg 600w, https:\/\/www.rivera.gub.uy\/portal\/wp-content\/uploads\/2018\/02\/carnaval1-820x547.jpg 820w, https:\/\/www.rivera.gub.uy\/portal\/wp-content\/uploads\/2018\/02\/carnaval1-272x182.jpg 272w\" sizes=\"auto, (max-width: 141px) 100vw, 141px\" \/><\/a>\n\t\t\t<\/div><\/figure>\n\t\t<\/div>\n\n","protected":false},"excerpt":{"rendered":"<p>Dos noches a puro ritmo se vivi\u00f3 en la principal arteria de la ciudad de Rivera, Av. Sarand\u00ed, con el tablado especial colocado en Sarand\u00ed y Artigas, y la participaci\u00f3n de grupos locales y una banda invitada desde Porto Alegre. La noche del s\u00e1bado comenz\u00f3 con la presentaci\u00f3n de la Reina del Carnaval, Michelle Machado [&hellip;]<\/p>\n","protected":false},"author":7,"featured_media":4378,"comment_status":"open","ping_status":"open","sticky":false,"template":"","format":"standard","meta":{"footnotes":""},"categories":[1],"tags":[412,396,114,36,33,735],"class_list":["post-4377","post","type-post","status-publish","format-standard","has-post-thumbnail","hentry","category-novedades","tag-412","tag-carnaval","tag-idr","tag-intendencia","tag-rivera","tag-tablado"],"_links":{"self":[{"href":"https:\/\/www.rivera.gub.uy\/portal\/wp-json\/wp\/v2\/posts\/4377","targetHints":{"allow":["GET"]}}],"collection":[{"href":"https:\/\/www.rivera.gub.uy\/portal\/wp-json\/wp\/v2\/posts"}],"about":[{"href":"https:\/\/www.rivera.gub.uy\/portal\/wp-json\/wp\/v2\/types\/post"}],"author":[{"embeddable":true,"href":"https:\/\/www.rivera.gub.uy\/portal\/wp-json\/wp\/v2\/users\/7"}],"replies":[{"embeddable":true,"href":"https:\/\/www.rivera.gub.uy\/portal\/wp-json\/wp\/v2\/comments?post=4377"}],"version-history":[{"count":1,"href":"https:\/\/www.rivera.gub.uy\/portal\/wp-json\/wp\/v2\/posts\/4377\/revisions"}],"predecessor-version":[{"id":4381,"href":"https:\/\/www.rivera.gub.uy\/portal\/wp-json\/wp\/v2\/posts\/4377\/revisions\/4381"}],"wp:featuredmedia":[{"embeddable":true,"href":"https:\/\/www.rivera.gub.uy\/portal\/wp-json\/wp\/v2\/media\/4378"}],"wp:attachment":[{"href":"https:\/\/www.rivera.gub.uy\/portal\/wp-json\/wp\/v2\/media?parent=4377"}],"wp:term":[{"taxonomy":"category","embeddable":true,"href":"https:\/\/www.rivera.gub.uy\/portal\/wp-json\/wp\/v2\/categories?post=4377"},{"taxonomy":"post_tag","embeddable":true,"href":"https:\/\/www.rivera.gub.uy\/portal\/wp-json\/wp\/v2\/tags?post=4377"}],"curies":[{"name":"wp","href":"https:\/\/api.w.org\/{rel}","templated":true}]}}