{"id":4391,"date":"2018-03-15T09:35:11","date_gmt":"2018-03-15T12:35:11","guid":{"rendered":"http:\/\/www.rivera.gub.uy\/portal\/?p=4391"},"modified":"2018-07-02T11:48:04","modified_gmt":"2018-07-02T14:48:04","slug":"nuevo-espacio-de-recreacion-en-barrio-insausti","status":"publish","type":"post","link":"https:\/\/www.rivera.gub.uy\/portal\/nuevo-espacio-de-recreacion-en-barrio-insausti\/","title":{"rendered":"Nuevo Espacio de Recreaci\u00f3n en Barrio Insausti"},"content":{"rendered":"<p>En breve los vecinos de barrio Insausti podr\u00e1n disfrutar de un espacio de recreaci\u00f3n y paseo totalmente remodelado. Esta obra, llevada a cabo por la <a href=\"http:\/\/rivera.gub.uy\/obras\/divisiones\/construcciones\/\" target=\"_blank\" rel=\"noopener\">Direcci\u00f3n General de Obras<\/a>, forma parte del Presupuesto Participativo.<!--more--><\/p>\n<p>El Presupuesto Participativo es una herramienta a disposici\u00f3n de la comunidad riverense para definir prioridades de mejora en cada barrio de la ciudad y tambi\u00e9n comunidades en el interior del departamento.<\/p>\n<p>El proyecto en construcci\u00f3n de la nueva Plaza Insausti consta de:<\/p>\n<table style=\"height: 511px\" width=\"355\">\n<tbody>\n<tr>\n<td width=\"90\">650 m2<\/td>\n<td width=\"312\">de vereda perimetral<\/td>\n<\/tr>\n<tr>\n<td width=\"90\">\u00a0275 m2<\/td>\n<td width=\"312\">de veredas internas<\/td>\n<\/tr>\n<tr>\n<td width=\"90\">\u00a0752 m<\/td>\n<td width=\"312\">cordones y cordonetas<\/td>\n<\/tr>\n<tr>\n<td width=\"90\">\u00a001<\/td>\n<td width=\"312\">Estaci\u00f3n de gimnasia<\/td>\n<\/tr>\n<tr>\n<td width=\"90\">\u00a045<\/td>\n<td width=\"312\">luminarias globo<\/td>\n<\/tr>\n<tr>\n<td width=\"90\"><\/td>\n<td width=\"312\">Iluminaci\u00f3n perimetral<\/td>\n<\/tr>\n<tr>\n<td width=\"90\">varios<\/td>\n<td width=\"312\">Bancos de hormig\u00f3n armado<\/td>\n<\/tr>\n<tr>\n<td width=\"90\">varios<\/td>\n<td width=\"312\">Juegos infantiles<\/td>\n<\/tr>\n<tr>\n<td width=\"90\">\u00a001<\/td>\n<td width=\"312\">Escenario<\/td>\n<\/tr>\n<\/tbody>\n<\/table>\n<p>De esta manera los vecinos de barrio Insausti tendr\u00e1n un espacio donde pueden recrearse, a traves de practicas deportivas y tambi\u00e9n culturales que se integra a un espacio verde importante de la ciudad como el Parque Oriental.<br \/>\nLa nueva plaza Insausti, que tiene fecha prevista de entrega a la comunidad para el mes de abril, hace parte de varios <a href=\"http:\/\/rivera.gub.uy\/obras\/proyectos-rivera\/\" target=\"_blank\" rel=\"noopener\">proyectos llevados adelante por la DGO<\/a> en la ciudad.<\/p>\n<div id='gallery-1' class='gallery galleryid-4391 gallery-columns-4 gallery-size-thumbnail'><figure class='gallery-item'>\n\t\t\t<div class='gallery-icon portrait'>\n\t\t\t\t<a href='https:\/\/www.rivera.gub.uy\/portal\/wp-content\/uploads\/2018\/03\/1-3.jpg'><img loading=\"lazy\" decoding=\"async\" width=\"74\" height=\"94\" src=\"https:\/\/www.rivera.gub.uy\/portal\/wp-content\/uploads\/2018\/03\/1-3-74x94.jpg\" class=\"attachment-thumbnail size-thumbnail\" alt=\"\" srcset=\"https:\/\/www.rivera.gub.uy\/portal\/wp-content\/uploads\/2018\/03\/1-3-74x94.jpg 74w, https:\/\/www.rivera.gub.uy\/portal\/wp-content\/uploads\/2018\/03\/1-3-149x188.jpg 149w, https:\/\/www.rivera.gub.uy\/portal\/wp-content\/uploads\/2018\/03\/1-3-768x969.jpg 768w, https:\/\/www.rivera.gub.uy\/portal\/wp-content\/uploads\/2018\/03\/1-3-496x626.jpg 496w, https:\/\/www.rivera.gub.uy\/portal\/wp-content\/uploads\/2018\/03\/1-3-820x1035.jpg 820w, https:\/\/www.rivera.gub.uy\/portal\/wp-content\/uploads\/2018\/03\/1-3.jpg 2000w\" sizes=\"auto, (max-width: 74px) 100vw, 74px\" \/><\/a>\n\t\t\t<\/div><\/figure><figure class='gallery-item'>\n\t\t\t<div class='gallery-icon landscape'>\n\t\t\t\t<a href='https:\/\/www.rivera.gub.uy\/portal\/wp-content\/uploads\/2018\/03\/2-2.jpg'><img loading=\"lazy\" decoding=\"async\" width=\"141\" height=\"94\" src=\"https:\/\/www.rivera.gub.uy\/portal\/wp-content\/uploads\/2018\/03\/2-2-141x94.jpg\" class=\"attachment-thumbnail size-thumbnail\" alt=\"\" srcset=\"https:\/\/www.rivera.gub.uy\/portal\/wp-content\/uploads\/2018\/03\/2-2-141x94.jpg 141w, https:\/\/www.rivera.gub.uy\/portal\/wp-content\/uploads\/2018\/03\/2-2-281x188.jpg 281w, https:\/\/www.rivera.gub.uy\/portal\/wp-content\/uploads\/2018\/03\/2-2-768x513.jpg 768w, https:\/\/www.rivera.gub.uy\/portal\/wp-content\/uploads\/2018\/03\/2-2-936x626.jpg 936w, https:\/\/www.rivera.gub.uy\/portal\/wp-content\/uploads\/2018\/03\/2-2-600x400.jpg 600w, https:\/\/www.rivera.gub.uy\/portal\/wp-content\/uploads\/2018\/03\/2-2-820x548.jpg 820w, https:\/\/www.rivera.gub.uy\/portal\/wp-content\/uploads\/2018\/03\/2-2-272x182.jpg 272w\" sizes=\"auto, (max-width: 141px) 100vw, 141px\" \/><\/a>\n\t\t\t<\/div><\/figure><figure class='gallery-item'>\n\t\t\t<div class='gallery-icon landscape'>\n\t\t\t\t<a href='https:\/\/www.rivera.gub.uy\/portal\/wp-content\/uploads\/2018\/03\/3-1.jpg'><img loading=\"lazy\" decoding=\"async\" width=\"141\" height=\"94\" src=\"https:\/\/www.rivera.gub.uy\/portal\/wp-content\/uploads\/2018\/03\/3-1-141x94.jpg\" class=\"attachment-thumbnail size-thumbnail\" alt=\"\" srcset=\"https:\/\/www.rivera.gub.uy\/portal\/wp-content\/uploads\/2018\/03\/3-1-141x94.jpg 141w, https:\/\/www.rivera.gub.uy\/portal\/wp-content\/uploads\/2018\/03\/3-1-281x188.jpg 281w, https:\/\/www.rivera.gub.uy\/portal\/wp-content\/uploads\/2018\/03\/3-1-768x513.jpg 768w, https:\/\/www.rivera.gub.uy\/portal\/wp-content\/uploads\/2018\/03\/3-1-936x626.jpg 936w, https:\/\/www.rivera.gub.uy\/portal\/wp-content\/uploads\/2018\/03\/3-1-600x400.jpg 600w, https:\/\/www.rivera.gub.uy\/portal\/wp-content\/uploads\/2018\/03\/3-1-820x548.jpg 820w, https:\/\/www.rivera.gub.uy\/portal\/wp-content\/uploads\/2018\/03\/3-1-272x182.jpg 272w\" sizes=\"auto, (max-width: 141px) 100vw, 141px\" \/><\/a>\n\t\t\t<\/div><\/figure><figure class='gallery-item'>\n\t\t\t<div class='gallery-icon landscape'>\n\t\t\t\t<a href='https:\/\/www.rivera.gub.uy\/portal\/wp-content\/uploads\/2018\/03\/4.jpg'><img loading=\"lazy\" decoding=\"async\" width=\"141\" height=\"94\" src=\"https:\/\/www.rivera.gub.uy\/portal\/wp-content\/uploads\/2018\/03\/4-141x94.jpg\" class=\"attachment-thumbnail size-thumbnail\" alt=\"\" srcset=\"https:\/\/www.rivera.gub.uy\/portal\/wp-content\/uploads\/2018\/03\/4-141x94.jpg 141w, https:\/\/www.rivera.gub.uy\/portal\/wp-content\/uploads\/2018\/03\/4-281x188.jpg 281w, https:\/\/www.rivera.gub.uy\/portal\/wp-content\/uploads\/2018\/03\/4-768x513.jpg 768w, https:\/\/www.rivera.gub.uy\/portal\/wp-content\/uploads\/2018\/03\/4-936x626.jpg 936w, https:\/\/www.rivera.gub.uy\/portal\/wp-content\/uploads\/2018\/03\/4-600x400.jpg 600w, https:\/\/www.rivera.gub.uy\/portal\/wp-content\/uploads\/2018\/03\/4-820x548.jpg 820w, https:\/\/www.rivera.gub.uy\/portal\/wp-content\/uploads\/2018\/03\/4-272x182.jpg 272w\" sizes=\"auto, (max-width: 141px) 100vw, 141px\" \/><\/a>\n\t\t\t<\/div><\/figure>\n\t\t<\/div>\n\n<p><iframe loading=\"lazy\" width=\"1160\" height=\"653\" src=\"https:\/\/www.youtube.com\/embed\/nHJIW0d-iFk?feature=oembed\" frameborder=\"0\" allow=\"autoplay; encrypted-media\" allowfullscreen><\/iframe><\/p>\n<p>&nbsp;<\/p>\n","protected":false},"excerpt":{"rendered":"<p>En breve los vecinos de barrio Insausti podr\u00e1n disfrutar de un espacio de recreaci\u00f3n y paseo totalmente remodelado. Esta obra, llevada a cabo por la Direcci\u00f3n General de Obras, forma parte del Presupuesto Participativo.<\/p>\n","protected":false},"author":7,"featured_media":4644,"comment_status":"open","ping_status":"open","sticky":false,"template":"","format":"standard","meta":{"footnotes":""},"categories":[3,1],"tags":[417,339,114,36,81,33],"class_list":["post-4391","post","type-post","status-publish","format-standard","has-post-thumbnail","hentry","category-multimedia","category-novedades","tag-barrio-insausti","tag-dgo","tag-idr","tag-intendencia","tag-obras","tag-rivera"],"_links":{"self":[{"href":"https:\/\/www.rivera.gub.uy\/portal\/wp-json\/wp\/v2\/posts\/4391","targetHints":{"allow":["GET"]}}],"collection":[{"href":"https:\/\/www.rivera.gub.uy\/portal\/wp-json\/wp\/v2\/posts"}],"about":[{"href":"https:\/\/www.rivera.gub.uy\/portal\/wp-json\/wp\/v2\/types\/post"}],"author":[{"embeddable":true,"href":"https:\/\/www.rivera.gub.uy\/portal\/wp-json\/wp\/v2\/users\/7"}],"replies":[{"embeddable":true,"href":"https:\/\/www.rivera.gub.uy\/portal\/wp-json\/wp\/v2\/comments?post=4391"}],"version-history":[{"count":6,"href":"https:\/\/www.rivera.gub.uy\/portal\/wp-json\/wp\/v2\/posts\/4391\/revisions"}],"predecessor-version":[{"id":4654,"href":"https:\/\/www.rivera.gub.uy\/portal\/wp-json\/wp\/v2\/posts\/4391\/revisions\/4654"}],"wp:featuredmedia":[{"embeddable":true,"href":"https:\/\/www.rivera.gub.uy\/portal\/wp-json\/wp\/v2\/media\/4644"}],"wp:attachment":[{"href":"https:\/\/www.rivera.gub.uy\/portal\/wp-json\/wp\/v2\/media?parent=4391"}],"wp:term":[{"taxonomy":"category","embeddable":true,"href":"https:\/\/www.rivera.gub.uy\/portal\/wp-json\/wp\/v2\/categories?post=4391"},{"taxonomy":"post_tag","embeddable":true,"href":"https:\/\/www.rivera.gub.uy\/portal\/wp-json\/wp\/v2\/tags?post=4391"}],"curies":[{"name":"wp","href":"https:\/\/api.w.org\/{rel}","templated":true}]}}