{"id":4429,"date":"2018-02-23T16:09:03","date_gmt":"2018-02-23T18:09:03","guid":{"rendered":"http:\/\/www.rivera.gub.uy\/portal\/?p=4429"},"modified":"2018-07-02T14:28:34","modified_gmt":"2018-07-02T17:28:34","slug":"espectaculo-se-trata-de-ti-el-mundo-del-reves","status":"publish","type":"post","link":"https:\/\/www.rivera.gub.uy\/portal\/espectaculo-se-trata-de-ti-el-mundo-del-reves\/","title":{"rendered":"Espect\u00e1culo: \u201cSe trata de ti, el Mundo del Rev\u00e9s\u201d"},"content":{"rendered":"<p>Se llev\u00f3 a cabo en la Casa de la Cultura, la conferencia de prensa en la cual se realiz\u00f3 presentaci\u00f3n oficial del espect\u00e1culo art\u00edstico-cultural, que se realizar\u00e1 el d\u00eda 3 de marzo a las 20:30 hs, en el Teatro Municipal de Rivera.<\/p>\n<p>El mismo cuenta con la organizaci\u00f3n de la Direcci\u00f3n General de Promoci\u00f3n y Acci\u00f3n Social, a trav\u00e9s de Divisi\u00f3n Cultura, con la realizaci\u00f3n de la Productora \u201c13 Producciones\u201d desde la capital del pa\u00eds.<!--more--><\/p>\n<p>Estuvieron presentes en mesa de conferencia los organizadores de dicha actividad, el Director de Promoci\u00f3n y Acci\u00f3n Social, Cr. Giovani Conti, Director de Divisi\u00f3n Cultura, \u00c1lex \u00c1lvez, Director de Gesti\u00f3n Territorial, Oscar Far\u00edas, Patricia Rodr\u00edguez y Marcio Sand\u00edn ONG \u201cTransforma\u201d, y por la ONG \u201cSol de Justicia\u201d de Montevideo, \u00c1ngela Barboza.<\/p>\n<p>El espect\u00e1culo \u201cSe trata de ti, el Mundo del Rev\u00e9s\u201d, est\u00e1 dirigido a todo p\u00fablico y el valor de la entrada ser\u00e1 de 120 pesos uruguayos.<\/p>\n<p>Aparte del espect\u00e1culo en el Teatro Municipal, se realizar\u00e1 un actividad social en el Centro Barrial Villa Sonia, que consta de una jornada de acciones destinadas para todos los ni\u00f1os de los barrios, Sonia, Bella Vista y La Humedad, en un fin de semana diferente.<\/p>\n<p>Las ONGs, brindar\u00e1n servicio odontol\u00f3gico, asistencia de peluquer\u00eda, juegos, y un taller sobre la problem\u00e1tica del abuso infantil, \u201cbrindando herramientas para que los chicos conozcan la situaci\u00f3n y puedan salir de eso, ofreciendo ayuda para los chicos\u201d, indic\u00f3 Patricia Rodr\u00edguez de la ONG \u201cTransforma\u201d.<\/p>\n<p>La representante de la ONG \u201cSol de Justicia\u201d, \u00c1ngela Barboza, manifest\u00f3 que \u201cRivera, es la primera ciudad del interior donde llega el espect\u00e1culo que dura una hora y media y tiene un mensaje de mejorar la sociedad a trav\u00e9s del amor y el perd\u00f3n. Queremos dejar una marca en esta sociedad y estamos muy motivados por eso\u201d.<\/p>\n<p>Asimismo el director de Promoci\u00f3n y Acci\u00f3n Social, Cr. Giovani Conti, afirm\u00f3 que esta actividad va muy de la mano a los prop\u00f3sitos de la Intendencia a trav\u00e9s de la Direcci\u00f3n donde se desarrolla un programa con Turismo, Cultura y Acci\u00f3n Social, que es la cercan\u00eda con los vecinos del barrio, tratando de rescatar valores \u201cque no queremos que se pierdan\u201d.<\/p>\n<p>&nbsp;<\/p>\n<div id='gallery-1' class='gallery galleryid-4429 gallery-columns-3 gallery-size-thumbnail'><figure class='gallery-item'>\n\t\t\t<div class='gallery-icon landscape'>\n\t\t\t\t<a href='https:\/\/www.rivera.gub.uy\/portal\/wp-content\/uploads\/2018\/02\/dgpas1.jpg'><img loading=\"lazy\" decoding=\"async\" width=\"144\" height=\"94\" src=\"https:\/\/www.rivera.gub.uy\/portal\/wp-content\/uploads\/2018\/02\/dgpas1-144x94.jpg\" class=\"attachment-thumbnail size-thumbnail\" alt=\"\" srcset=\"https:\/\/www.rivera.gub.uy\/portal\/wp-content\/uploads\/2018\/02\/dgpas1-144x94.jpg 144w, https:\/\/www.rivera.gub.uy\/portal\/wp-content\/uploads\/2018\/02\/dgpas1-288x188.jpg 288w, https:\/\/www.rivera.gub.uy\/portal\/wp-content\/uploads\/2018\/02\/dgpas1-768x501.jpg 768w, https:\/\/www.rivera.gub.uy\/portal\/wp-content\/uploads\/2018\/02\/dgpas1-959x626.jpg 959w, https:\/\/www.rivera.gub.uy\/portal\/wp-content\/uploads\/2018\/02\/dgpas1-820x535.jpg 820w\" sizes=\"auto, (max-width: 144px) 100vw, 144px\" \/><\/a>\n\t\t\t<\/div><\/figure><figure class='gallery-item'>\n\t\t\t<div class='gallery-icon landscape'>\n\t\t\t\t<a href='https:\/\/www.rivera.gub.uy\/portal\/wp-content\/uploads\/2018\/02\/dgpas2.jpg'><img loading=\"lazy\" decoding=\"async\" width=\"144\" height=\"94\" src=\"https:\/\/www.rivera.gub.uy\/portal\/wp-content\/uploads\/2018\/02\/dgpas2-144x94.jpg\" class=\"attachment-thumbnail size-thumbnail\" alt=\"\" srcset=\"https:\/\/www.rivera.gub.uy\/portal\/wp-content\/uploads\/2018\/02\/dgpas2-144x94.jpg 144w, https:\/\/www.rivera.gub.uy\/portal\/wp-content\/uploads\/2018\/02\/dgpas2-288x188.jpg 288w, https:\/\/www.rivera.gub.uy\/portal\/wp-content\/uploads\/2018\/02\/dgpas2-768x501.jpg 768w, https:\/\/www.rivera.gub.uy\/portal\/wp-content\/uploads\/2018\/02\/dgpas2-959x626.jpg 959w, https:\/\/www.rivera.gub.uy\/portal\/wp-content\/uploads\/2018\/02\/dgpas2-820x535.jpg 820w\" sizes=\"auto, (max-width: 144px) 100vw, 144px\" \/><\/a>\n\t\t\t<\/div><\/figure><figure class='gallery-item'>\n\t\t\t<div class='gallery-icon portrait'>\n\t\t\t\t<a href='https:\/\/www.rivera.gub.uy\/portal\/wp-content\/uploads\/2018\/02\/WhatsApp-Image-2018-02-20-at-11.00.36-AM.jpeg'><img loading=\"lazy\" decoding=\"async\" width=\"79\" height=\"94\" src=\"https:\/\/www.rivera.gub.uy\/portal\/wp-content\/uploads\/2018\/02\/WhatsApp-Image-2018-02-20-at-11.00.36-AM-79x94.jpeg\" class=\"attachment-thumbnail size-thumbnail\" alt=\"\" srcset=\"https:\/\/www.rivera.gub.uy\/portal\/wp-content\/uploads\/2018\/02\/WhatsApp-Image-2018-02-20-at-11.00.36-AM-79x94.jpeg 79w, https:\/\/www.rivera.gub.uy\/portal\/wp-content\/uploads\/2018\/02\/WhatsApp-Image-2018-02-20-at-11.00.36-AM-159x188.jpeg 159w, https:\/\/www.rivera.gub.uy\/portal\/wp-content\/uploads\/2018\/02\/WhatsApp-Image-2018-02-20-at-11.00.36-AM-768x909.jpeg 768w, https:\/\/www.rivera.gub.uy\/portal\/wp-content\/uploads\/2018\/02\/WhatsApp-Image-2018-02-20-at-11.00.36-AM-529x626.jpeg 529w, https:\/\/www.rivera.gub.uy\/portal\/wp-content\/uploads\/2018\/02\/WhatsApp-Image-2018-02-20-at-11.00.36-AM-820x970.jpeg 820w, https:\/\/www.rivera.gub.uy\/portal\/wp-content\/uploads\/2018\/02\/WhatsApp-Image-2018-02-20-at-11.00.36-AM.jpeg 1000w\" sizes=\"auto, (max-width: 79px) 100vw, 79px\" \/><\/a>\n\t\t\t<\/div><\/figure>\n\t\t<\/div>\n\n","protected":false},"excerpt":{"rendered":"<p>Se llev\u00f3 a cabo en la Casa de la Cultura, la conferencia de prensa en la cual se realiz\u00f3 presentaci\u00f3n oficial del espect\u00e1culo art\u00edstico-cultural, que se realizar\u00e1 el d\u00eda 3 de marzo a las 20:30 hs, en el Teatro Municipal de Rivera. El mismo cuenta con la organizaci\u00f3n de la Direcci\u00f3n General de Promoci\u00f3n y [&hellip;]<\/p>\n","protected":false},"author":7,"featured_media":4430,"comment_status":"open","ping_status":"open","sticky":false,"template":"","format":"standard","meta":{"footnotes":""},"categories":[1],"tags":[65,114,36,33,247],"class_list":["post-4429","post","type-post","status-publish","format-standard","has-post-thumbnail","hentry","category-novedades","tag-cultura","tag-idr","tag-intendencia","tag-rivera","tag-teatro"],"_links":{"self":[{"href":"https:\/\/www.rivera.gub.uy\/portal\/wp-json\/wp\/v2\/posts\/4429","targetHints":{"allow":["GET"]}}],"collection":[{"href":"https:\/\/www.rivera.gub.uy\/portal\/wp-json\/wp\/v2\/posts"}],"about":[{"href":"https:\/\/www.rivera.gub.uy\/portal\/wp-json\/wp\/v2\/types\/post"}],"author":[{"embeddable":true,"href":"https:\/\/www.rivera.gub.uy\/portal\/wp-json\/wp\/v2\/users\/7"}],"replies":[{"embeddable":true,"href":"https:\/\/www.rivera.gub.uy\/portal\/wp-json\/wp\/v2\/comments?post=4429"}],"version-history":[{"count":1,"href":"https:\/\/www.rivera.gub.uy\/portal\/wp-json\/wp\/v2\/posts\/4429\/revisions"}],"predecessor-version":[{"id":4433,"href":"https:\/\/www.rivera.gub.uy\/portal\/wp-json\/wp\/v2\/posts\/4429\/revisions\/4433"}],"wp:featuredmedia":[{"embeddable":true,"href":"https:\/\/www.rivera.gub.uy\/portal\/wp-json\/wp\/v2\/media\/4430"}],"wp:attachment":[{"href":"https:\/\/www.rivera.gub.uy\/portal\/wp-json\/wp\/v2\/media?parent=4429"}],"wp:term":[{"taxonomy":"category","embeddable":true,"href":"https:\/\/www.rivera.gub.uy\/portal\/wp-json\/wp\/v2\/categories?post=4429"},{"taxonomy":"post_tag","embeddable":true,"href":"https:\/\/www.rivera.gub.uy\/portal\/wp-json\/wp\/v2\/tags?post=4429"}],"curies":[{"name":"wp","href":"https:\/\/api.w.org\/{rel}","templated":true}]}}