{"id":44356,"date":"2023-06-20T11:52:52","date_gmt":"2023-06-20T14:52:52","guid":{"rendered":"https:\/\/www.rivera.gub.uy\/portal\/?p=44356"},"modified":"2023-06-20T11:54:53","modified_gmt":"2023-06-20T14:54:53","slug":"cultura-de-la-madera-en-su-segunda-instancia-en-sala-cultural","status":"publish","type":"post","link":"https:\/\/www.rivera.gub.uy\/portal\/cultura-de-la-madera-en-su-segunda-instancia-en-sala-cultural\/","title":{"rendered":"CULTURA DE LA MADERA EN SU SEGUNDA INSTANCIA EN SALA CULTURAL"},"content":{"rendered":"<p>La intendencia viene realizando en Sala Cultural de Antel, desde Divisi\u00f3n Cultura \/DGPAS, el Ciclo de Conferencias <strong>Cultura de la Madera<\/strong>, acompa\u00f1ado de muestras, exposiciones art\u00edsticas y recorridos ambientales, que ponen en valor este producto tan nuestro desde varias perspectivas.<!--more--><\/p>\n<p>De esta manera se llev\u00f3 a cabo el pasado viernes 16 de junio, la segunda instancia denominada <strong>\u201cLa madera: innovaci\u00f3n, tecnolog\u00edas y usos\u201d<\/strong> que cont\u00f3 con la participaci\u00f3n de los siguientes ponentes:<\/p>\n<ul>\n<li>Arq. Alejandro Ben\u00edtez, con un doctorado en tecnolog\u00eda de la madera. Usos de la Madera en la construcci\u00f3n.<\/li>\n<li>Ing. Industrial Julio Valbuena, Presidente de Wooding SRL. Present\u00f3 la historia del Proyecto Pueblo Madera<\/li>\n<li>Mag. Art. Santiago Dieste, con su muestra Brote de Furia, abord\u00f3 el tema: Tratamiento y usos de la madera en las artes pl\u00e1sticas.<br \/>\nModerador: Ing. Agr. Juan Pedro Posse<\/li>\n<\/ul>\n<p>La muestra <strong>Brote de Furia<\/strong> se puede disfrutar en el espacio principal de Sala Cultural de Antel hasta el 29 de junio.<\/p>\n<p>La tercera y \u00faltima instancia se realizar\u00e1 el pr\u00f3ximo viernes 30 de junio a partir de las 19.00 horas.<\/p>\n<p>&nbsp;<\/p>\n<p><iframe loading=\"lazy\" title=\"YouTube video player\" src=\"https:\/\/www.youtube.com\/embed\/Ntn0oxBzCz8\" width=\"560\" height=\"315\" frameborder=\"0\" allowfullscreen=\"allowfullscreen\"><\/iframe><\/p>\n","protected":false},"excerpt":{"rendered":"<p>La intendencia viene realizando en Sala Cultural de Antel, desde Divisi\u00f3n Cultura \/DGPAS, el Ciclo de Conferencias Cultura de la Madera, acompa\u00f1ado de muestras, exposiciones art\u00edsticas y recorridos ambientales, que ponen en valor este producto tan nuestro desde varias perspectivas.<\/p>\n","protected":false},"author":7,"featured_media":44359,"comment_status":"open","ping_status":"open","sticky":false,"template":"","format":"standard","meta":{"footnotes":""},"categories":[1],"tags":[],"class_list":["post-44356","post","type-post","status-publish","format-standard","has-post-thumbnail","hentry","category-novedades"],"_links":{"self":[{"href":"https:\/\/www.rivera.gub.uy\/portal\/wp-json\/wp\/v2\/posts\/44356","targetHints":{"allow":["GET"]}}],"collection":[{"href":"https:\/\/www.rivera.gub.uy\/portal\/wp-json\/wp\/v2\/posts"}],"about":[{"href":"https:\/\/www.rivera.gub.uy\/portal\/wp-json\/wp\/v2\/types\/post"}],"author":[{"embeddable":true,"href":"https:\/\/www.rivera.gub.uy\/portal\/wp-json\/wp\/v2\/users\/7"}],"replies":[{"embeddable":true,"href":"https:\/\/www.rivera.gub.uy\/portal\/wp-json\/wp\/v2\/comments?post=44356"}],"version-history":[{"count":6,"href":"https:\/\/www.rivera.gub.uy\/portal\/wp-json\/wp\/v2\/posts\/44356\/revisions"}],"predecessor-version":[{"id":44363,"href":"https:\/\/www.rivera.gub.uy\/portal\/wp-json\/wp\/v2\/posts\/44356\/revisions\/44363"}],"wp:featuredmedia":[{"embeddable":true,"href":"https:\/\/www.rivera.gub.uy\/portal\/wp-json\/wp\/v2\/media\/44359"}],"wp:attachment":[{"href":"https:\/\/www.rivera.gub.uy\/portal\/wp-json\/wp\/v2\/media?parent=44356"}],"wp:term":[{"taxonomy":"category","embeddable":true,"href":"https:\/\/www.rivera.gub.uy\/portal\/wp-json\/wp\/v2\/categories?post=44356"},{"taxonomy":"post_tag","embeddable":true,"href":"https:\/\/www.rivera.gub.uy\/portal\/wp-json\/wp\/v2\/tags?post=44356"}],"curies":[{"name":"wp","href":"https:\/\/api.w.org\/{rel}","templated":true}]}}