{"id":44373,"date":"2023-06-21T11:20:27","date_gmt":"2023-06-21T14:20:27","guid":{"rendered":"https:\/\/www.rivera.gub.uy\/portal\/?p=44373"},"modified":"2023-06-21T11:21:00","modified_gmt":"2023-06-21T14:21:00","slug":"ultimo-llamado-a-titulares-del-programa-oportunidad-laboral-fase-iv","status":"publish","type":"post","link":"https:\/\/www.rivera.gub.uy\/portal\/ultimo-llamado-a-titulares-del-programa-oportunidad-laboral-fase-iv\/","title":{"rendered":"\u00daltimo llamado a titulares del Programa Oportunidad Laboral Fase IV"},"content":{"rendered":"<p>Se hace p\u00fablico el listado de titulares sorteados para el programa de Oportunidad Laboral fase IV, que a\u00fan no se han presentado.<\/p>\n<p>Dichos titulares deber\u00e1n concurrir a la oficina de Recursos Humanos (Agraciada 570, piso -1 al fondo) de 08:15 a 15:00 horas, hasta el d\u00eda 23 de junio.<!--more--><\/p>\n<p>En caso de no concurrir quedar\u00e1n excluidos del Programa Oportunidad Laboral.<\/p>\n<p>Lista de sorteados, que deber\u00e1n presentarse antes del 23 de junio de 2023:<\/p>\n<ul>\n<li>4.300.064-1<\/li>\n<li>5.588.538-4<\/li>\n<li>4.381.958-3<\/li>\n<li>4.199.368-0<\/li>\n<li>4.924.941-7<\/li>\n<li>3.531.914-5<\/li>\n<li>3.655.233-2<\/li>\n<li>6.388.193-6<\/li>\n<li>5.513.179-3<\/li>\n<li>5.087.966-1<\/li>\n<li>5.374.564-5<\/li>\n<li>5.082.252-7<\/li>\n<li>5.441.178-6<\/li>\n<li>4.818.406-8<\/li>\n<li>5.097.632-6<\/li>\n<li>5.294.271-5<\/li>\n<li>5.082.483-2<\/li>\n<li>4.632.422-2<\/li>\n<li>5.387.386-4<\/li>\n<li>5.034.842-0<\/li>\n<li>4.140.365-5<\/li>\n<li>2.966.694-6<\/li>\n<li>2.842.236-3<\/li>\n<li>4.384.080-9<\/li>\n<li>3.434.717-3<\/li>\n<\/ul>\n","protected":false},"excerpt":{"rendered":"<p>Se hace p\u00fablico el listado de titulares sorteados para el programa de Oportunidad Laboral fase IV, que a\u00fan no se han presentado. Dichos titulares deber\u00e1n concurrir a la oficina de Recursos Humanos (Agraciada 570, piso -1 al fondo) de 08:15 a 15:00 horas, hasta el d\u00eda 23 de junio.<\/p>\n","protected":false},"author":7,"featured_media":44374,"comment_status":"open","ping_status":"open","sticky":false,"template":"","format":"standard","meta":{"footnotes":""},"categories":[1],"tags":[],"class_list":["post-44373","post","type-post","status-publish","format-standard","has-post-thumbnail","hentry","category-novedades"],"_links":{"self":[{"href":"https:\/\/www.rivera.gub.uy\/portal\/wp-json\/wp\/v2\/posts\/44373","targetHints":{"allow":["GET"]}}],"collection":[{"href":"https:\/\/www.rivera.gub.uy\/portal\/wp-json\/wp\/v2\/posts"}],"about":[{"href":"https:\/\/www.rivera.gub.uy\/portal\/wp-json\/wp\/v2\/types\/post"}],"author":[{"embeddable":true,"href":"https:\/\/www.rivera.gub.uy\/portal\/wp-json\/wp\/v2\/users\/7"}],"replies":[{"embeddable":true,"href":"https:\/\/www.rivera.gub.uy\/portal\/wp-json\/wp\/v2\/comments?post=44373"}],"version-history":[{"count":2,"href":"https:\/\/www.rivera.gub.uy\/portal\/wp-json\/wp\/v2\/posts\/44373\/revisions"}],"predecessor-version":[{"id":44376,"href":"https:\/\/www.rivera.gub.uy\/portal\/wp-json\/wp\/v2\/posts\/44373\/revisions\/44376"}],"wp:featuredmedia":[{"embeddable":true,"href":"https:\/\/www.rivera.gub.uy\/portal\/wp-json\/wp\/v2\/media\/44374"}],"wp:attachment":[{"href":"https:\/\/www.rivera.gub.uy\/portal\/wp-json\/wp\/v2\/media?parent=44373"}],"wp:term":[{"taxonomy":"category","embeddable":true,"href":"https:\/\/www.rivera.gub.uy\/portal\/wp-json\/wp\/v2\/categories?post=44373"},{"taxonomy":"post_tag","embeddable":true,"href":"https:\/\/www.rivera.gub.uy\/portal\/wp-json\/wp\/v2\/tags?post=44373"}],"curies":[{"name":"wp","href":"https:\/\/api.w.org\/{rel}","templated":true}]}}