{"id":44412,"date":"2023-06-26T09:21:21","date_gmt":"2023-06-26T12:21:21","guid":{"rendered":"https:\/\/www.rivera.gub.uy\/portal\/?p=44412"},"modified":"2023-06-27T09:32:26","modified_gmt":"2023-06-27T12:32:26","slug":"llamado-abierto-para-operador-social-licenciados-en-psicologia-y-o-licenciados-en-trabajo-social","status":"publish","type":"post","link":"https:\/\/www.rivera.gub.uy\/portal\/llamado-abierto-para-operador-social-licenciados-en-psicologia-y-o-licenciados-en-trabajo-social\/","title":{"rendered":"Llamado abierto para Operador Social (Licenciados en Psicolog\u00eda y\/o Licenciados en Trabajo Social)"},"content":{"rendered":"<p>Informaci\u00f3n General<\/p>\n<p>Llamado a cubrir dos vacantes para Operador Social (Licenciados en Psicolog\u00eda y\/o Licenciados en Trabajo Social) de la Universidad de la Rep\u00fablica, con experiencia acreditada en proyectos similares. Con el objetivo de la implementaci\u00f3n del proyecto de re-localizaci\u00f3n de los Asentamientos de L\u00ednea Divisoria y Cerro Caqueiro de la ciudad de Rivera, en el marco del convenio del Plan Avanzar IDR-MVOT.<!--more--><\/p>\n<p>Puestos en total: 2<\/p>\n<p>Per\u00edodo de inscripci\u00f3n: recepci\u00f3n de C.V a trav\u00e9s de la casilla de correo: <a href=\"mailto:curriculumvitae.idr@gmail.com\">curriculumvitae.idr@gmail.com<\/a> a partir del lunes 26 de Junio hasta el mi\u00e9rcoles 5 de Julio del 2023 (inclusive).<\/p>\n<p>Asunto del mail: \u201cOperador Social para U.V.U\u201d.<\/p>\n<p>Es obligatoria la lectura completa del TDR y documento adjunto.<\/p>\n<p>&nbsp;<\/p>\n<p>TDR (<a href=\"https:\/\/www.rivera.gub.uy\/portal\/wp-content\/uploads\/2023\/06\/TDR-Tecnico-Social-Ps.pdf\" target=\"_blank\" rel=\"noopener noreferrer\">descargar<\/a>)<\/p>\n<p>Documento (<a href=\"https:\/\/www.rivera.gub.uy\/portal\/wp-content\/uploads\/2023\/06\/Doc-Tecnico-social.pdf\" target=\"_blank\" rel=\"noopener noreferrer\">descargar<\/a>)<\/p>\n","protected":false},"excerpt":{"rendered":"<p>Informaci\u00f3n General Llamado a cubrir dos vacantes para Operador Social (Licenciados en Psicolog\u00eda y\/o Licenciados en Trabajo Social) de la Universidad de la Rep\u00fablica, con experiencia acreditada en proyectos similares. Con el objetivo de la implementaci\u00f3n del proyecto de re-localizaci\u00f3n de los Asentamientos de L\u00ednea Divisoria y Cerro Caqueiro de la ciudad de Rivera, en [&hellip;]<\/p>\n","protected":false},"author":7,"featured_media":32846,"comment_status":"open","ping_status":"open","sticky":false,"template":"","format":"standard","meta":{"footnotes":""},"categories":[8,1],"tags":[],"class_list":["post-44412","post","type-post","status-publish","format-standard","has-post-thumbnail","hentry","category-llamados-a-concursos","category-novedades"],"_links":{"self":[{"href":"https:\/\/www.rivera.gub.uy\/portal\/wp-json\/wp\/v2\/posts\/44412","targetHints":{"allow":["GET"]}}],"collection":[{"href":"https:\/\/www.rivera.gub.uy\/portal\/wp-json\/wp\/v2\/posts"}],"about":[{"href":"https:\/\/www.rivera.gub.uy\/portal\/wp-json\/wp\/v2\/types\/post"}],"author":[{"embeddable":true,"href":"https:\/\/www.rivera.gub.uy\/portal\/wp-json\/wp\/v2\/users\/7"}],"replies":[{"embeddable":true,"href":"https:\/\/www.rivera.gub.uy\/portal\/wp-json\/wp\/v2\/comments?post=44412"}],"version-history":[{"count":1,"href":"https:\/\/www.rivera.gub.uy\/portal\/wp-json\/wp\/v2\/posts\/44412\/revisions"}],"predecessor-version":[{"id":44416,"href":"https:\/\/www.rivera.gub.uy\/portal\/wp-json\/wp\/v2\/posts\/44412\/revisions\/44416"}],"wp:featuredmedia":[{"embeddable":true,"href":"https:\/\/www.rivera.gub.uy\/portal\/wp-json\/wp\/v2\/media\/32846"}],"wp:attachment":[{"href":"https:\/\/www.rivera.gub.uy\/portal\/wp-json\/wp\/v2\/media?parent=44412"}],"wp:term":[{"taxonomy":"category","embeddable":true,"href":"https:\/\/www.rivera.gub.uy\/portal\/wp-json\/wp\/v2\/categories?post=44412"},{"taxonomy":"post_tag","embeddable":true,"href":"https:\/\/www.rivera.gub.uy\/portal\/wp-json\/wp\/v2\/tags?post=44412"}],"curies":[{"name":"wp","href":"https:\/\/api.w.org\/{rel}","templated":true}]}}